{"id":264225,"date":"2021-05-24T12:06:42","date_gmt":"2021-05-24T15:06:42","guid":{"rendered":"https:\/\/www.cnbb.org.br\/?p=264225"},"modified":"2021-05-24T12:10:09","modified_gmt":"2021-05-24T15:10:09","slug":"em-carta-ao-papa-celam-compromete-se-a-assumir-a-sinodalidade-o-espirito-e-o-estilo-da-nossa-vida-eclesial-presente-e-futura","status":"publish","type":"post","link":"https:\/\/www.cnbb.org.br\/em-carta-ao-papa-celam-compromete-se-a-assumir-a-sinodalidade-o-espirito-e-o-estilo-da-nossa-vida-eclesial-presente-e-futura\/","title":{"rendered":"Em carta ao Papa, Celam compromete-se a assumir a sinodalidade, &#8220;o esp\u00edrito e o estilo da nossa vida eclesial presente e futura&#8221;"},"content":{"rendered":"<p style=\"font-weight: 400; text-align: justify;\">O Conselho Episcopal Latino-americano, que encerrou a sua 38\u00aa Assembleia Geral na sexta-feira, 21, escreveu tr\u00eas mensagens nas quais d\u00e1 a conhecer o que viveu durante quatro dias de reuni\u00e3o virtual. As mensagens s\u00e3o \u00e0s Confer\u00eancias Episcopais da Am\u00e9rica Latina e do Caribe, ao Povo de Deus e ao Papa Francisco.<\/p>\n<p style=\"font-weight: 400; text-align: justify;\">Ao Santo Padre, o Celam quer &#8220;apresentar a nova estrutura pastoral do Celam que aprovamos&#8221;, o fruto de dois anos de trabalho. Na sua mensagem, assinada pela presid\u00eancia do organismo, relaciona o contexto atual, &#8220;que exp\u00f5e a forte inequidade que o nosso continente est\u00e1 experimentando&#8221;, algo presente na vida dos pastores, que dizem &#8220;colocar um ouvido no grito da terra e o clamor dos pobres com a consci\u00eancia de que tudo est\u00e1 interligado, e o outro ouvido no Evangelho do Reino de Deus&#8221;.<\/p>\n<p style=\"font-weight: 400; text-align: justify;\">A carta reflete sobre a\u00a0l\u00f3gica do transbordamento, presente no pensamento do atual pont\u00edfice, algo que se manifesta na\u00a0sinodalidade que o Celam quer p\u00f4r em pr\u00e1tica, especialmente com a Assembleia Eclesial da Am\u00e9rica Latina e do Caribe, &#8220;um transbordamento mission\u00e1rio em sa\u00edda permanente&#8221;.<\/p>\n<p style=\"font-weight: 400; text-align: justify;\">Nesta din\u00e2mica sinodal, os bispos procuram &#8220;exercer um discernimento colegial e sinodal&#8221;, baseado na escuta da Palavra de Deus e do grito do povo. Tudo isto em busca de um horizonte que &#8220;inclui os\u00a0quatro sonhos\u00a0que o senhor quis despregar na exorta\u00e7\u00e3o apost\u00f3lica\u00a0Querida Amaz\u00f4nia&#8221;.<\/p>\n<p style=\"font-weight: 400; text-align: justify;\">Finalmente, agradecem ao Papa Francisco, &#8220;pelo seu\u00a0minist\u00e9rio\u00a0e pelo seu\u00a0magist\u00e9rio, particularmente neste tempo de pandemia que nos iluminou com o seu testemunho e a sua palavra&#8221;, a quem lhe asseguram as suas ora\u00e7\u00f5es e pedem a sua b\u00ean\u00e7\u00e3o paterna.<\/p>\n<p>Confira, abaixo, a carta na \u00edntegra:<\/p>\n<p>&nbsp;<\/p>\n<p style=\"font-weight: 400; text-align: center;\"><strong><em>CONSELHO EPISCOPAL LATINO-AMERICANO<\/em><\/strong><\/p>\n<p style=\"font-weight: 400; text-align: center;\"><strong><em>PRESID\u00caNCIA<\/em><\/strong><\/p>\n<p style=\"font-weight: 400; text-align: right;\"><em>&#8220;Somos todos disc\u00edpulos mission\u00e1rios em sa\u00edda&#8221;<\/em><\/p>\n<p style=\"font-weight: 400; text-align: right;\"><em>Bogot\u00e1, D.C., 21 de maio de 2021<\/em><\/p>\n<p style=\"font-weight: 400; text-align: right;\"><em>A Sua Santidade<\/em><\/p>\n<p style=\"font-weight: 400; text-align: justify;\"><em>FRANCISCO<\/em><\/p>\n<p style=\"font-weight: 400; text-align: justify;\"><em>Cidade do Vaticano<\/em><\/p>\n<p style=\"font-weight: 400; text-align: justify;\"><em>Santo Padre:<\/em><\/p>\n<p style=\"font-weight: 400; text-align: justify;\"><em>Na conclus\u00e3o desta 38\u00aa Assembleia Geral Ordin\u00e1ria do CELAM, que se realizou pela primeira vez presencialmente e virtualmente, gostar\u00edamos de vos apresentar a nova estrutura pastoral do CELAM que aprov\u00e1mos. N\u00f3s, os participantes, reconhecemos o imenso trabalho que tem sido feito durante dois anos sob a lideran\u00e7a da Presid\u00eancia para cumprir o mandato dado pela Assembleia de Honduras em 2019.<\/em><\/p>\n<p style=\"font-weight: 400; text-align: justify;\"><em>O nosso encontro teve lugar no contexto da pandemia da COVID-19, o que exp\u00f5e a forte inequidade que o nosso continente est\u00e1 experimentando e que a acentuou, como se pode ver na taxa de pobreza per capita, que cresceu 12%.<\/em><\/p>\n<p style=\"font-weight: 400; text-align: justify;\"><em>Como pastores do Povo de Deus, queremos colocar um ouvido no grito da terra e o clamor dos pobres com a consci\u00eancia de que tudo est\u00e1 interligado, e o outro ouvido no Evangelho do Reino de Deus com a esperan\u00e7a de sairmos desta crise juntos e melhores, animados pelas suas palavras: &#8220;estamos todos na mesma barca&#8221;, &#8220;ningu\u00e9m se salva sozinho&#8221;.<\/em><\/p>\n<p style=\"font-weight: 400; text-align: justify;\"><em>Ao contemplarmos a situa\u00e7\u00e3o dos nossos povos, confirmamos a experi\u00eancia de que a realidade nos transborda e os desafios vencem-nos, mas confiamos que Deus nos surpreende, renova, fortalece e inspira-nos a transbordar de criatividade pastoral. Desejamos seguir a &#8220;l\u00f3gica do transbordamento&#8221; que o senhor nos prop\u00f5e (cf. QA 104-105).<\/em><\/p>\n<p style=\"font-weight: 400; text-align: justify;\"><em>O transbordamento \u00e9 uma novidade do Esp\u00edrito Santo que abre a possibilidade de uma supera\u00e7\u00e3o criativa dos conflitos e das polaridades. O senhor quis promover este tipo de &#8220;transbordamentos&#8221; dentro da Igreja, reavivando a antiga pr\u00e1tica da sinodalidade. A a\u00e7\u00e3o discreta e harmoniosa do Esp\u00edrito ultrapassa os nossos horizontes limitados e abre-nos ao excesso do amor gratuito de Deus, \u00e0 sabedoria da cruz pascal, e ao dom da vida abundante para todos (cf. Jo 10:10) e leva-nos a um transbordamento mission\u00e1rio em sa\u00edda permanente.<\/em><\/p>\n<p style=\"font-weight: 400; text-align: justify;\"><em>Partilhamos o nosso apoio esperan\u00e7oso \u00e0 primeira Assembleia Eclesial da Am\u00e9rica Latina e do Caribe: Aparecida, &#8220;Mem\u00f3ria e Desafios&#8221;; com a participa\u00e7\u00e3o de todos os setores do Povo de Deus, j\u00e1 lan\u00e7ada em janeiro passado, e que se encontra atualmente no processo de escuta. Percorremos este caminho como uma aprendizagem na pr\u00e1tica da sinodalidade, que deve ser o talante e o estilo da nossa vida eclesial presente e futura.<\/em><\/p>\n<p style=\"font-weight: 400; text-align: justify;\"><em>Na comunh\u00e3o do Esp\u00edrito, procuramos exercer um discernimento colegial e sinodal atrav\u00e9s a escuta atenta aos &#8220;gemidos inexprim\u00edveis&#8221; do Esp\u00edrito Santo (cf. Rom 8,26) e dos clamores do Povo de Deus. Como disc\u00edpulos mission\u00e1rios estamos tentando escutar a Palavra de Deus, para sentir o clamor dos povos e ouvir os nossos irm\u00e3os e irm\u00e3s para respirar nas suas vozes a vontade de Deus que nos ama e nos chama (cf. Ap. 366, 454).<\/em><\/p>\n<p style=\"font-weight: 400; text-align: justify;\"><em>O horizonte que propusemos a n\u00f3s pr\u00f3prios inclui os quatro sonhos que o senhor quis despregar na exorta\u00e7\u00e3o apost\u00f3lica Querida Amaz\u00f4nia. Queremos ser uma Igreja que: anima o continente a lutar pelos direitos dos mais pobres e por uma sociedade mais justa (sonho social); preserva o seu patrim\u00f3nio cultural num di\u00e1logo intercultural (sonho cultural); custodia sua beleza natural e o valor da vida (sonho ecol\u00f3gico); uma Igreja com comunidades crist\u00e3s capazes de lhe dar um rosto latino-americano e caribenho que d\u00ea um testemunho claro do Senhor Ressuscitado (sonho eclesial).<\/em><\/p>\n<p style=\"font-weight: 400; text-align: justify;\"><em>Agradecemos-lhe pelo seu minist\u00e9rio e pelo seu magist\u00e9rio, particularmente neste tempo de pandemia que nos iluminou com o seu testemunho e a sua palavra.<\/em><\/p>\n<p style=\"font-weight: 400; text-align: justify;\"><em>Juntamente consigo, unimo-nos em ora\u00e7\u00e3o por tantos homens e mulheres que est\u00e3o sofrendo a doen\u00e7a e confi\u00e1-los \u00e0 M\u00e3e de Miseric\u00f3rdia, e para aqueles que perderam entes queridos, com os quais nos unimos na comunh\u00e3o dos santos.<\/em><\/p>\n<p style=\"font-weight: 400; text-align: justify;\"><em>Asseguramos-lhe as nossas ora\u00e7\u00f5es por si e pedimos a sua b\u00ean\u00e7\u00e3o paterna.<\/em><\/p>\n<p style=\"font-weight: 400; text-align: justify;\"><em>\u00a0<\/em><\/p>\n<p style=\"font-weight: 400; text-align: center;\"><strong><em>Dom Cabrejos Vidarte, O.F.M.<\/em><\/strong><\/p>\n<p style=\"font-weight: 400; text-align: center;\"><em>Arcebispo de Trujillo, Peru<\/em><\/p>\n<p style=\"font-weight: 400; text-align: center;\"><em>Presidente<\/em><\/p>\n<p style=\"font-weight: 400; text-align: center;\"><strong><em>Card. Odilo Pedro Scherer<\/em><\/strong><\/p>\n<p style=\"font-weight: 400; text-align: center;\"><em>Arcebispo de S\u00e3o Paulo, Brasil<\/em><\/p>\n<p style=\"font-weight: 400; text-align: center;\"><em>Primeiro Vice-Presidente<\/em><em>\u00a0<\/em><\/p>\n<p style=\"font-weight: 400; text-align: center;\"><strong><em>Card. Leopoldo Jos\u00e9 Brenes Sol\u00f3rzano<\/em><\/strong><\/p>\n<p style=\"font-weight: 400; text-align: center;\"><em>Arcebispo de Man\u00e1gua, Nicar\u00e1gua<\/em><\/p>\n<p style=\"font-weight: 400; text-align: center;\"><em>Segundo Vice-Presidente<\/em><\/p>\n<p style=\"font-weight: 400; text-align: center;\"><strong><em>Arcebispo Rogelio Cabrera L\u00f3pez<\/em><\/strong><\/p>\n<p style=\"font-weight: 400; text-align: center;\"><em>Arcebispo de Monterrey, M\u00e9xico<\/em><\/p>\n<p style=\"font-weight: 400; text-align: center;\"><em>Presidente do Conselho para os Assuntos Econ\u00f3micos<\/em><em>\u00a0<\/em><\/p>\n<p style=\"font-weight: 400; text-align: center;\"><strong><em>Arcebispo Jorge Eduardo Lozano<\/em><\/strong><\/p>\n<p style=\"font-weight: 400; text-align: center;\"><em>Arcebispo de San Juan de Cuyo, Argentina<\/em><\/p>\n<p style=\"font-weight: 400; text-align: center;\"><em>Secret\u00e1rio-Geral<\/em><\/p>\n","protected":false},"excerpt":{"rendered":"<p>A carta reflete sobre a\u00a0l\u00f3gica do transbordamento, presente no pensamento do atual pont\u00edfice, algo que se manifesta na\u00a0sinodalidade que o Celam quer p\u00f4r em pr\u00e1tica, especialmente com a Assembleia Eclesial da Am\u00e9rica Latina e do Caribe, &#8220;um transbordamento mission\u00e1rio em sa\u00edda permanente&#8221;<\/p>\n","protected":false},"author":83,"featured_media":264227,"comment_status":"open","ping_status":"open","sticky":false,"template":"","format":"standard","meta":{"site-sidebar-layout":"default","site-content-layout":"default","ast-global-header-display":"","ast-banner-title-visibility":"","ast-main-header-display":"","ast-hfb-above-header-display":"","ast-hfb-below-header-display":"","ast-hfb-mobile-header-display":"","site-post-title":"","ast-breadcrumbs-content":"","ast-featured-img":"","footer-sml-layout":"","theme-transparent-header-meta":"default","adv-header-id-meta":"","stick-header-meta":"","header-above-stick-meta":"","header-main-stick-meta":"","header-below-stick-meta":""},"categories":[1294,50],"tags":[3637,2213,1199],"acf":[],"_links":{"self":[{"href":"https:\/\/www.cnbb.org.br\/cnbb-app\/wp\/v2\/posts\/264225"}],"collection":[{"href":"https:\/\/www.cnbb.org.br\/cnbb-app\/wp\/v2\/posts"}],"about":[{"href":"https:\/\/www.cnbb.org.br\/cnbb-app\/wp\/v2\/types\/post"}],"author":[{"embeddable":true,"href":"https:\/\/www.cnbb.org.br\/cnbb-app\/wp\/v2\/users\/83"}],"replies":[{"embeddable":true,"href":"https:\/\/www.cnbb.org.br\/cnbb-app\/wp\/v2\/comments?post=264225"}],"version-history":[{"count":0,"href":"https:\/\/www.cnbb.org.br\/cnbb-app\/wp\/v2\/posts\/264225\/revisions"}],"wp:featuredmedia":[{"embeddable":true,"href":"https:\/\/www.cnbb.org.br\/cnbb-app\/wp\/v2\/media\/264227"}],"wp:attachment":[{"href":"https:\/\/www.cnbb.org.br\/cnbb-app\/wp\/v2\/media?parent=264225"}],"wp:term":[{"taxonomy":"category","embeddable":true,"href":"https:\/\/www.cnbb.org.br\/cnbb-app\/wp\/v2\/categories?post=264225"},{"taxonomy":"post_tag","embeddable":true,"href":"https:\/\/www.cnbb.org.br\/cnbb-app\/wp\/v2\/tags?post=264225"}],"curies":[{"name":"wp","href":"https:\/\/api.w.org\/{rel}","templated":true}]}}