{"id":26427,"date":"2009-06-17T00:00:00","date_gmt":"2009-06-17T03:00:00","guid":{"rendered":"https:\/\/www.cnbb.org.br\/carta-do-papa-bento-xvi-por-ocasiao-da-abertura-do-ano-sacerdotal\/"},"modified":"2009-06-17T00:00:00","modified_gmt":"2009-06-17T03:00:00","slug":"carta-do-papa-bento-xvi-por-ocasiao-da-abertura-do-ano-sacerdotal","status":"publish","type":"post","link":"https:\/\/www.cnbb.org.br\/carta-do-papa-bento-xvi-por-ocasiao-da-abertura-do-ano-sacerdotal\/","title":{"rendered":"Carta do papa Bento XVI por ocasi\u00e3o da abertura do Ano Sacerdotal"},"content":{"rendered":"<p style=\"text-align: justify\">Na pr\u00f3xima solenidade do Sacrat\u00edssimo Cora\u00e7\u00e3o de Jesus, sexta\u2010feira 19 de Junho de 2009 \u2013 dia dedicado tradicionalmente \u00e0 ora\u00e7\u00e3o pela santifica\u00e7\u00e3o do clero \u2013 tenho em mente proclamar oficialmente um &#8220;Ano Sacerdotal&#8221; por ocasi\u00e3o do 150\u00ba anivers\u00e1rio do &#8220;dies natalis&#8221; de Jo\u00e3o Maria Vianney, o Santo Patrono de todos os p\u00e1rocos do mundo. Tal ano, que pretende contribuir para fomentar o empenho de renova\u00e7\u00e3o interior de todos os sacerdotes para um seu testemunho evang\u00e9lico mais vigoroso e incisivo, terminar\u00e1 na mesma solenidade, em 2010.<\/p>\n<p>  <!--more-->  <\/p>\n<p style=\"text-align: justify\">&#8220;O sacerd\u00f3cio \u00e9 o amor do Cora\u00e7\u00e3o de Jesus&#8221; costumava dizer o Santo Cura d&#8217;Ars. Essa tocante afirma\u00e7\u00e3o nos permite, antes de tudo, evocar com ternura e gratid\u00e3o, o dom imenso que s\u00e3o os sacerdotes, n\u00e3o s\u00f3 para a Igreja, mas tamb\u00e9m para a pr\u00f3pria humanidade. Penso em todos os presb\u00edteros que prop\u00f5em, humilde e quotidianamente, aos fi\u00e9is crist\u00e3os e ao mundo inteiro, as palavras e os gestos de Cristo, procurando aderir a Ele com os pensamentos, a vontade, os sentimentos e o estilo de toda a sua exist\u00eancia. Como n\u00e3o sublinhar suas fadigas apost\u00f3licas, seu servi\u00e7o incans\u00e1vel e escondido, sua caridade que, por tend\u00eancia, era universal? E o que dizer da fidelidade corajosa de tantos sacerdotes que \u2212 n\u00e3o obstante dificuldades e incompreens\u00f5es \u2212 continuam fi\u00e9is \u00e0 sua voca\u00e7\u00e3o: a de &#8220;amigos de Cristo&#8221;, por Ele de modo particular chamados, escolhidos e enviados?<\/p>\n<p style=\"text-align: justify\">Eu mesmo guardo ainda, no cora\u00e7\u00e3o, a recorda\u00e7\u00e3o do primeiro p\u00e1roco junto de quem exerci o meu minist\u00e9rio de jovem sacerdote: deixou\u2010me o exemplo de uma dedica\u00e7\u00e3o sem reservas ao pr\u00f3prio servi\u00e7o sacerdotal, a ponto de encontrar a morte durante o pr\u00f3prio ato de levar o vi\u00e1tico a um doente grave. Depois, revejo na mem\u00f3ria os inumer\u00e1veis irm\u00e3os que encontrei e encontro, inclusive durante as minhas viagens pastorais \u00e0s diversas na\u00e7\u00f5es, generosamente empenhados no exerc\u00edcio di\u00e1rio do seu minist\u00e9rio sacerdotal. Mas a express\u00e3o utilizada pelo Santo Cura d&#8217;Ars evoca tamb\u00e9m o Cora\u00e7\u00e3o traspassado de Cristo com a coroa de espinhos que O envolve. E isso leva o pensamento a se deter nas inumer\u00e1veis situa\u00e7\u00f5es de sofrimento em que se encontram imersos muitos sacerdotes, ou porque participantes da experi\u00eancia humana da dor na multiplicidade das suas manifesta\u00e7\u00f5es, ou porque incompreendidos pelos pr\u00f3prios destinat\u00e1rios do seu minist\u00e9rio: como n\u00e3o recordar os tantos sacerdotes ofendidos na sua dignidade, impedidos na sua miss\u00e3o e, \u00e0s vezes, mesmo perseguidos at\u00e9 ao supremo testemunho do sangue?<\/p>\n<p style=\"text-align: justify\">Infelizmente, existem tamb\u00e9m situa\u00e7\u00f5es, nunca suficientemente deploradas, em que \u00e9 a pr\u00f3pria Igreja a sofrer pela infidelidade de alguns dos seus ministros. Da\u00ed adv\u00e9m, ent\u00e3o, para o mundo, motivo de esc\u00e2ndalo e de repulsa. O m\u00e1ximo que a Igreja pode extrair de tais casos, n\u00e3o \u00e9 o relevar acintosamente as fraquezas dos seus ministros, quanto tomar uma renovada e consoladora consci\u00eancia da grandeza do dom de Deus, concretizado em figuras espl\u00eandidas de generosos pastores, de religiosos inflamados de amor por Deus e pelas almas, de diretores espirituais esclarecidos e pacientes.<\/p>\n<h4 style=\"text-align: justify\"><a href=\"http:\/\/cnbbjoomla.sitesparresia.com\/wp-content\/uploads\/sites\/85\/2009\/06\/files_4a3a9ad85c9ce.pdf\" target=\"_blank\" rel=\"noopener\">Confira a carta do papa na \u00edntegra.<\/a><\/h4>\n","protected":false},"excerpt":{"rendered":"<p>Na pr\u00f3xima solenidade do Sacrat\u00edssimo Cora\u00e7\u00e3o de Jesus, sexta\u2010feira 19 de Junho de 2009 \u2013 dia dedicado tradicionalmente \u00e0 ora\u00e7\u00e3o pela santifica\u00e7\u00e3o do clero \u2013 tenho em mente proclamar oficialmente um &#8220;Ano Sacerdotal&#8221; por ocasi\u00e3o do 150\u00ba anivers\u00e1rio do &#8220;dies natalis&#8221; de Jo\u00e3o Maria Vianney, o Santo Patrono de todos os p\u00e1rocos do mundo. Tal &hellip;<\/p>\n<p class=\"read-more\"> <a class=\"\" href=\"https:\/\/www.cnbb.org.br\/carta-do-papa-bento-xvi-por-ocasiao-da-abertura-do-ano-sacerdotal\/\"> <span class=\"screen-reader-text\">Carta do papa Bento XVI por ocasi\u00e3o da abertura do Ano Sacerdotal<\/span> Leia mais &raquo;<\/a><\/p>\n","protected":false},"author":83,"featured_media":0,"comment_status":"open","ping_status":"open","sticky":false,"template":"","format":"standard","meta":{"site-sidebar-layout":"default","site-content-layout":"default","ast-global-header-display":"","ast-banner-title-visibility":"","ast-main-header-display":"","ast-hfb-above-header-display":"","ast-hfb-below-header-display":"","ast-hfb-mobile-header-display":"","site-post-title":"","ast-breadcrumbs-content":"","ast-featured-img":"","footer-sml-layout":"","theme-transparent-header-meta":"","adv-header-id-meta":"","stick-header-meta":"","header-above-stick-meta":"","header-main-stick-meta":"","header-below-stick-meta":""},"categories":[784],"tags":[],"acf":[],"_links":{"self":[{"href":"https:\/\/www.cnbb.org.br\/cnbb-app\/wp\/v2\/posts\/26427"}],"collection":[{"href":"https:\/\/www.cnbb.org.br\/cnbb-app\/wp\/v2\/posts"}],"about":[{"href":"https:\/\/www.cnbb.org.br\/cnbb-app\/wp\/v2\/types\/post"}],"author":[{"embeddable":true,"href":"https:\/\/www.cnbb.org.br\/cnbb-app\/wp\/v2\/users\/83"}],"replies":[{"embeddable":true,"href":"https:\/\/www.cnbb.org.br\/cnbb-app\/wp\/v2\/comments?post=26427"}],"version-history":[{"count":0,"href":"https:\/\/www.cnbb.org.br\/cnbb-app\/wp\/v2\/posts\/26427\/revisions"}],"wp:attachment":[{"href":"https:\/\/www.cnbb.org.br\/cnbb-app\/wp\/v2\/media?parent=26427"}],"wp:term":[{"taxonomy":"category","embeddable":true,"href":"https:\/\/www.cnbb.org.br\/cnbb-app\/wp\/v2\/categories?post=26427"},{"taxonomy":"post_tag","embeddable":true,"href":"https:\/\/www.cnbb.org.br\/cnbb-app\/wp\/v2\/tags?post=26427"}],"curies":[{"name":"wp","href":"https:\/\/api.w.org\/{rel}","templated":true}]}}