{"id":26431,"date":"2009-03-18T00:00:00","date_gmt":"2009-03-18T03:00:00","guid":{"rendered":"https:\/\/www.cnbb.org.br\/papa-convoca-um-ano-sacerdotal\/"},"modified":"2009-03-18T00:00:00","modified_gmt":"2009-03-18T03:00:00","slug":"papa-convoca-um-ano-sacerdotal","status":"publish","type":"post","link":"https:\/\/www.cnbb.org.br\/papa-convoca-um-ano-sacerdotal\/","title":{"rendered":"Papa convoca um Ano Sacerdotal"},"content":{"rendered":"<p style=\"text-align: justify\">O Papa Bento XVI, durante a audi\u00eancia concedida aos participantes da Plen\u00e1ria da Congrega\u00e7\u00e3o para o Clero, quinta-feira, 16, convocou um Ano Sacerdotal, por ocasi\u00e3o do 150\u00ba anivers\u00e1rio da morte do Santo Cura de Ars, a quem proclamar\u00e1 como padroeiro de todos os sacerdotes do mundo. A abertura do Ano Jubilar Sacerdotal ser\u00e1 no pr\u00f3ximo m\u00eas de junho, dia 19, festa do Sagrado Cora\u00e7\u00e3o de Jesus, dia de ora\u00e7\u00e3o pela santifica\u00e7\u00e3o do Clero. O encerramento do ano ser\u00e1 no Encontro Mundial Sacerdotal, na pra\u00e7a de S\u00e3o Pedro, em Roma, em junho de 2010.<\/p>\n<p>  <!--more-->  <\/p>\n<p style=\"text-align: justify\">Com o tema: \u201cFidelidade de Cristo, fidelidade do sacerdote\u201d, o Papa quer promover a espiritualidade sacerdotal e ajudar os sacerdotes a perceber cada vez mais a import\u00e2ncia do seu papel e de sua miss\u00e3o na Igreja e na sociedade contempor\u00e2nea.<\/p>\n<p style=\"text-align: justify\">Durante este ano sacerdotal dever\u00e1 ser publicado um Diret\u00f3rio para os confessores e diretores espirituais, bem como um resgate dos textos do Sumo Pont\u00edfice Bento XVI, sobre a vida e o minist\u00e9rio dos presb\u00edteros numa perspectiva mission\u00e1ria.<\/p>\n","protected":false},"excerpt":{"rendered":"<p>O Papa Bento XVI, durante a audi\u00eancia concedida aos participantes da Plen\u00e1ria da Congrega\u00e7\u00e3o para o Clero, quinta-feira, 16, convocou um Ano Sacerdotal, por ocasi\u00e3o do 150\u00ba anivers\u00e1rio da morte do Santo Cura de Ars, a quem proclamar\u00e1 como padroeiro de todos os sacerdotes do mundo. A abertura do Ano Jubilar Sacerdotal ser\u00e1 no pr\u00f3ximo &hellip;<\/p>\n<p class=\"read-more\"> <a class=\"\" href=\"https:\/\/www.cnbb.org.br\/papa-convoca-um-ano-sacerdotal\/\"> <span class=\"screen-reader-text\">Papa convoca um Ano Sacerdotal<\/span> Leia mais &raquo;<\/a><\/p>\n","protected":false},"author":83,"featured_media":0,"comment_status":"open","ping_status":"open","sticky":false,"template":"","format":"standard","meta":{"site-sidebar-layout":"default","site-content-layout":"default","ast-global-header-display":"","ast-banner-title-visibility":"","ast-main-header-display":"","ast-hfb-above-header-display":"","ast-hfb-below-header-display":"","ast-hfb-mobile-header-display":"","site-post-title":"","ast-breadcrumbs-content":"","ast-featured-img":"","footer-sml-layout":"","theme-transparent-header-meta":"","adv-header-id-meta":"","stick-header-meta":"","header-above-stick-meta":"","header-main-stick-meta":"","header-below-stick-meta":""},"categories":[784],"tags":[],"acf":[],"_links":{"self":[{"href":"https:\/\/www.cnbb.org.br\/cnbb-app\/wp\/v2\/posts\/26431"}],"collection":[{"href":"https:\/\/www.cnbb.org.br\/cnbb-app\/wp\/v2\/posts"}],"about":[{"href":"https:\/\/www.cnbb.org.br\/cnbb-app\/wp\/v2\/types\/post"}],"author":[{"embeddable":true,"href":"https:\/\/www.cnbb.org.br\/cnbb-app\/wp\/v2\/users\/83"}],"replies":[{"embeddable":true,"href":"https:\/\/www.cnbb.org.br\/cnbb-app\/wp\/v2\/comments?post=26431"}],"version-history":[{"count":0,"href":"https:\/\/www.cnbb.org.br\/cnbb-app\/wp\/v2\/posts\/26431\/revisions"}],"wp:attachment":[{"href":"https:\/\/www.cnbb.org.br\/cnbb-app\/wp\/v2\/media?parent=26431"}],"wp:term":[{"taxonomy":"category","embeddable":true,"href":"https:\/\/www.cnbb.org.br\/cnbb-app\/wp\/v2\/categories?post=26431"},{"taxonomy":"post_tag","embeddable":true,"href":"https:\/\/www.cnbb.org.br\/cnbb-app\/wp\/v2\/tags?post=26431"}],"curies":[{"name":"wp","href":"https:\/\/api.w.org\/{rel}","templated":true}]}}