{"id":264320,"date":"2021-05-26T10:40:55","date_gmt":"2021-05-26T13:40:55","guid":{"rendered":"https:\/\/www.cnbb.org.br\/?p=264320"},"modified":"2021-05-26T16:12:24","modified_gmt":"2021-05-26T19:12:24","slug":"secretario-geral-da-cnbb-celebra-neste-domingo-30-missa-da-9a-jornada-nacional-da-infancia-e-adolescencia-missionaria-iam-com-transmissao-pela-tv","status":"publish","type":"post","link":"https:\/\/www.cnbb.org.br\/secretario-geral-da-cnbb-celebra-neste-domingo-30-missa-da-9a-jornada-nacional-da-infancia-e-adolescencia-missionaria-iam-com-transmissao-pela-tv\/","title":{"rendered":"Secret\u00e1rio-geral da CNBB celebra, neste domingo (30), missa da 9\u00aa Jornada Nacional da Inf\u00e2ncia e Adolesc\u00eancia Mission\u00e1ria (IAM)"},"content":{"rendered":"<p style=\"text-align: justify;\">No pr\u00f3ximo domingo, 30 de maio, \u00e0s 11h, o bispo auxiliar da arquidiocese do Rio de Janeiro e secret\u00e1rio-geral da Confer\u00eancia Nacional dos Bispos do Brasil (CNBB) vai presidir a Santa Missa da 9\u00aa Jornada Nacional da Inf\u00e2ncia e Adolesc\u00eancia Mission\u00e1ria (IAM).<\/p>\n<p style=\"text-align: justify;\"><img decoding=\"async\" loading=\"lazy\" class=\" wp-image-264322 alignleft\" src=\"https:\/\/www.cnbb.org.br\/wp-content\/uploads\/2021\/05\/Cartaz-IAM-576x1024.jpg\" alt=\"\" width=\"232\" height=\"412\" srcset=\"https:\/\/www.cnbb.org.br\/wp-content\/uploads\/2021\/05\/Cartaz-IAM-576x1024.jpg 576w, https:\/\/www.cnbb.org.br\/wp-content\/uploads\/2021\/05\/Cartaz-IAM-169x300.jpg 169w, https:\/\/www.cnbb.org.br\/wp-content\/uploads\/2021\/05\/Cartaz-IAM-500x889.jpg 500w, https:\/\/www.cnbb.org.br\/wp-content\/uploads\/2021\/05\/Cartaz-IAM.jpg 608w\" sizes=\"(max-width: 232px) 100vw, 232px\" \/>Este ano, a jornada quer vivificar o ardor mission\u00e1rio e amor pela obra, que completa 178 anos de exist\u00eancia, como o tema \u201cTestemunhar o amor \u00e9 nossa miss\u00e3o\u201d e o lema \u201cO que vimos e ouvimos n\u00f3s vos anunciamos\u201d (1 Jo 1,3).<\/p>\n<p style=\"text-align: justify;\">De acordo com as POM, a celebra\u00e7\u00e3o da Jornada \u00e9 permanente na agenda anual da IAM no Brasil e acontece sempre no \u00faltimo domingo do m\u00eas de maio. Neste dia, as crian\u00e7as e adolescentes fazem a renova\u00e7\u00e3o de sua consagra\u00e7\u00e3o \u00e0 Obra, que tem como carisma principal a ora\u00e7\u00e3o e o sacrif\u00edcio, ajudando outras crian\u00e7as e adolescentes do mundo todo. Ainda segundo as POM, celebrar esta Jornada \u00e9 um convite a fazer ressoar no mundo inteiro a mensagem anunciada por Jesus e seus disc\u00edpulos-mission\u00e1rios e traduzir em atitudes concretas os gestos de amor.<\/p>\n<p style=\"text-align: justify;\">Durante a celebra\u00e7\u00e3o da Jornada Nacional, segundo a IAM, as crian\u00e7as, adolescentes e assessores ofertam o &#8220;cofrinho mission\u00e1rio&#8221;, sua contribui\u00e7\u00e3o e compromisso para tornar Jesus conhecido e amado atrav\u00e9s de um gesto concreto, colaborando com a miss\u00e3o no mundo.<\/p>\n<p style=\"text-align: justify;\">Al\u00e9m disso, de acordo com a IAM, a jornada faz contemplar no outro o que ele tem de mais belo, a semelhan\u00e7a de um Deus encarnado, presente em tantos irm\u00e3os, alguns invis\u00edveis na sociedade. Um Deus que faz compreender o verdadeiro sentido do amor-doa\u00e7\u00e3o, que se d\u00e1 sem reservas e sem pretens\u00f5es.<\/p>\n<p style=\"text-align: justify;\">A celebra\u00e7\u00e3o ser\u00e1 transmitida, \u00e0s 11h, pela Rede Vida de Televis\u00e3o e redes sociais das Pontif\u00edcias Obras Missionarias (POM).<\/p>\n<p style=\"text-align: justify;\"><strong>Acesse <a href=\"https:\/\/www.pom.org.br\/infancia-e-adolescencia-missionaria-lanca-a-9a-jornada-nacional\/\" target=\"_blank\" rel=\"noopener\">aqui o site das POM<\/a> para baixar os materiais e subs\u00eddios<\/strong><\/p>\n<pre><strong><em>Com informa\u00e7\u00f5es das Pontif\u00edcias Obras Mission\u00e1rias (POM)<\/em><\/strong><\/pre>\n<p style=\"text-align: justify;\">\n","protected":false},"excerpt":{"rendered":"<p>Dom Joel Portella Amado vai presidir a celebra\u00e7\u00e3o direto da sede das Pontif\u00edcias Obras Mission\u00e1rias (POM), em Bras\u00edlia, \u00e0s 11h. Este ano, a jornada que vivifica o ardor mission\u00e1rio e amor pela obra completa 178 anos de exist\u00eancia como o tema: \u201cTestemunhar o amor \u00e9 nossa miss\u00e3o\u201d. Haver\u00e1 transmiss\u00e3o pela Rede Vida de Televis\u00e3o e redes sociais das POM<\/p>\n","protected":false},"author":83,"featured_media":264332,"comment_status":"open","ping_status":"open","sticky":false,"template":"","format":"standard","meta":{"site-sidebar-layout":"default","site-content-layout":"default","ast-global-header-display":"","ast-banner-title-visibility":"","ast-main-header-display":"","ast-hfb-above-header-display":"","ast-hfb-below-header-display":"","ast-hfb-mobile-header-display":"","site-post-title":"","ast-breadcrumbs-content":"","ast-featured-img":"","footer-sml-layout":"","theme-transparent-header-meta":"default","adv-header-id-meta":"","stick-header-meta":"","header-above-stick-meta":"","header-main-stick-meta":"","header-below-stick-meta":""},"categories":[50,826],"tags":[3669,2862,3670,1922],"acf":[],"_links":{"self":[{"href":"https:\/\/www.cnbb.org.br\/cnbb-app\/wp\/v2\/posts\/264320"}],"collection":[{"href":"https:\/\/www.cnbb.org.br\/cnbb-app\/wp\/v2\/posts"}],"about":[{"href":"https:\/\/www.cnbb.org.br\/cnbb-app\/wp\/v2\/types\/post"}],"author":[{"embeddable":true,"href":"https:\/\/www.cnbb.org.br\/cnbb-app\/wp\/v2\/users\/83"}],"replies":[{"embeddable":true,"href":"https:\/\/www.cnbb.org.br\/cnbb-app\/wp\/v2\/comments?post=264320"}],"version-history":[{"count":0,"href":"https:\/\/www.cnbb.org.br\/cnbb-app\/wp\/v2\/posts\/264320\/revisions"}],"wp:featuredmedia":[{"embeddable":true,"href":"https:\/\/www.cnbb.org.br\/cnbb-app\/wp\/v2\/media\/264332"}],"wp:attachment":[{"href":"https:\/\/www.cnbb.org.br\/cnbb-app\/wp\/v2\/media?parent=264320"}],"wp:term":[{"taxonomy":"category","embeddable":true,"href":"https:\/\/www.cnbb.org.br\/cnbb-app\/wp\/v2\/categories?post=264320"},{"taxonomy":"post_tag","embeddable":true,"href":"https:\/\/www.cnbb.org.br\/cnbb-app\/wp\/v2\/tags?post=264320"}],"curies":[{"name":"wp","href":"https:\/\/api.w.org\/{rel}","templated":true}]}}