{"id":264371,"date":"2021-05-26T17:15:52","date_gmt":"2021-05-26T20:15:52","guid":{"rendered":"https:\/\/www.cnbb.org.br\/?p=264371"},"modified":"2021-05-27T13:19:23","modified_gmt":"2021-05-27T16:19:23","slug":"conselho-episcopal-pastoral-vota-cartaz-da-cf-2022-e-aprova-formacao-sobre-lgpd","status":"publish","type":"post","link":"https:\/\/www.cnbb.org.br\/conselho-episcopal-pastoral-vota-cartaz-da-cf-2022-e-aprova-formacao-sobre-lgpd\/","title":{"rendered":"Conselho Episcopal Pastoral vota cartaz da CF 2022 e aprova forma\u00e7\u00e3o sobre LGPD"},"content":{"rendered":"<p style=\"text-align: justify;\">Na parte da tarde desta quarta-feira, 26 de maio, o Conselho Episcopal Pastoral (Consep) da Confer\u00eancia Nacional dos Bispos do Brasil (CNBB) continuou sua reuni\u00e3o apresentando uma an\u00e1lise de conjuntura eclesial.<\/p>\n<p style=\"text-align: justify;\">A an\u00e1lise \u00e9 feita por um grupo espec\u00edfico, que foi institu\u00eddo em agosto de 2019, para este fim. O texto aborda diferentes aspectos da realidade brasileira como o contexto da pandemia da Covid-19 e a democracia brasileira em tempos de crise.<\/p>\n<p style=\"text-align: justify;\">Na an\u00e1lise desta tarde, apresentada por dom Francisco Lima Duarte, membro do grupo interdisciplinar de an\u00e1lise de conjuntura da CNBB, foram feitas considera\u00e7\u00f5es sobre as a\u00e7\u00f5es do governo brasileiro para o enfrentamento da crise pand\u00eamica. O grupo avaliou os cortes feitos nas \u00e1reas de educa\u00e7\u00e3o, assist\u00eancia a popula\u00e7\u00f5es vulner\u00e1veis (como os ribeirinhos) e os servi\u00e7os p\u00fablicos no Brasil.<\/p>\n<p style=\"text-align: justify;\">O grupo ponderou que a desigualdade social se aprofundou durante a pandemia. \u201cA popula\u00e7\u00e3o passa por momentos dram\u00e1ticos\u201d. A\u00a0 quest\u00e3o ambiental no Brasil tamb\u00e9m foi citada como um problema pelo grupo.<\/p>\n<p style=\"text-align: justify;\"><img decoding=\"async\" loading=\"lazy\" class=\" wp-image-264375 alignright\" src=\"https:\/\/www.cnbb.org.br\/wp-content\/uploads\/2021\/05\/Consep5.jpg\" alt=\"\" width=\"407\" height=\"394\" srcset=\"https:\/\/www.cnbb.org.br\/wp-content\/uploads\/2021\/05\/Consep5.jpg 489w, https:\/\/www.cnbb.org.br\/wp-content\/uploads\/2021\/05\/Consep5-300x290.jpg 300w\" sizes=\"(max-width: 407px) 100vw, 407px\" \/><\/p>\n<p style=\"text-align: justify;\">Na sequ\u00eancia, os bispos tiveram a oportunidade de tecer coment\u00e1rios e fazer suas observa\u00e7\u00f5es sobre a an\u00e1lise de conjuntura. \u201cEu acho que essas an\u00e1lises de conjuntura t\u00eam sido uma grande retomada na CNBB. A equipe trabalha muito e os membros s\u00e3o pontuais\u201d, afirmou o bispo-auxiliar e Belo Horizonte e presidente da Comiss\u00e3o para a Comunica\u00e7\u00e3o da CNBB, dom Joaquim Giovani Mol.<\/p>\n<p style=\"text-align: justify;\">O presidente da CNBB fez coro e elogiou o trabalho da Equipe de An\u00e1lise de Conjuntura. &#8220;O ver da an\u00e1lise nos instiga ao ponto de n\u00f3s nos sentirmos incomodados. H\u00e1 um desmonte, um descompasso civilizat\u00f3rio. A Igreja tem uma importante tarefa. N\u00f3s estamos profundamente desafiados, em nome do Evangelho, a darmos uma resposta. As coisas est\u00e3o desandando cada vez mais e precisamos ajudar a recompor\u201d, disse.<\/p>\n<h4 style=\"text-align: justify;\"><strong>Junho Verde<\/strong><\/h4>\n<p style=\"text-align: justify;\">O assessor pol\u00edtico da CNBB, padre Paulo Renato, falou aos bispos sobre os encaminhamentos da <a href=\"https:\/\/www.cnbb.org.br\/projeto-que-institui-a-campanha-junho-verde-proposto-pela-cnbb-foi-aprovado-no-senado-e-segue-para-camara\/\"><strong>Campanha Junho Verde<\/strong><\/a>, uma iniciativa da CNBB. Explicou sobre as tratativas que foram feitas ainda em 2019, at\u00e9 que o projeto fosse aprovado pelo Senado Federal e seguisse para a C\u00e2mara.<\/p>\n<p style=\"text-align: justify;\">O projeto que institui a Campanha foi aprovado pelo Senado Federal, em vota\u00e7\u00e3o simb\u00f3lica e un\u00e2nime, no \u00faltimo dia 11 de maio. A proposta \u00e9 que a Campanha seja promovida anualmente pelos Poderes p\u00fablicos federal, estadual e municipal, com o objetivo de desenvolver o entendimento da popula\u00e7\u00e3o sobre a import\u00e2ncia da conserva\u00e7\u00e3o dos ecossistemas e do controle da polui\u00e7\u00e3o e da degrada\u00e7\u00e3o dos recursos naturais.<\/p>\n<p style=\"text-align: justify;\">O PL 1.070\/2021, dos senadores Jaques Wagner (PT-BA), Conf\u00facio Moura (MDB-RO) e Fabiano Contarato (Rede-ES), segue agora para a C\u00e2mara dos Deputados.\u00a0A campanha, prev\u00ea a lei que institui o Junho Verde,\u00a0 dever\u00e1 divulgar informa\u00e7\u00f5es sobre o estado de conserva\u00e7\u00e3o do meio ambiente e sobre as maneiras de participa\u00e7\u00e3o ativa da sociedade para a sua salvaguarda. Tamb\u00e9m ter\u00e1 a\u00e7\u00f5es de fomento \u00e0 conserva\u00e7\u00e3o e ao uso de espa\u00e7os p\u00fablicos urbanos para atividades culturais e de educa\u00e7\u00e3o ambiental.<\/p>\n<h4 style=\"text-align: justify;\"><strong>LGPD<\/strong><\/h4>\n<p style=\"text-align: justify;\">Em vigor desde o ano passado, a <strong>Lei Geral de Prote\u00e7\u00e3o dos Dados (LGPD)\u00a0<\/strong> afeta a Igreja em diversos \u00e2mbitos e tem sido estudada pela Confer\u00eancia Nacional dos Bispos do Brasil (CNBB) de modo a aplic\u00e1-la em suas rotinas administrativas, bem como auxiliar as dioceses nesse mesmo processo. A CNBB vem fazendo um processo sistem\u00e1tico de abordagem e aplica\u00e7\u00e3o das indica\u00e7\u00f5es da norma. A Confer\u00eancia j\u00e1 realizou dois encontros virtuais buscando explicar as implica\u00e7\u00f5es da lei na vida das dioceses. Foi apontada a\u00a0 necessidade de envolver outros atores para entender melhor o contexto e processos relacionados, bem como as implica\u00e7\u00f5es que podem ser, em alguns casos, graves.<\/p>\n<p style=\"text-align: justify;\">Por isso, na reuni\u00e3o do Consep, o secret\u00e1rio-geral da CNBB, dom Joel Portella Amado, disse que era hora de avan\u00e7ar dando espa\u00e7o \u00e0 forma\u00e7\u00e3o. O consultor de gest\u00e3o da CNBB, Jos\u00e9 Luna, a convite de dom Joel, falou sobre uma proposta de capacita\u00e7\u00e3o, a ser oferecida pela CNBB, voltada para as dioceses, focada na realidade brasileira.<\/p>\n<p style=\"text-align: justify;\">A proposta da forma\u00e7\u00e3o \u00e9 dar um entendimento amplo sobre a lei e seus impactos no \u00e2mbito diocesano, mitras e par\u00f3quias. O curso ser\u00e1 online, ao vivo, organizado pela Edi\u00e7\u00f5es CNBB, com taxa de inscri\u00e7\u00e3o.\u00a0O m\u00f3dulo I ser\u00e1 dedicado ao episcopado, com carga hor\u00e1ria de 8h, previsto para a primeira quinzena de julho.\u00a0O m\u00f3dulo II ser\u00e1 focado nos assessores, colaboradores da mitra e das par\u00f3quias, secret\u00e1rios executivos. Ter\u00e1 14h de carga, com previs\u00e3o de in\u00edcio na segunda quinzena de julho.\u00a0J\u00e1 o m\u00f3dulo III ser\u00e1 dedicado aos TI\u2019s das dioceses. Ter\u00e1 14h, com previs\u00e3o de in\u00edcio na primeira quinzena de agosto.<\/p>\n<h4 style=\"text-align: justify;\"><strong>Campanha da Fraternidade 2022<\/strong><\/h4>\n<p style=\"text-align: justify;\">O secret\u00e1rio executivo de Campanhas da CNBB, padre Patriky Samuel Batista, apresentou aos bispos os encaminhamentos da Campanha da Fraternidade 2022, que tem como tema <strong>\u201cFraternidade e Educa\u00e7\u00e3o\u201d<\/strong> e lema <strong>\u201cFala com sabedoria, ensina com amor\u201d<\/strong>.\u00a0O objetivo da CF 2022 \u00e9 promover um di\u00e1logo sobre a realidade educativa no Brasil, \u00e0 luz da f\u00e9 crist\u00e3, propondo caminhos em favor do humanismo integral e solid\u00e1rio. Al\u00e9m disso, buscar conhecer o contexto da educa\u00e7\u00e3o e seus desafios potencializados pela pandemia.<\/p>\n<p style=\"text-align: justify;\">Na ocasi\u00e3o, padre Patriky tratou sobre a prepara\u00e7\u00e3o do texto-base e informou que o mesmo ainda est\u00e1 em fase de elabora\u00e7\u00e3o e recebendo contribui\u00e7\u00f5es. A letra do hino e a identidade visual da CF 2022 tamb\u00e9m foram alvos de vota\u00e7\u00e3o e avalia\u00e7\u00e3o por parte dos bispos. Os escolhidos dever\u00e3o ser apresentados no site da CNBB na pr\u00f3xima segunda-feira, 31.<\/p>\n<h4 style=\"text-align: justify;\"><strong>A\u00e7\u00e3o Emergencial \u201c\u00c9 tempo de Cuidar\u201d<\/strong><\/h4>\n<p style=\"text-align: justify;\">Dom M\u00e1rio Ant\u00f4nio, vice-presidente da CNBB, falou sobre a A\u00e7\u00e3o Emergencial<strong> \u201c\u00c9 tempo de Cuidar\u201d<\/strong>. O in\u00edcio da segunda fase da A\u00e7\u00e3o Solid\u00e1ria Emergencial se deu no Domingo da Miseric\u00f3rdia, 11 de abril, quando todas as comunidades e par\u00f3quias cat\u00f3licas do Brasil foram convidadas a repicar os sinos salientando a import\u00e2ncia da manifesta\u00e7\u00e3o de sinais de esperan\u00e7a, f\u00e9 e solidariedade diante das mortes pela Covid-19.\u00a0J\u00e1 o padre Patriky apresentou os novos materiais e as novas a\u00e7\u00f5es que est\u00e3o sendo pensadas para essa segunda fase, como a Semana de Mobiliza\u00e7\u00e3o, que dever\u00e1 ocorrer no dia 8 de junho.<\/p>\n<p><strong>Saiba mais:<\/strong><br \/>\n<a href=\"https:\/\/www.cnbb.org.br\/projeto-que-institui-a-campanha-junho-verde-proposto-pela-cnbb-foi-aprovado-no-senado-e-segue-para-camara\/\">Projeto que institui a Campanha Junho Verde, proposto pela CNBB, foi aprovado no Senado e segue para C\u00e2mara dos Deputados &#8211; CNBB<\/a><br \/>\n<a href=\"https:\/\/www.cnbb.org.br\/cnbb-promove-encontro-sobre-a-lei-geral-de-protecao-de-dados-pessoais\/\">CNBB promove encontro sobre a Lei Geral de Prote\u00e7\u00e3o de Dados Pessoais &#8211; CNBB<\/a><br \/>\n<a href=\"https:\/\/www.cnbb.org.br\/conselho-episcopal-pastoral-da-cnbb-escolhe-educacao-como-o-tema-da-cf-2022\/\">Conselho Episcopal Pastoral da CNBB escolhe &#8220;Educa\u00e7\u00e3o&#8221; como o tema da CF 2022 &#8211; CNBB<\/a><br \/>\n<a href=\"https:\/\/www.cnbb.org.br\/video-explica-de-forma-didatica-como-fazer-o-registro-das-atividades-da-acao-emergencial-e-tempo-de-cuidar\/\">V\u00eddeo explica de forma did\u00e1tica como fazer o registro das atividades da A\u00e7\u00e3o Emergencial \u00c9 Tempo de Cuidar &#8211; CNBB<\/a><\/p>\n<p>&nbsp;<\/p>\n<p>&nbsp;<\/p>\n","protected":false},"excerpt":{"rendered":"<p>Na parte da tarde desta quarta-feira, 26 de maio, o Conselho Episcopal Pastoral (Consep) da Confer\u00eancia Nacional dos Bispos do Brasil (CNBB) continuou sua reuni\u00e3o apresentando uma an\u00e1lise de conjuntura eclesial. A an\u00e1lise \u00e9 feita por um grupo espec\u00edfico, que foi institu\u00eddo em agosto de 2019, para este fim. O texto aborda diferentes aspectos da &hellip;<\/p>\n<p class=\"read-more\"> <a class=\"\" href=\"https:\/\/www.cnbb.org.br\/conselho-episcopal-pastoral-vota-cartaz-da-cf-2022-e-aprova-formacao-sobre-lgpd\/\"> <span class=\"screen-reader-text\">Conselho Episcopal Pastoral vota cartaz da CF 2022 e aprova forma\u00e7\u00e3o sobre LGPD<\/span> Leia mais &raquo;<\/a><\/p>\n","protected":false},"author":83,"featured_media":264349,"comment_status":"open","ping_status":"open","sticky":false,"template":"","format":"standard","meta":{"site-sidebar-layout":"default","site-content-layout":"default","ast-global-header-display":"","ast-banner-title-visibility":"","ast-main-header-display":"","ast-hfb-above-header-display":"","ast-hfb-below-header-display":"","ast-hfb-mobile-header-display":"","site-post-title":"","ast-breadcrumbs-content":"","ast-featured-img":"","footer-sml-layout":"","theme-transparent-header-meta":"default","adv-header-id-meta":"","stick-header-meta":"","header-above-stick-meta":"","header-main-stick-meta":"","header-below-stick-meta":""},"categories":[824,1841],"tags":[2026,2509,2895],"acf":[],"_links":{"self":[{"href":"https:\/\/www.cnbb.org.br\/cnbb-app\/wp\/v2\/posts\/264371"}],"collection":[{"href":"https:\/\/www.cnbb.org.br\/cnbb-app\/wp\/v2\/posts"}],"about":[{"href":"https:\/\/www.cnbb.org.br\/cnbb-app\/wp\/v2\/types\/post"}],"author":[{"embeddable":true,"href":"https:\/\/www.cnbb.org.br\/cnbb-app\/wp\/v2\/users\/83"}],"replies":[{"embeddable":true,"href":"https:\/\/www.cnbb.org.br\/cnbb-app\/wp\/v2\/comments?post=264371"}],"version-history":[{"count":0,"href":"https:\/\/www.cnbb.org.br\/cnbb-app\/wp\/v2\/posts\/264371\/revisions"}],"wp:featuredmedia":[{"embeddable":true,"href":"https:\/\/www.cnbb.org.br\/cnbb-app\/wp\/v2\/media\/264349"}],"wp:attachment":[{"href":"https:\/\/www.cnbb.org.br\/cnbb-app\/wp\/v2\/media?parent=264371"}],"wp:term":[{"taxonomy":"category","embeddable":true,"href":"https:\/\/www.cnbb.org.br\/cnbb-app\/wp\/v2\/categories?post=264371"},{"taxonomy":"post_tag","embeddable":true,"href":"https:\/\/www.cnbb.org.br\/cnbb-app\/wp\/v2\/tags?post=264371"}],"curies":[{"name":"wp","href":"https:\/\/api.w.org\/{rel}","templated":true}]}}