{"id":26493,"date":"2010-04-19T00:00:00","date_gmt":"2010-04-19T03:00:00","guid":{"rendered":"https:\/\/www.cnbb.org.br\/sala-de-imprensa-da-santa-se-recorda-os-cinco-anos-de-pontificado-de-bento-xvi\/"},"modified":"2010-04-19T00:00:00","modified_gmt":"2010-04-19T03:00:00","slug":"sala-de-imprensa-da-santa-se-recorda-os-cinco-anos-de-pontificado-de-bento-xvi","status":"publish","type":"post","link":"https:\/\/www.cnbb.org.br\/sala-de-imprensa-da-santa-se-recorda-os-cinco-anos-de-pontificado-de-bento-xvi\/","title":{"rendered":"Sala de Imprensa da Santa S\u00e9 recorda os cinco anos de pontificado de Bento XVI"},"content":{"rendered":"<p style=\"text-align: justify\">Nesta segunda-feira, 19, o papa Bento XVI completa cinco anos de pontificado. Sua elei\u00e7\u00e3o foi anunciada \u00e0s 18h43 do dia 19 de abril de 2005 e ele \u00e9 o 264\u00ba sucessor de Pedro.<\/p>\n<p style=\"text-align: justify\">Recordando a data, o diretor da Sala de Imprensa da Santa S\u00e9, padre Federico Lombardi, dedicou seu editorial para \u201cOctava Dies\u201d, o seman\u00e1rio informativo do Centro Televisivo Vaticano.<\/p>\n<p><!--more--><\/p>\n<p style=\"text-align: justify\">\u201cO tempo passou rapidamente e os acontecimentos sucederam-se num ritmo intenso nos cinco anos,agora j\u00e1 completos, deste pontificado. Para os ler corretamente, h\u00e1 que voltar com o pensamento \u00e0 Capela Sistina, \u00e0 manh\u00e3 ap\u00f3s a elei\u00e7\u00e3o, quando o novo papa, recolhendo a heran\u00e7a espiritual do seu grande predecessor, indicou as prioridades que haveriam de orientar o seu servi\u00e7o &#8216;na vinha do Senhor.&#8221;<\/p>\n<p style=\"text-align: justify\">S\u00e3o elas: a rela\u00e7\u00e3o do homem com Deus, que se nos revelou em Jesus Cristo, encontrado de modo especial na Eucaristia, no culto da Igreja. O compromisso de se empenhar, &#8220;sem poupar energias&#8221;, em reconstituir &#8220;a unidade plena e vis\u00edvel de todos os que seguem a Cristo&#8221;. O desejo de responder ao &#8220;pedido de ajuda da parte da humanidade de hoje, que, abalada por incertezas e receios, se interroga sobre o seu futuro&#8221;. O di\u00e1logo &#8220;aberto e sincero&#8221; com os que seguem outras religi\u00f5es ou com os que procuram simplesmente resposta \u00e0s quest\u00f5es fundamentais da exist\u00eancia, &#8220;para a busca do verdadeiro bem do homem e da sociedade&#8221;.<\/p>\n<p style=\"text-align: justify\">Padre Federico Lombardi ressaltou que estas t\u00eam sido as grandes prioridades do pontificado de Bento XVI. \u201c[&#8230;] Empreendidas com coer\u00eancia e com coragem, num contexto tantas vezes minado por tens\u00f5es e obst\u00e1culos. Mas Bento XVI tinha dito que n\u00e3o procuraria fazer brilhar a sua pr\u00f3pria luz, mas sim a de Cristo\u201d, disse.<\/p>\n<p>O diretor recorda algumas etapas das viagens internacionais de Bento XVI, como Auschwitz, Istambul, Nova Iorque, Sydney, Paris, a \u00c1frica, Jerusal\u00e9m. E alguns momentos significativos, em sinagogas e mesquitas, e as publica\u00e7\u00f5es de enc\u00edclicas sobre a caridade, sobre a esperan\u00e7a, sobre a \u00e9tica no desenvolvimento, na economia e no respeito pelo meio ambiente.<\/p>\n<p style=\"text-align: justify\">&#8220;Um balan\u00e7o rico e denso, de servi\u00e7o a Deus e \u00e0 humanidade. Um caminho a prosseguir com uma rota segura&#8221;, conclui.<\/p>\n<p style=\"text-align: justify\"><em><span style=\"font-size: 8pt\"><strong>CNBB com R\u00e1dio Vaticano<\/strong><\/span><\/em><\/p>\n","protected":false},"excerpt":{"rendered":"<p>Nesta segunda-feira, 19, o papa Bento XVI completa cinco anos de pontificado. Sua elei\u00e7\u00e3o foi anunciada \u00e0s 18h43 do dia 19 de abril de 2005 e ele \u00e9 o 264\u00ba sucessor de Pedro. Recordando a data, o diretor da Sala de Imprensa da Santa S\u00e9, padre Federico Lombardi, dedicou seu editorial para \u201cOctava Dies\u201d, o &hellip;<\/p>\n<p class=\"read-more\"> <a class=\"\" href=\"https:\/\/www.cnbb.org.br\/sala-de-imprensa-da-santa-se-recorda-os-cinco-anos-de-pontificado-de-bento-xvi\/\"> <span class=\"screen-reader-text\">Sala de Imprensa da Santa S\u00e9 recorda os cinco anos de pontificado de Bento XVI<\/span> Leia mais &raquo;<\/a><\/p>\n","protected":false},"author":83,"featured_media":26494,"comment_status":"open","ping_status":"open","sticky":false,"template":"","format":"standard","meta":{"site-sidebar-layout":"default","site-content-layout":"default","ast-global-header-display":"","ast-banner-title-visibility":"","ast-main-header-display":"","ast-hfb-above-header-display":"","ast-hfb-below-header-display":"","ast-hfb-mobile-header-display":"","site-post-title":"","ast-breadcrumbs-content":"","ast-featured-img":"","footer-sml-layout":"","theme-transparent-header-meta":"","adv-header-id-meta":"","stick-header-meta":"","header-above-stick-meta":"","header-main-stick-meta":"","header-below-stick-meta":""},"categories":[784],"tags":[],"acf":[],"_links":{"self":[{"href":"https:\/\/www.cnbb.org.br\/cnbb-app\/wp\/v2\/posts\/26493"}],"collection":[{"href":"https:\/\/www.cnbb.org.br\/cnbb-app\/wp\/v2\/posts"}],"about":[{"href":"https:\/\/www.cnbb.org.br\/cnbb-app\/wp\/v2\/types\/post"}],"author":[{"embeddable":true,"href":"https:\/\/www.cnbb.org.br\/cnbb-app\/wp\/v2\/users\/83"}],"replies":[{"embeddable":true,"href":"https:\/\/www.cnbb.org.br\/cnbb-app\/wp\/v2\/comments?post=26493"}],"version-history":[{"count":0,"href":"https:\/\/www.cnbb.org.br\/cnbb-app\/wp\/v2\/posts\/26493\/revisions"}],"wp:featuredmedia":[{"embeddable":true,"href":"https:\/\/www.cnbb.org.br\/cnbb-app\/wp\/v2\/media\/26494"}],"wp:attachment":[{"href":"https:\/\/www.cnbb.org.br\/cnbb-app\/wp\/v2\/media?parent=26493"}],"wp:term":[{"taxonomy":"category","embeddable":true,"href":"https:\/\/www.cnbb.org.br\/cnbb-app\/wp\/v2\/categories?post=26493"},{"taxonomy":"post_tag","embeddable":true,"href":"https:\/\/www.cnbb.org.br\/cnbb-app\/wp\/v2\/tags?post=26493"}],"curies":[{"name":"wp","href":"https:\/\/api.w.org\/{rel}","templated":true}]}}