{"id":265087,"date":"2021-05-29T14:43:35","date_gmt":"2021-05-29T17:43:35","guid":{"rendered":"https:\/\/www.cnbb.org.br\/?p=265087"},"modified":"2021-05-29T14:44:47","modified_gmt":"2021-05-29T17:44:47","slug":"morre-padre-jesuita-joao-roque-rohr-ex-reitor-do-pontificio-colegio-pio-brasileiro","status":"publish","type":"post","link":"https:\/\/www.cnbb.org.br\/morre-padre-jesuita-joao-roque-rohr-ex-reitor-do-pontificio-colegio-pio-brasileiro\/","title":{"rendered":"Morre padre jesu\u00edta Jo\u00e3o Roque Rohr, ex-reitor do Pontif\u00edcio Col\u00e9gio Pio Brasileiro"},"content":{"rendered":"<p style=\"text-align: justify;\">Morreu na manh\u00e3 deste s\u00e1bado, 29 de maio, em Porto Alegre (RS), o padre Jo\u00e3o Roque Rohr, ex-reitor do Pontif\u00edcio Col\u00e9gio Pio Brasileiro, em Roma. V\u00edtima da Covid-19, o religioso jesu\u00edta tinha 80 anos de idade e 60 anos de Companhia de Jesus. O padre morava na Comunidade Santos M\u00e1rtires das Miss\u00f5es junto ao Col\u00e9gio Anchieta (RS).<\/p>\n<p style=\"text-align: justify;\">Padre Jo\u00e3o Roque Rohr foi provincial dos Jesu\u00edtas do Brasil, presidente da Confer\u00eancia dos Religiosos do Brasil (CRB) e assessor da CNBB. Em 2019, a Escola Dom Helder C\u00e2mara, de Belo Horizonte (MG), concedeu ao padre Jo\u00e3o o t\u00edtulo de <em>Doctor Honoris <\/em>causa<em>.<\/em><\/p>\n<p style=\"text-align: justify;\">O t\u00edtulo foi entregue durante o II Congresso do Conhecimento, realizado pela Escola Dom Helder e pela Escola de Engenharia de Minas Gerais (EMGE). O reconhecimento se deu pela cria\u00e7\u00e3o da Funda\u00e7\u00e3o Movimento Direito e Cidadania (MDC).<\/p>\n<p style=\"text-align: justify;\">Um dos mais respeitados jesu\u00edtas do pa\u00eds, padre Jo\u00e3o Roque Rohr era formado em filosofia, teologia e pedagogia. Natural de Santa Catarina (SC), foi um grande defensor da educa\u00e7\u00e3o, esteve \u00e0 frente de diversas institui\u00e7\u00f5es de ensino e colaborou com a cria\u00e7\u00e3o de pol\u00edticas p\u00fablicas sobre o tema.<\/p>\n<p style=\"text-align: justify;\">Por causa da pandemia do coronav\u00edrus e das regras de isolamento social, n\u00e3o haver\u00e1 vel\u00f3rio e missa de corpo presente. O sepultamento ser\u00e1 no final da tarde e com restri\u00e7\u00e3o de pessoas.<\/p>\n<p style=\"text-align: center;\"><strong>Nota de condol\u00eancias da CNBB<\/strong><\/p>\n<p style=\"text-align: right;\">Bras\u00edlia, 29 de maio de 2021<\/p>\n<p style=\"text-align: justify;\">Prezado, padre Mieczyslaw Smyda, Provincial dos Jesu\u00edtas no Brasil<\/p>\n<p style=\"text-align: justify;\">A Confer\u00eancia Nacional dos Bispos do Brasil (CNBB) manifesta seu pesar pelo falecimento do padre Jo\u00e3o Roque Rohr, ex-reitor do Pontif\u00edcio Col\u00e9gio Pio Brasileiro, em Roma, ocorrido neste s\u00e1bado, 29 de maio de 2021.<\/p>\n<p style=\"text-align: justify;\">Nesse momento de dor, olhemos para o Cristo ressuscitado raz\u00e3o de nossa esperan\u00e7a, a quem um dos mais respeitados jesu\u00edtas do pa\u00eds, padre Jo\u00e3o seguiu e amou durante sua vida e miss\u00e3o.<\/p>\n<p style=\"text-align: justify;\">Lembramos com gratid\u00e3o o servi\u00e7o prestado pelo padre Jo\u00e3o \u00e0 frente do col\u00e9gio, al\u00e9m do reconhecimento por toda sua trajet\u00f3ria de luta pela educa\u00e7\u00e3o, sua dedica\u00e7\u00e3o \u00e0 frente da presid\u00eancia da Confer\u00eancia dos Religiosos do Brasil (CRB) e na assessoria da CNBB.<\/p>\n<p style=\"text-align: justify;\">Consolados pela f\u00e9, enviamos nosso abra\u00e7o fraterno a todos os religiosos jesu\u00edtas, aos familiares do padre Jo\u00e3o Rohr e a toda comunidade Anchietana.<\/p>\n<p style=\"text-align: center;\">Em Cristo,<br \/>\n<strong>Dom Walmor Oliveira de Azevedo<\/strong><br \/>\nArcebispo de Belo Horizonte, MG<br \/>\nPresidente<\/p>\n<p style=\"text-align: center;\"><strong>Dom Jaime Spengler<\/strong><br \/>\nArcebispo de Porto Alegre, RS<br \/>\n1\u00ba Vice-Presidente<\/p>\n<p style=\"text-align: center;\"><strong>Dom M\u00e1rio Ant\u00f4nio da Silva<\/strong><br \/>\nBispo de Roraima, RR<br \/>\n2\u00ba Vice-Presidente<\/p>\n<p style=\"text-align: center;\"><strong>Dom Joel Portella Amado<\/strong><br \/>\nBispo auxiliar do Rio de Janeiro, RJ<br \/>\nSecret\u00e1rio-Geral<\/p>\n","protected":false},"excerpt":{"rendered":"<p>Faleceu neste s\u00e1bado, 29 de maio, o padre Jo\u00e3o Roque Rohr, v\u00edtima de Covid-19, em Porto Alegre (RS). O religioso jesu\u00edta foi presidente da Confer\u00eancia dos Religiosos do Brasil (CRB), assessor da CNBB e em 2009 foi reitor do Pontif\u00edcio Col\u00e9gio Pio Brasileiro<\/p>\n","protected":false},"author":83,"featured_media":265113,"comment_status":"open","ping_status":"open","sticky":false,"template":"","format":"standard","meta":{"site-sidebar-layout":"default","site-content-layout":"default","ast-global-header-display":"","ast-banner-title-visibility":"","ast-main-header-display":"","ast-hfb-above-header-display":"","ast-hfb-below-header-display":"","ast-hfb-mobile-header-display":"","site-post-title":"","ast-breadcrumbs-content":"","ast-featured-img":"","footer-sml-layout":"","theme-transparent-header-meta":"default","adv-header-id-meta":"","stick-header-meta":"","header-above-stick-meta":"","header-main-stick-meta":"","header-below-stick-meta":""},"categories":[50,1358],"tags":[2107],"acf":[],"_links":{"self":[{"href":"https:\/\/www.cnbb.org.br\/cnbb-app\/wp\/v2\/posts\/265087"}],"collection":[{"href":"https:\/\/www.cnbb.org.br\/cnbb-app\/wp\/v2\/posts"}],"about":[{"href":"https:\/\/www.cnbb.org.br\/cnbb-app\/wp\/v2\/types\/post"}],"author":[{"embeddable":true,"href":"https:\/\/www.cnbb.org.br\/cnbb-app\/wp\/v2\/users\/83"}],"replies":[{"embeddable":true,"href":"https:\/\/www.cnbb.org.br\/cnbb-app\/wp\/v2\/comments?post=265087"}],"version-history":[{"count":0,"href":"https:\/\/www.cnbb.org.br\/cnbb-app\/wp\/v2\/posts\/265087\/revisions"}],"wp:featuredmedia":[{"embeddable":true,"href":"https:\/\/www.cnbb.org.br\/cnbb-app\/wp\/v2\/media\/265113"}],"wp:attachment":[{"href":"https:\/\/www.cnbb.org.br\/cnbb-app\/wp\/v2\/media?parent=265087"}],"wp:term":[{"taxonomy":"category","embeddable":true,"href":"https:\/\/www.cnbb.org.br\/cnbb-app\/wp\/v2\/categories?post=265087"},{"taxonomy":"post_tag","embeddable":true,"href":"https:\/\/www.cnbb.org.br\/cnbb-app\/wp\/v2\/tags?post=265087"}],"curies":[{"name":"wp","href":"https:\/\/api.w.org\/{rel}","templated":true}]}}