{"id":26572,"date":"2009-11-01T00:00:00","date_gmt":"2009-11-01T02:00:00","guid":{"rendered":"https:\/\/www.cnbb.org.br\/visita-ad-limina-2\/"},"modified":"2009-11-01T00:00:00","modified_gmt":"2009-11-01T02:00:00","slug":"visita-ad-limina-2","status":"publish","type":"post","link":"https:\/\/www.cnbb.org.br\/visita-ad-limina-2\/","title":{"rendered":"Visita &#8216;ad Limina&#8217;"},"content":{"rendered":"<h4 style=\"text-align: right\">Dom Benedito Gon\u00e7alves dos Santos<\/h4>\n<p style=\"text-align: justify\">Os bispos do Estado de S\u00e3o Paulo, Regional Sul 1 da CNBB, estar\u00e3o realizando durante o m\u00eas de novembro de 2010, a visita \u201cAd Limina\u201d, que acontece a cada cinco anos. Segundo a disciplina can\u00f4nica, o Bispo Diocesano que cumprir a cada cinco anos a antiga tradi\u00e7\u00e3o da visita \u201cAd Limina\u201d, para venerar os sepulcros dos Santos Ap\u00f3stolos Pedro e Paulo, e encontrar-se pessoalmente com o sucessor de Pedro, o Bispo de Roma, o Papa Bento XVI, recebendo deste, orienta\u00e7\u00f5es pastorais para o trabalho em cada diocese.<\/p>\n<p>  <!--more-->  <\/p>\n<p style=\"text-align: justify\">A visita \u201cAd Limina\u201d nos seus diversos momentos lit\u00fargicos, pastorais e de encontro fraterno, tem um significado especial para o Bispo: aumentar o seu sentido de responsabilidade como sucessor dos ap\u00f3stolos e fortalecer a sua comunh\u00e3o com o sucessor de Pedro, o Papa. A visita constitui ainda um momento particular para cada Bispo, uma vez que representando uma Igreja Particular, isto \u00e9 a Diocese, consolida os v\u00ednculos de f\u00e9, comunh\u00e3o e disciplina ligando assim, de modo efetivo cada diocese \u00e0 Igreja de Roma e a todo corpo eclesial presente em todos os lugares.<\/p>\n<p style=\"text-align: justify\">A programa\u00e7\u00e3o consta uma visita aos sepulcros dos ap\u00f3stolos S\u00e3o Pedro e S\u00e3o Paulo, bem como um encontro pessoal com o Papa, uma vez que no ano anterior foi apresentado o relat\u00f3rio de atividades pastorais realizadas em cada diocese no \u00faltimo q\u00fcinq\u00fc\u00eanio. Neste relat\u00f3rio \u00e9 apresentada uma s\u00edntese de todos os trabalhos e atividades pastorais realizados na Diocese, tendo o bispo como coordenador dos trabalhos pastorais, bem como as atividades desempenhadas pelos sacerdotes diocesanos, congrega\u00e7\u00f5es religiosas masculinas e femininas, fi\u00e9is leigos nos diversos campos pastorais,bem como a vida sacramental, religiosa, social e outras informa\u00e7\u00f5es complementares.<\/p>\n<p style=\"text-align: justify\">Durante a visita \u201cAd Limina\u201d d\u00e1-se tamb\u00e9m o encontro dos bispos diocesanos com as diversas congrega\u00e7\u00f5es da C\u00faria Romana, buscando unidade de todo col\u00e9gio apost\u00f3lico com o Sucessor de Pedro, o Papa Bento XVI. O ponto alto da visita \u201cAd Limina\u201d consiste no encontro pessoal do bispo com o Papa Bento XVI, onde o mesmo ouvir\u00e1, do sucessor do Pr\u00edncipe dos Ap\u00f3stolos, orienta\u00e7\u00f5es e sugest\u00f5es pastorais para os trabalhos a ser desempenhados na diocese; buscando cada vez mais desempenhar a fidelidade a miss\u00e3o recebida de Cristo Jesus, levar a Boa Nova do Evangelho a todos os povos e pessoas, construindo um reino de amor, justi\u00e7a, perd\u00e3o e paz.<\/p>\n<p style=\"text-align: justify\">Assim senso, como bispo diocesano de Pres. Prudente, durante o m\u00eas de novembro estarei ausente da diocese, cumprindo este preceito can\u00f4nico, incentivando assim, ainda mais, a comunh\u00e3o da nossa diocese com toda a Igreja Universal, estreitando cada vez mais nossos la\u00e7os com o sucessor de Pedro, Papa Bento XVI, para que assim nossa diocese continue fiel a sua voca\u00e7\u00e3o de promover a vida, construindo o Reino de Deus aqui no Pontal do Paranapanema.<\/p>\n<p style=\"text-align: justify\">Que Maria Sant\u00edssima, M\u00e3e da Igreja, e o glorioso S\u00e3o Sebasti\u00e3o, nosso padroeiro diocesano, sejam nossos intercessores nesta rica e nobre miss\u00e3o, para que com esta visita \u201cAd Limina\u201d, todo p projeto de Deus seja plenamente abra\u00e7ado e vivido em nossa diocese, e assim completando 50 anos de evangeliza\u00e7\u00e3o, deixemos cada vez mais ser guiados e conduzidos pelo Senhor. Fiquem com Deus e at\u00e9 nosso retorno, se Deus quiser. [novembro\/2009]<\/p>\n","protected":false},"excerpt":{"rendered":"<p>Dom Benedito Gon\u00e7alves dos Santos Os bispos do Estado de S\u00e3o Paulo, Regional Sul 1 da CNBB, estar\u00e3o realizando durante o m\u00eas de novembro de 2010, a visita \u201cAd Limina\u201d, que acontece a cada cinco anos. Segundo a disciplina can\u00f4nica, o Bispo Diocesano que cumprir a cada cinco anos a antiga tradi\u00e7\u00e3o da visita \u201cAd &hellip;<\/p>\n<p class=\"read-more\"> <a class=\"\" href=\"https:\/\/www.cnbb.org.br\/visita-ad-limina-2\/\"> <span class=\"screen-reader-text\">Visita &#8216;ad Limina&#8217;<\/span> Leia mais &raquo;<\/a><\/p>\n","protected":false},"author":83,"featured_media":0,"comment_status":"open","ping_status":"open","sticky":false,"template":"","format":"standard","meta":{"site-sidebar-layout":"default","site-content-layout":"default","ast-global-header-display":"","ast-banner-title-visibility":"","ast-main-header-display":"","ast-hfb-above-header-display":"","ast-hfb-below-header-display":"","ast-hfb-mobile-header-display":"","site-post-title":"","ast-breadcrumbs-content":"","ast-featured-img":"","footer-sml-layout":"","theme-transparent-header-meta":"","adv-header-id-meta":"","stick-header-meta":"","header-above-stick-meta":"","header-main-stick-meta":"","header-below-stick-meta":""},"categories":[784],"tags":[],"acf":[],"_links":{"self":[{"href":"https:\/\/www.cnbb.org.br\/cnbb-app\/wp\/v2\/posts\/26572"}],"collection":[{"href":"https:\/\/www.cnbb.org.br\/cnbb-app\/wp\/v2\/posts"}],"about":[{"href":"https:\/\/www.cnbb.org.br\/cnbb-app\/wp\/v2\/types\/post"}],"author":[{"embeddable":true,"href":"https:\/\/www.cnbb.org.br\/cnbb-app\/wp\/v2\/users\/83"}],"replies":[{"embeddable":true,"href":"https:\/\/www.cnbb.org.br\/cnbb-app\/wp\/v2\/comments?post=26572"}],"version-history":[{"count":0,"href":"https:\/\/www.cnbb.org.br\/cnbb-app\/wp\/v2\/posts\/26572\/revisions"}],"wp:attachment":[{"href":"https:\/\/www.cnbb.org.br\/cnbb-app\/wp\/v2\/media?parent=26572"}],"wp:term":[{"taxonomy":"category","embeddable":true,"href":"https:\/\/www.cnbb.org.br\/cnbb-app\/wp\/v2\/categories?post=26572"},{"taxonomy":"post_tag","embeddable":true,"href":"https:\/\/www.cnbb.org.br\/cnbb-app\/wp\/v2\/tags?post=26572"}],"curies":[{"name":"wp","href":"https:\/\/api.w.org\/{rel}","templated":true}]}}