{"id":26595,"date":"2010-12-10T00:00:00","date_gmt":"2010-12-10T02:00:00","guid":{"rendered":"https:\/\/www.cnbb.org.br\/camisinha-bento-xvi-se-retrata\/"},"modified":"2010-12-10T00:00:00","modified_gmt":"2010-12-10T02:00:00","slug":"camisinha-bento-xvi-se-retrata","status":"publish","type":"post","link":"https:\/\/www.cnbb.org.br\/camisinha-bento-xvi-se-retrata\/","title":{"rendered":"Camisinha: Bento XVI se retrata?"},"content":{"rendered":"<h4 style=\"text-align: right\">Dom Redovino Rizzardo<\/h4>\n<p style=\"text-align: justify\">No dia 23 de novembro, foi publicado o segundo livro-entrevista de Bento XVI. Fruto de vinte horas de di\u00e1logo com o escritor alem\u00e3o Peter Seewald, traz como t\u00edtulo: \u201cLuz do Mundo. O Papa, a Igreja e os sinais dos tempos\u201d. O primeiro livro do g\u00eanero foi escrito pelo jornalista italiano Vittorio Messori, em 1984. Na \u00e9poca, o Cardeal Ratzinger era respons\u00e1vel pela Congrega\u00e7\u00e3o da Doutrina da F\u00e9, e gozava fama de ser t\u00e3o conservador, que algumas editoras cat\u00f3licas, inclusive do Brasil, se recusaram a editar o volume.<\/p>\n<p>  <!--more-->  <\/p>\n<p style=\"text-align: justify\">Para Seewald, \u00abo Papa n\u00e3o \u00e9 um ditador, mas um homem de di\u00e1logo; ele n\u00e3o fugiu de nenhuma quest\u00e3o nem censurou trecho algum de sua longa entrevista\u00bb. Entre as respostas dadas, duas est\u00e3o relacionada com a AIDS e a camisinha. Nelas, Bento XVI deu a impress\u00e3o de rever o pronunciamento que fez no dia 17 de mar\u00e7o de 2009, durante uma viagem \u00e0 \u00c1frica, pronunciamento que suscitou uma avalanche de cr\u00edticas da opini\u00e3o p\u00fablica mundial.<\/p>\n<p style=\"text-align: justify\">Em seu di\u00e1logo com Peter Seewald, o Pont\u00edfice declara que o uso do preservativo \u00e9 justificado quando o objetivo \u00e9 evitar a transmiss\u00e3o da Aids.<\/p>\n<p style=\"text-align: justify\">Tentando esclarecer a aparente contradi\u00e7\u00e3o, o Pe. Frederico Lombardi, diretor da Sala de Imprensa do Vaticano, assevera que \u00abo Papa n\u00e3o muda o ensinamento da Igreja, mas o reafirma, colocando-se na perspectiva do valor e da dignidade da sexualidade humana, como express\u00e3o de amor e responsabilidade. Na entrevista, ele se refere a uma situa\u00e7\u00e3o excepcional, quando o exerc\u00edcio da sexualidade representa um risco para a vida do outro. Bento XVI n\u00e3o justifica moralmente o exerc\u00edcio desordenado da sexualidade, mas julga que a utiliza\u00e7\u00e3o do preservativo para diminuir o perigo de cont\u00e1gio \u00e9 um primeiro ato de responsabilidade, um primeiro passo no caminho rumo a uma sexualidade mais humana\u00bb.<\/p>\n<p style=\"text-align: justify\">Neste sentido \u2013 continua o sacerdote \u2013, as palavras do Pont\u00edfice \u00abn\u00e3o podem ser vistas como uma mudan\u00e7a revolucion\u00e1ria, mas refletem o que ele disse numa entrevista de 2005, quando reconheceu que, em situa\u00e7\u00f5es particulares, como, por exemplo, onde campeia a droga, a promiscuidade e a mis\u00e9ria, o uso do preservativo pode ser considerado leg\u00edtimo\u00bb. \u00ab\u00c9 como se o Papa dissesse: usar a camisinha \u00e9 um mal menor do que contaminar o pr\u00f3ximo\u00bb, explica o Pe. M\u00e1rcio Fabri dos Anjos.<\/p>\n<p style=\"text-align: justify\">O livro de Peter Seewald apresenta tamb\u00e9m uma aprecia\u00e7\u00e3o de Bento XVI sobre a \u201cHumanae Vitae\u201d de Paulo VI, publicada em 1968: \u00abAs perspectivas da Humanae Vitae continuam v\u00e1lidas, mas \u00e9 preciso encontrar caminhos humanamente pratic\u00e1veis. Creio que sempre haver\u00e1 minorias intimamente convencidas da verdade dessas perspectivas e que, vivendo-as, se sentir\u00e3o plenamente satisfeitas, sendo para os outros um fascinante modelo a seguir. Somos pecadores, mas n\u00e3o dever\u00edamos ver neste fato uma inst\u00e2ncia contra a verdade, quando n\u00e3o se consegue viver essa elevada moral. Pelo contr\u00e1rio, dever\u00edamos fazer todo o bem poss\u00edvel, apoiando-nos e suportando-nos mutuamente. Nossa tarefa \u00e9 expressar tudo isso do ponto de vista pastoral e teol\u00f3gico, no contexto da sexologia e da pesquisa antropol\u00f3gica atual\u00bb.<\/p>\n<p style=\"text-align: justify\">\u00abCom essas declara\u00e7\u00f5es \u2013 acrescenta o Pe. Lombardi \u2013 Bento XVI nos oferece uma contribui\u00e7\u00e3o original. De um lado, ele se mant\u00e9m fiel aos princ\u00edpios morais, rejeitando o caminho ilus\u00f3rio da confian\u00e7a ilimitada no preservativo; de outro, por\u00e9m, demonstra uma vis\u00e3o compreensiva e de amplos horizontes, sempre atenta a valorizar os passos \u2013 ainda que pequenos, iniciais e confusos \u2013 de uma humanidade, n\u00e3o raras vezes muito pobre espiritual e culturalmente, ante um exerc\u00edcio mais humano e respons\u00e1vel da sexualidade\u00bb.<\/p>\n<p style=\"text-align: justify\">Quanto ao pronunciamento do Papa durante a sua viagem \u00e0 \u00c1frica, o religioso esclarece que, com essa nova interven\u00e7\u00e3o, o sucessor de Pedro \u00abconfirma com clareza o que afirmou naquela ocasi\u00e3o: o problema da AIDS n\u00e3o se resolve somente com a distribui\u00e7\u00e3o de preservativos, mas exige preven\u00e7\u00e3o, educa\u00e7\u00e3o, ajuda, aconselhamento e proximidade com as pessoas, tanto para evitar que acabem doentes, quanto para ajudar as que est\u00e3o contaminadas. Bento XVI julga que concentrar-se exclusivamente no preservativo significa banalizar a sexualidade, o que leva muitas pessoas a n\u00e3o v\u00ea-la como express\u00e3o do seu amor, mas como uma esp\u00e9cie de droga que se trocam mutuamente\u00bb.<\/p>\n","protected":false},"excerpt":{"rendered":"<p>Dom Redovino Rizzardo No dia 23 de novembro, foi publicado o segundo livro-entrevista de Bento XVI. Fruto de vinte horas de di\u00e1logo com o escritor alem\u00e3o Peter Seewald, traz como t\u00edtulo: \u201cLuz do Mundo. O Papa, a Igreja e os sinais dos tempos\u201d. O primeiro livro do g\u00eanero foi escrito pelo jornalista italiano Vittorio Messori, &hellip;<\/p>\n<p class=\"read-more\"> <a class=\"\" href=\"https:\/\/www.cnbb.org.br\/camisinha-bento-xvi-se-retrata\/\"> <span class=\"screen-reader-text\">Camisinha: Bento XVI se retrata?<\/span> Leia mais &raquo;<\/a><\/p>\n","protected":false},"author":83,"featured_media":0,"comment_status":"open","ping_status":"open","sticky":false,"template":"","format":"standard","meta":{"site-sidebar-layout":"default","site-content-layout":"default","ast-global-header-display":"","ast-banner-title-visibility":"","ast-main-header-display":"","ast-hfb-above-header-display":"","ast-hfb-below-header-display":"","ast-hfb-mobile-header-display":"","site-post-title":"","ast-breadcrumbs-content":"","ast-featured-img":"","footer-sml-layout":"","theme-transparent-header-meta":"","adv-header-id-meta":"","stick-header-meta":"","header-above-stick-meta":"","header-main-stick-meta":"","header-below-stick-meta":""},"categories":[784],"tags":[],"acf":[],"_links":{"self":[{"href":"https:\/\/www.cnbb.org.br\/cnbb-app\/wp\/v2\/posts\/26595"}],"collection":[{"href":"https:\/\/www.cnbb.org.br\/cnbb-app\/wp\/v2\/posts"}],"about":[{"href":"https:\/\/www.cnbb.org.br\/cnbb-app\/wp\/v2\/types\/post"}],"author":[{"embeddable":true,"href":"https:\/\/www.cnbb.org.br\/cnbb-app\/wp\/v2\/users\/83"}],"replies":[{"embeddable":true,"href":"https:\/\/www.cnbb.org.br\/cnbb-app\/wp\/v2\/comments?post=26595"}],"version-history":[{"count":0,"href":"https:\/\/www.cnbb.org.br\/cnbb-app\/wp\/v2\/posts\/26595\/revisions"}],"wp:attachment":[{"href":"https:\/\/www.cnbb.org.br\/cnbb-app\/wp\/v2\/media?parent=26595"}],"wp:term":[{"taxonomy":"category","embeddable":true,"href":"https:\/\/www.cnbb.org.br\/cnbb-app\/wp\/v2\/categories?post=26595"},{"taxonomy":"post_tag","embeddable":true,"href":"https:\/\/www.cnbb.org.br\/cnbb-app\/wp\/v2\/tags?post=26595"}],"curies":[{"name":"wp","href":"https:\/\/api.w.org\/{rel}","templated":true}]}}