{"id":26609,"date":"2010-12-23T00:00:00","date_gmt":"2010-12-23T02:00:00","guid":{"rendered":"https:\/\/www.cnbb.org.br\/papa-bento-xvi-convida-cristaos-a-se-prepararem-para-o-natal\/"},"modified":"2010-12-23T00:00:00","modified_gmt":"2010-12-23T02:00:00","slug":"papa-bento-xvi-convida-cristaos-a-se-prepararem-para-o-natal","status":"publish","type":"post","link":"https:\/\/www.cnbb.org.br\/papa-bento-xvi-convida-cristaos-a-se-prepararem-para-o-natal\/","title":{"rendered":"Papa Bento XVI convida crist\u00e3os a se prepararem para o Natal"},"content":{"rendered":"<p style=\"text-align: justify\">\u201cQue o Natal n\u00e3o seja apenas exterioridade. Preparemo-nos com alegria, purificando a consci\u00eancia daquilo que \u00e9 contrario a vinda de Deus\u201d, foi o que disse o Papa Bento XVI durante a \u00faltima audi\u00eancia geral do ano, em Roma, nesta quarta-feira, 22.<\/p>\n<p>  <!--more-->  <\/p>\n<p style=\"text-align: justify\">Cerca de 3 mil pessoas presentes na habitual Audi\u00eancia Geral, ouviram o Papa falar sobre o Natal. \u201cO nascimento de Jesus n\u00e3o poder ter outra finalidade sen\u00e3o ensinar-nos a ver e a amar os acontecimentos, o mundo e tudo aquilo que nos circunda, com os mesmos olhos de Deus\u201d, disse o Papa.<\/p>\n<p style=\"text-align: justify\">Ainda durante a catequese, o Papa dirigiu uma mensagem, em portugu\u00eas, aos fi\u00e9is: \u201cAmados peregrinos de l\u00edngua portuguesa, a minha cordial sauda\u00e7\u00e3o de boas vindas para todos, com votos de um santo Natal, portador das consola\u00e7\u00f5es e gra\u00e7as do Deus Menino. Nos vossos cora\u00e7\u00f5es, de suas fam\u00edlias e comunidades, resplande\u00e7a a luz do Salvador, que nos revela o rosto terno e misericordioso do Pai do C\u00e9u. Em seu Nome, eu vos aben\u00e7oo, pedindo a Deus um Ano Novo sereno e feliz para todos\u201d.<\/p>\n","protected":false},"excerpt":{"rendered":"<p>\u201cQue o Natal n\u00e3o seja apenas exterioridade. Preparemo-nos com alegria, purificando a consci\u00eancia daquilo que \u00e9 contrario a vinda de Deus\u201d, foi o que disse o Papa Bento XVI durante a \u00faltima audi\u00eancia geral do ano, em Roma, nesta quarta-feira, 22.<\/p>\n","protected":false},"author":83,"featured_media":0,"comment_status":"open","ping_status":"open","sticky":false,"template":"","format":"standard","meta":{"site-sidebar-layout":"default","site-content-layout":"default","ast-global-header-display":"","ast-banner-title-visibility":"","ast-main-header-display":"","ast-hfb-above-header-display":"","ast-hfb-below-header-display":"","ast-hfb-mobile-header-display":"","site-post-title":"","ast-breadcrumbs-content":"","ast-featured-img":"","footer-sml-layout":"","theme-transparent-header-meta":"","adv-header-id-meta":"","stick-header-meta":"","header-above-stick-meta":"","header-main-stick-meta":"","header-below-stick-meta":""},"categories":[784],"tags":[],"acf":[],"_links":{"self":[{"href":"https:\/\/www.cnbb.org.br\/cnbb-app\/wp\/v2\/posts\/26609"}],"collection":[{"href":"https:\/\/www.cnbb.org.br\/cnbb-app\/wp\/v2\/posts"}],"about":[{"href":"https:\/\/www.cnbb.org.br\/cnbb-app\/wp\/v2\/types\/post"}],"author":[{"embeddable":true,"href":"https:\/\/www.cnbb.org.br\/cnbb-app\/wp\/v2\/users\/83"}],"replies":[{"embeddable":true,"href":"https:\/\/www.cnbb.org.br\/cnbb-app\/wp\/v2\/comments?post=26609"}],"version-history":[{"count":0,"href":"https:\/\/www.cnbb.org.br\/cnbb-app\/wp\/v2\/posts\/26609\/revisions"}],"wp:attachment":[{"href":"https:\/\/www.cnbb.org.br\/cnbb-app\/wp\/v2\/media?parent=26609"}],"wp:term":[{"taxonomy":"category","embeddable":true,"href":"https:\/\/www.cnbb.org.br\/cnbb-app\/wp\/v2\/categories?post=26609"},{"taxonomy":"post_tag","embeddable":true,"href":"https:\/\/www.cnbb.org.br\/cnbb-app\/wp\/v2\/tags?post=26609"}],"curies":[{"name":"wp","href":"https:\/\/api.w.org\/{rel}","templated":true}]}}