{"id":26610,"date":"2010-12-23T00:00:00","date_gmt":"2010-12-23T02:00:00","guid":{"rendered":"https:\/\/www.cnbb.org.br\/nota-da-congregacao-para-a-doutrina-da-fe-sobre-o-livro-qluz-do-mundoq\/"},"modified":"2010-12-23T00:00:00","modified_gmt":"2010-12-23T02:00:00","slug":"nota-da-congregacao-para-a-doutrina-da-fe-sobre-o-livro-qluz-do-mundoq","status":"publish","type":"post","link":"https:\/\/www.cnbb.org.br\/nota-da-congregacao-para-a-doutrina-da-fe-sobre-o-livro-qluz-do-mundoq\/","title":{"rendered":"Nota da Congrega\u00e7\u00e3o para a Doutrina da F\u00e9 sobre o livro &#8220;Luz do Mundo&#8221;"},"content":{"rendered":"<p style=\"text-align: justify\">Depois da pol\u00eamica pelas interpreta\u00e7\u00f5es de alguns setores da imprensa sobre um extrato do livro-entrevista do Papa Bento XVI \u201cLuz do Mundo\u201d, a Congrega\u00e7\u00e3o para a Doutrina da F\u00e9 publicou ontem, ter\u00e7a-feira uma Nota na qual afirma que o Santo Padre n\u00e3o mudou a doutrina da Igreja sobre o preservativo.<\/p>\n<p>  <!--more-->  <\/p>\n<p style=\"text-align: justify\">Na nota publicada com o t\u00edtulo \u201cSobre a banaliza\u00e7\u00e3o da sexualidade. A prop\u00f3sito de algumas leituras de Luz do mundo\u201d, a Congrega\u00e7\u00e3o para a Doutrina da F\u00e9 denuncia que as palavras do Papa sofreram \u201cdiversas interpreta\u00e7\u00f5es n\u00e3o corretas, que geraram confus\u00e3o sobre a posi\u00e7\u00e3o da Igreja Cat\u00f3lica quanto a algumas quest\u00f5es de moral sexual\u201d. <\/p>\n<p>N\u00e3o raro, &#8211; destaca a nota &#8211; o pensamento do Papa foi instrumentalizado para fins e interesses alheios ao sentido das suas palavras, que aparece evidente se forem lidos inteiramente os cap\u00edtulos onde se alude \u00e0 sexualidade humana. O interesse do Santo Padre \u00e9 claro: reencontrar a grandeza do projeto de Deus sobre a sexualidade, evitando a banaliza\u00e7\u00e3o da mesma, hoje generalizada.<\/p>\n<p>Algumas interpreta\u00e7\u00f5es apresentaram as palavras do Papa como afirma\u00e7\u00f5es em contraste com a tradi\u00e7\u00e3o moral da Igreja; hip\u00f3tese esta, que alguns viram como uma mudan\u00e7a positiva, e outros receberam com preocupa\u00e7\u00e3o, como se se tratasse de uma ruptura com a doutrina sobre a contracep\u00e7\u00e3o e com a a\u00e7\u00e3o eclesial na luta contra o HIV-AIDS. Na realidade, as palavras do Papa, que aludem de modo particular a um comportamento gravemente desordenado como \u00e9 a prostitui\u00e7\u00e3o (cf. \u201cLuce del mondo\u201d, 1.\u00aa reimpress\u00e3o, Novembro de 2010, p. 170-171), n\u00e3o constituem uma altera\u00e7\u00e3o da doutrina moral nem da praxis pastoral da Igreja.<\/p>\n<p>Como resulta da leitura da p\u00e1gina em quest\u00e3o, &#8211; continua a nota da a Congrega\u00e7\u00e3o para a Doutrina da F\u00e9 &#8211; o Santo Padre n\u00e3o fala da moral conjugal, nem sequer da norma moral sobre a contracep\u00e7\u00e3o. Esta norma, tradicional na Igreja, foi retomada em termos bem precisos por Paulo VI no n.\u00ba 14 da Enc\u00edclica Humanae vitae, quando escreveu que \u201cse exclui qualquer a\u00e7\u00e3o que, quer em previs\u00e3o do ato conjugal, quer durante a sua realiza\u00e7\u00e3o, quer no desenrolar das suas consequ\u00eancias naturais, se proponha, como fim ou como meio, tornar imposs\u00edvel a procria\u00e7\u00e3o\u201d. A ideia de que se possa deduzir das palavras de Bento XVI que seja l\u00edcito, em alguns casos, recorrer ao uso do preservativo para evitar uma gravidez n\u00e3o desejada \u00e9 totalmente arbitr\u00e1ria e n\u00e3o corresponde \u00e0s suas palavras nem ao seu pensamento. <\/p>\n<p>Pelo contr\u00e1rio, &#8211; afirma a Congrega\u00e7\u00e3o para a Doutrina da F\u00e9 &#8211; a este respeito, o Papa prop\u00f5e caminhos que se podem, humana e eticamente, percorrer e em favor dos quais os pastores s\u00e3o chamados a fazer \u201cmais e melhor\u201d (\u201cLuce del mondo\u201d, p. 206), ou seja, os caminhos que respeitam integralmente o v\u00ednculo indivis\u00edvel dos dois significados \u2013 uni\u00e3o e procria\u00e7\u00e3o \u2013 inerentes a cada ato conjugal, por meio do eventual recurso aos m\u00e9todos de regula\u00e7\u00e3o natural da fecundidade tendo em vista uma procria\u00e7\u00e3o respons\u00e1vel.<\/p>\n<p>Passando \u00e0 p\u00e1gina em quest\u00e3o, nela o Santo Padre refere-se ao caso completamente diverso da prostitui\u00e7\u00e3o, comportamento que a moral crist\u00e3 desde sempre considerou gravemente imoral (cf. Conc\u00edlio Vaticano II, Constitui\u00e7\u00e3o pastoral Gaudium et spes, n.\u00ba 27; Catecismo da Igreja Cat\u00f3lica, n.\u00ba 2355). A recomenda\u00e7\u00e3o de toda a tradi\u00e7\u00e3o crist\u00e3 \u2013 e n\u00e3o s\u00f3 dela \u2013 relativa \u00e0 prostitui\u00e7\u00e3o pode resumir-se nas palavras de S\u00e3o Paulo: \u201cFugi da imoralidade\u201d (1 Cor 6, 18). Por isso a prostitui\u00e7\u00e3o deve ser combatida, e as entidades assistenciais da Igreja, da sociedade civil e do Estado devem trabalhar por libertar as pessoas envolvidas.<\/p>\n<p>A este respeito, \u00e9 preciso assinalar que a situa\u00e7\u00e3o que se criou por causa da atual difus\u00e3o do v\u00edrus HIV-AIDS, em muitas \u00e1reas do mundo tornou o problema da prostitui\u00e7\u00e3o ainda mais dram\u00e1tico. Quem sabe que est\u00e1 infectado pelo HIV e, por conseguinte, pode transmitir a infec\u00e7\u00e3o, para al\u00e9m do pecado grave contra o sexto mandamento, comete tamb\u00e9m um pecado contra o quinto, porque conscientemente p\u00f5e em s\u00e9rio risco a vida de outra pessoa, com repercuss\u00f5es ainda na sa\u00fade p\u00fablica. <\/p>\n<p>A prop\u00f3sito, o Santo Padre afirma claramente que os preservativos n\u00e3o constituem \u201ca solu\u00e7\u00e3o aut\u00eantica e moral\u201d do problema do HIV-AIDS e afirma tamb\u00e9m que \u201cse concentrar s\u00f3 no preservativo significa banalizar a sexualidade\u201d, porque n\u00e3o se quer enfrentar o desregramento humano que est\u00e1 na base da transmiss\u00e3o da pandemia. Al\u00e9m disso, \u00e9 ineg\u00e1vel que quem recorre ao preservativo para diminuir o risco na vida de outra pessoa pretende reduzir o mal inerente ao seu agir errado. Neste sentido, o Santo Padre assinala que o recurso ao preservativo, \u201ccom a inten\u00e7\u00e3o de diminuir o perigo de cont\u00e1gio, pode, entretanto, representar um primeiro passo na estrada que leva a uma sexualidade vivida diversamente, uma sexualidade mais humana\u201d. Trata-se de uma observa\u00e7\u00e3o totalmente compat\u00edvel com a outra afirma\u00e7\u00e3o do Papa: \u201cEste n\u00e3o \u00e9 o modo verdadeiro e pr\u00f3prio de enfrentar o mal do HIV\u201d.<\/p>\n<p>Alguns interpretaram as palavras de Bento XVI, recorrendo \u00e0 teoria do chamado \u201cmal menor\u201d. Todavia esta teoria \u00e9 suscept\u00edvel de interpreta\u00e7\u00f5es desorientadoras de matriz proporcionalista (cf. Jo\u00e3o Paulo II, Enc\u00edclica Veritatis splendor, nn.os 75-77). Toda a a\u00e7\u00e3o que pelo seu objeto seja um mal, ainda que um mal menor, n\u00e3o pode ser licitamente desejada. O Santo Padre n\u00e3o disse que a prostitui\u00e7\u00e3o valendo-se do preservativo pode ser licitamente escolhida como mal menor, como algu\u00e9m sustentou. A Igreja ensina que a prostitui\u00e7\u00e3o \u00e9 imoral e deve ser combatida. Se algu\u00e9m, apesar disso, pratica a prostitui\u00e7\u00e3o mas, porque se encontra tamb\u00e9m infectado pelo HIV, esfor\u00e7a-se por diminuir o perigo de cont\u00e1gio inclusive mediante o recurso ao preservativo, isto pode constituir um primeiro passo no respeito pela vida dos outros, embora a mal\u00edcia da prostitui\u00e7\u00e3o permane\u00e7a em toda a sua gravidade. Estas pondera\u00e7\u00f5es est\u00e3o na linha de quanto a tradi\u00e7\u00e3o teol\u00f3gico-moral da Igreja defendeu mesmo no passado.<\/p>\n<p>Na conclus\u00e3o a nota afirma: na luta contra o HIV-AIDS, os membros e as institui\u00e7\u00f5es da Igreja Cat\u00f3lica saibam que \u00e9 preciso acompanhar as pessoas, curando os doentes e formando a todos para que possam viver a abstin\u00eancia antes do matrim\u00f4nio e a fidelidade dentro do pacto conjugal. A este respeito, \u00e9 preciso tamb\u00e9m denunciar os comportamentos que banalizam a sexualidade, porque \u2013 como diz o Papa \u2013 s\u00e3o eles precisamente que representam a perigosa raz\u00e3o pela qual muitas pessoas deixaram de ver na sexualidade a express\u00e3o do seu amor. \u201cPor isso, tamb\u00e9m a luta contra a banaliza\u00e7\u00e3o da sexualidade \u00e9 parte do grande esfor\u00e7o a fazer para que a sexualidade seja avaliada positivamente e possa exercer o seu efeito positivo sobre o ser humano na sua totalidade\u201d (\u201cLuce del mondo\u201d, p. 170).<\/p>\n<p style=\"text-align: justify\"><span style=\"font-size: 8pt\"><strong><em>Fonte: R\u00e1dio Vaticano<\/em><\/strong><\/span><\/p>\n","protected":false},"excerpt":{"rendered":"<p>Depois da pol\u00eamica pelas interpreta\u00e7\u00f5es de alguns setores da imprensa sobre um extrato do livro-entrevista do Papa Bento XVI \u201cLuz do Mundo\u201d, a Congrega\u00e7\u00e3o para a Doutrina da F\u00e9 publicou ontem, ter\u00e7a-feira uma Nota na qual afirma que o Santo Padre n\u00e3o mudou a doutrina da Igreja sobre o preservativo.<\/p>\n","protected":false},"author":83,"featured_media":0,"comment_status":"open","ping_status":"open","sticky":false,"template":"","format":"standard","meta":{"site-sidebar-layout":"default","site-content-layout":"default","ast-global-header-display":"","ast-banner-title-visibility":"","ast-main-header-display":"","ast-hfb-above-header-display":"","ast-hfb-below-header-display":"","ast-hfb-mobile-header-display":"","site-post-title":"","ast-breadcrumbs-content":"","ast-featured-img":"","footer-sml-layout":"","theme-transparent-header-meta":"","adv-header-id-meta":"","stick-header-meta":"","header-above-stick-meta":"","header-main-stick-meta":"","header-below-stick-meta":""},"categories":[784],"tags":[],"acf":[],"_links":{"self":[{"href":"https:\/\/www.cnbb.org.br\/cnbb-app\/wp\/v2\/posts\/26610"}],"collection":[{"href":"https:\/\/www.cnbb.org.br\/cnbb-app\/wp\/v2\/posts"}],"about":[{"href":"https:\/\/www.cnbb.org.br\/cnbb-app\/wp\/v2\/types\/post"}],"author":[{"embeddable":true,"href":"https:\/\/www.cnbb.org.br\/cnbb-app\/wp\/v2\/users\/83"}],"replies":[{"embeddable":true,"href":"https:\/\/www.cnbb.org.br\/cnbb-app\/wp\/v2\/comments?post=26610"}],"version-history":[{"count":0,"href":"https:\/\/www.cnbb.org.br\/cnbb-app\/wp\/v2\/posts\/26610\/revisions"}],"wp:attachment":[{"href":"https:\/\/www.cnbb.org.br\/cnbb-app\/wp\/v2\/media?parent=26610"}],"wp:term":[{"taxonomy":"category","embeddable":true,"href":"https:\/\/www.cnbb.org.br\/cnbb-app\/wp\/v2\/categories?post=26610"},{"taxonomy":"post_tag","embeddable":true,"href":"https:\/\/www.cnbb.org.br\/cnbb-app\/wp\/v2\/tags?post=26610"}],"curies":[{"name":"wp","href":"https:\/\/api.w.org\/{rel}","templated":true}]}}