{"id":26611,"date":"2010-12-24T00:00:00","date_gmt":"2010-12-24T02:00:00","guid":{"rendered":"https:\/\/www.cnbb.org.br\/definida-a-data-de-beatificacao-de-irma-dulce\/"},"modified":"2010-12-24T00:00:00","modified_gmt":"2010-12-24T02:00:00","slug":"definida-a-data-de-beatificacao-de-irma-dulce","status":"publish","type":"post","link":"https:\/\/www.cnbb.org.br\/definida-a-data-de-beatificacao-de-irma-dulce\/","title":{"rendered":"Definida a data de beatifica\u00e7\u00e3o de Irm\u00e3 Dulce"},"content":{"rendered":"<p style=\"text-align: justify\">A data para a cerim\u00f4nia de beatifica\u00e7\u00e3o de Irm\u00e3 Dulce j\u00e1 foi definida. Ser\u00e1 no dia 22 de maio de 2011, em missa que ser\u00e1 celebrada no Parque de Exposi\u00e7\u00e3o (Av. Paralela), em Salvador (BA). A informa\u00e7\u00e3o foi divulgada nesta sexta-feira, 24, pela assessoria de comunica\u00e7\u00e3o da arquidiocese de Salvador.<\/p>\n<p>  <!--more-->  <\/p>\n<p style=\"text-align: justify\">De acordo com a assessoria, o arcebispo de Salvador, cardeal dom Geraldo Majella Agnelo, designou o padre Manoel Filho para coordenar o evento. O hor\u00e1rio da missa ainda n\u00e3o foi definido. A comiss\u00e3o organizadora do evento \u00e9 composta por padres, leigos e representantes das Obras Sociais Irm\u00e3 Dulce.<\/p>\n","protected":false},"excerpt":{"rendered":"<p>A data para a cerim\u00f4nia de beatifica\u00e7\u00e3o de Irm\u00e3 Dulce j\u00e1 foi definida. Ser\u00e1 no dia 22 de maio de 2011, em missa que ser\u00e1 celebrada no Parque de Exposi\u00e7\u00e3o (Av. Paralela), em Salvador (BA). A informa\u00e7\u00e3o foi divulgada nesta sexta-feira, 24, pela assessoria de comunica\u00e7\u00e3o da arquidiocese de Salvador.<\/p>\n","protected":false},"author":83,"featured_media":17548,"comment_status":"open","ping_status":"open","sticky":false,"template":"","format":"standard","meta":{"site-sidebar-layout":"default","site-content-layout":"default","ast-global-header-display":"","ast-banner-title-visibility":"","ast-main-header-display":"","ast-hfb-above-header-display":"","ast-hfb-below-header-display":"","ast-hfb-mobile-header-display":"","site-post-title":"","ast-breadcrumbs-content":"","ast-featured-img":"","footer-sml-layout":"","theme-transparent-header-meta":"","adv-header-id-meta":"","stick-header-meta":"","header-above-stick-meta":"","header-main-stick-meta":"","header-below-stick-meta":""},"categories":[784],"tags":[],"acf":[],"_links":{"self":[{"href":"https:\/\/www.cnbb.org.br\/cnbb-app\/wp\/v2\/posts\/26611"}],"collection":[{"href":"https:\/\/www.cnbb.org.br\/cnbb-app\/wp\/v2\/posts"}],"about":[{"href":"https:\/\/www.cnbb.org.br\/cnbb-app\/wp\/v2\/types\/post"}],"author":[{"embeddable":true,"href":"https:\/\/www.cnbb.org.br\/cnbb-app\/wp\/v2\/users\/83"}],"replies":[{"embeddable":true,"href":"https:\/\/www.cnbb.org.br\/cnbb-app\/wp\/v2\/comments?post=26611"}],"version-history":[{"count":0,"href":"https:\/\/www.cnbb.org.br\/cnbb-app\/wp\/v2\/posts\/26611\/revisions"}],"wp:featuredmedia":[{"embeddable":true,"href":"https:\/\/www.cnbb.org.br\/cnbb-app\/wp\/v2\/media\/17548"}],"wp:attachment":[{"href":"https:\/\/www.cnbb.org.br\/cnbb-app\/wp\/v2\/media?parent=26611"}],"wp:term":[{"taxonomy":"category","embeddable":true,"href":"https:\/\/www.cnbb.org.br\/cnbb-app\/wp\/v2\/categories?post=26611"},{"taxonomy":"post_tag","embeddable":true,"href":"https:\/\/www.cnbb.org.br\/cnbb-app\/wp\/v2\/tags?post=26611"}],"curies":[{"name":"wp","href":"https:\/\/api.w.org\/{rel}","templated":true}]}}