{"id":26642,"date":"2011-02-11T00:00:00","date_gmt":"2011-02-11T02:00:00","guid":{"rendered":"https:\/\/www.cnbb.org.br\/80-anos-da-radio-vaticano\/"},"modified":"2011-02-11T00:00:00","modified_gmt":"2011-02-11T02:00:00","slug":"80-anos-da-radio-vaticano","status":"publish","type":"post","link":"https:\/\/www.cnbb.org.br\/80-anos-da-radio-vaticano\/","title":{"rendered":"80 anos da R\u00e1dio Vaticano"},"content":{"rendered":"<p style=\"text-align: justify\">A R\u00e1dio Vaticano comemora, neste s\u00e1bado, 12,\u00a0 80 anos de funda\u00e7\u00e3o. Para comemorar a dada, foi inaugurada ontem, 10, uma exposi\u00e7\u00e3o da R\u00e1dio Vaticano, montada na entrada dos Museus Vaticanos, narrando, com antigos e novos instrumentos, os 80 anos da \u201cR\u00e1dio do Papa\u201d. A exposi\u00e7\u00e3o poder\u00e1 ser visitada durante todo este ano.<\/p>\n<p>  <!--more-->  <\/p>\n<p style=\"text-align: justify\">No seu discurso o assessor para Assuntos Gerais da Secretaria de Estado, Mons. Peter Bryan WellsMons, destacou que \u201cevangelizar significa tamb\u00e9m afrontar as dificuldades \u00e0s quais a Igreja \u00e9 sujeita. R\u00e1dio Vaticano deve ser a voz da Igreja para contrastar aqueles que afirmam que a Igreja n\u00e3o \u00e9 capaz de renovar-se internamente, demonstrando ao inv\u00e9s, a firme vontade de purifica\u00e7\u00e3o manifestada pelo Seu Supremo Pastor. R\u00e1dio Vaticano deve ser a voz que promove a liberdade religiosa no mundo. R\u00e1dio Vaticano deve ser a voz que chama ao di\u00e1logo e \u00e0 conc\u00f3rdia em um mundo que usa cada vez mais o \u00f3dio e \u00e0 viol\u00eancia para resolver conflitos\u201d.<\/p>\n<p style=\"text-align: justify\">\u201cSendo a Igreja de natureza universal, a R\u00e1dio Vaticano tem uma miss\u00e3o universal. \u00c9 ouvida em mais de 40 idiomas e se prop\u00f5e como instrumento por excel\u00eancia para o di\u00e1logo com culturas e religi\u00f5es diferentes\u201d, acrescentou Mons. Wells.<\/p>\n<p style=\"text-align: justify\">O Assessor da Secretaria de Estado da Santa S\u00e9 disse, ainda, que a R\u00e1dio Vaticano \u00e9 como \u201cum guia\u201d para as outras emissoras cat\u00f3licas existentes no mundo e, por isso, deve estar sempre atualizada para garantir que sua mensagem chegue em tempo real a todos os cantos do mundo.<\/p>\n<p style=\"text-align: justify\">A R\u00e1dio Vaticano transmite atualmente em mais de 40 idiomas, incluindo o portugu\u00eas,\u00a0 para todo o mundo, atrav\u00e9s de cinco redes.<\/p>\n<p style=\"text-align: justify\">CNBB\/R\u00e1dio Vaticano<\/p>\n","protected":false},"excerpt":{"rendered":"<p>A R\u00e1dio Vaticano comemora, neste s\u00e1bado, 12,\u00a0 80 anos de funda\u00e7\u00e3o. Para comemorar a dada, foi inaugurada ontem, 10, uma exposi\u00e7\u00e3o da R\u00e1dio Vaticano, montada na entrada dos Museus Vaticanos, narrando, com antigos e novos instrumentos, os 80 anos da \u201cR\u00e1dio do Papa\u201d. A exposi\u00e7\u00e3o poder\u00e1 ser visitada durante todo este ano.<\/p>\n","protected":false},"author":83,"featured_media":26643,"comment_status":"open","ping_status":"open","sticky":false,"template":"","format":"standard","meta":{"site-sidebar-layout":"default","site-content-layout":"default","ast-global-header-display":"","ast-banner-title-visibility":"","ast-main-header-display":"","ast-hfb-above-header-display":"","ast-hfb-below-header-display":"","ast-hfb-mobile-header-display":"","site-post-title":"","ast-breadcrumbs-content":"","ast-featured-img":"","footer-sml-layout":"","theme-transparent-header-meta":"","adv-header-id-meta":"","stick-header-meta":"","header-above-stick-meta":"","header-main-stick-meta":"","header-below-stick-meta":""},"categories":[784],"tags":[],"acf":[],"_links":{"self":[{"href":"https:\/\/www.cnbb.org.br\/cnbb-app\/wp\/v2\/posts\/26642"}],"collection":[{"href":"https:\/\/www.cnbb.org.br\/cnbb-app\/wp\/v2\/posts"}],"about":[{"href":"https:\/\/www.cnbb.org.br\/cnbb-app\/wp\/v2\/types\/post"}],"author":[{"embeddable":true,"href":"https:\/\/www.cnbb.org.br\/cnbb-app\/wp\/v2\/users\/83"}],"replies":[{"embeddable":true,"href":"https:\/\/www.cnbb.org.br\/cnbb-app\/wp\/v2\/comments?post=26642"}],"version-history":[{"count":0,"href":"https:\/\/www.cnbb.org.br\/cnbb-app\/wp\/v2\/posts\/26642\/revisions"}],"wp:featuredmedia":[{"embeddable":true,"href":"https:\/\/www.cnbb.org.br\/cnbb-app\/wp\/v2\/media\/26643"}],"wp:attachment":[{"href":"https:\/\/www.cnbb.org.br\/cnbb-app\/wp\/v2\/media?parent=26642"}],"wp:term":[{"taxonomy":"category","embeddable":true,"href":"https:\/\/www.cnbb.org.br\/cnbb-app\/wp\/v2\/categories?post=26642"},{"taxonomy":"post_tag","embeddable":true,"href":"https:\/\/www.cnbb.org.br\/cnbb-app\/wp\/v2\/tags?post=26642"}],"curies":[{"name":"wp","href":"https:\/\/api.w.org\/{rel}","templated":true}]}}