{"id":26701,"date":"2011-05-01T00:00:00","date_gmt":"2011-05-01T03:00:00","guid":{"rendered":"https:\/\/www.cnbb.org.br\/mais-de-1-milhao-de-pessoas-assistem-a-beatificacao-de-joao-paulo-ii\/"},"modified":"2011-05-01T00:00:00","modified_gmt":"2011-05-01T03:00:00","slug":"mais-de-1-milhao-de-pessoas-assistem-a-beatificacao-de-joao-paulo-ii","status":"publish","type":"post","link":"https:\/\/www.cnbb.org.br\/mais-de-1-milhao-de-pessoas-assistem-a-beatificacao-de-joao-paulo-ii\/","title":{"rendered":"Mais de 1 milh\u00e3o de pessoas participam da missa de beatifica\u00e7\u00e3o de Jo\u00e3o Paulo II"},"content":{"rendered":"<p style=\"text-align: justify\">Mais de um milh\u00e3o de pessoas participaram hoje, dia 1\u00ba de maio, da beatifica\u00e7\u00e3o de Jo\u00e3o Paulo II, uma das maiores da hist\u00f3ria da Igreja. O evento hist\u00f3rico n\u00e3o tem precedente, j\u00e1 que nos \u00faltimos mil anos nenhum papa proclamou seu antecessor como beato. A celebra\u00e7\u00e3o de hoje ganha destaque especial tamb\u00e9m por ser o Domingo da Divina Miseric\u00f3rdia, festa criada por Jo\u00e3o Paulo II, particularmente devoto e ligado \u00e0 santa polonesa Faustina Kowalska, religiosa falecida em 1938 e canonizada pelo pr\u00f3prio Jo\u00e3o Paulo II em 30 de abril de 2000.<\/p>\n<p>  <!--more-->  <\/p>\n<p style=\"text-align: justify\">A data escolhida para a beatifica\u00e7\u00e3o \u00e9 a celebra\u00e7\u00e3o lit\u00fargica mais pr\u00f3xima da morte de Jo\u00e3o Paulo II, que faleceu na v\u00e9spera da festa da Divina Miseric\u00f3rdia em 2005, celebrada anualmente no primeiro domingo depois da P\u00e1scoa.<\/p>\n<p style=\"text-align: justify\">A<img decoding=\"async\" loading=\"lazy\" class=\" alignleft size-full wp-image-9494\" style=\"float: left\" title=\"Foto: Reuters\" alt=\"bentoxviproclamendobeato\" src=\"https:\/\/www.cnbb.org.br\/wp-content\/uploads\/2020\/03\/bentoxviproclamendobeato.jpg\" width=\"300\" height=\"225\" \/>o entrar na Pra\u00e7a de S\u00e3o Pedro, o papa Bento XVI foi acolhido pela multid\u00e3o que o saudou em sua passagem com o papa-m\u00f3vel. A cerim\u00f4nia come\u00e7ou com o pedido formal de beatifica\u00e7\u00e3o feito pelo cardeal Agostino Vallini, vig\u00e1rio-geral do papa para a diocese de Roma, que leu tamb\u00e9m a biografia de Jo\u00e3o Paulo II. Ao seu lado, estava o postulador da causa, monsenhor S\u0142awomir Oder.<\/p>\n<p style=\"text-align: justify\">Em seguida, Bento XVI recitou f\u00f3rmula de beatifica\u00e7\u00e3o em latim, fazendo o an\u00fancio da data da festa lit\u00fargica em 22 de outubro, (dia da primeira missa de seu pontificado) e foi mostrada uma grande foto que retrata Karol Wojtyla, em 1995. A partir daquele momento, a Igreja cat\u00f3lica ganhou um novo beato: o bem-aventurado Jo\u00e3o Paulo II.<\/p>\n<p style=\"text-align: justify\">\u201cHoje diante dos nossos olhos brilha, na plena luz de Cristo ressuscitado, a amada e venerada figura de Jo\u00e3o Paulo II. Hoje, o seu nome junta-se \u00e0 s\u00e9rie dos Santos e Beatos que ele mesmo proclamou durante os seus quase 27 anos de pontificado, lembrando com vigor a voca\u00e7\u00e3o universal \u00e0 medida alta da vida crist\u00e3, \u00e0 santidade\u201d.<\/p>\n<p style=\"text-align: justify\">Um intermin\u00e1vel aplauso, como\u00e7\u00e3o, l\u00e1grimas nos olhos de fieis de todas as idades, cantos e abra\u00e7os inundaram a Pra\u00e7a, que explodiu de alegria.<\/p>\n<p style=\"text-align: justify\"><a href=\"http:\/\/cnbbjoomla.sitesparresia.com\/wp-content\/uploads\/sites\/85\/2011\/05\/HOMILIA_DO_PAPA_BENTO_XVI.doc\" target=\"_blank\" rel=\"noopener\"><span style=\"color: #0000ff\"><strong>Leia a \u00edntegra da homilia do papa Bento XVI<\/strong><\/span><\/a><\/p>\n<p style=\"text-align: justify\"><img decoding=\"async\" loading=\"lazy\" class=\" alignleft size-full wp-image-9496\" style=\"float: left\" title=\"Foto: AFP\" alt=\"caixaojoaopauloii\" src=\"https:\/\/www.cnbb.org.br\/wp-content\/uploads\/2020\/03\/caixaojoaopauloii.jpg\" width=\"300\" height=\"188\" \/>Irm\u00e3 Tobiana, uma das mais pr\u00f3ximas colaboradoras de Jo\u00e3o Paulo II, e Irm\u00e3 Marie Simon Pierre, a religiosa francesa que recebeu a gra\u00e7a por sua intercess\u00e3o e foi curada do mal de Parkinson, levaram as rel\u00edquias ao altar: uma pequena ampola contendo o sangue do beato Jo\u00e3o Paulo II. O caix\u00e3o com os restos mortais de Jo\u00e3o Paulo II ficar\u00e1 exposto hoje para venera\u00e7\u00e3o, at\u00e9 o \u00faltimo devoto, na Bas\u00edlica de S\u00e3o Pedro.<\/p>\n<p style=\"text-align: justify\">\u201cJo\u00e3o Paulo II era reconhecidamente um l\u00edder mundial, um l\u00edder da Igreja que teve influ\u00eancia muito forte nos rumos que a Igreja tomou nas \u00faltimas d\u00e9cadas. Tamb\u00e9m o momento de sua longa enfermidade, a forma edificante e exemplar como ele enfrentou esta enfermidade: ele n\u00e3o se retraiu, continuou fazendo tudo aquilo que era poss\u00edvel, mesmo sofrendo visivelmente. Isto gerou no povo como\u00e7\u00e3o, um sentimento de admira\u00e7\u00e3o pela forma como enfrentou a enfermidade e no momento decisivo de sua morte. Ele era naturalmente querido pelo povo, se dava muito bem com as multid\u00f5es, com a juventude. Por isso, sua morte gerou grande como\u00e7\u00e3o no mundo cat\u00f3lico, mas n\u00e3o s\u00f3, e isso levou as pessoas a fazerem este pedido na Pra\u00e7a S\u00e3o Pedro. Ache que refletia o que era o \u2018sentir\u2019 da Igreja: estamos diante de um homem santo, algu\u00e9m que viveu o significado da santidade profundamente\u201d, disse o representante da Confer\u00eancia Nacional dos Bispos do Brasil (CNBB) na beatifica\u00e7\u00e3o de Jo\u00e3o Paulo II, cardeal dom Odilo Pedro Scherer.<\/p>\n<p style=\"text-align: justify\"><strong>Vig\u00edlia<\/strong><\/p>\n<p style=\"text-align: justify\"><img decoding=\"async\" loading=\"lazy\" class=\" alignright size-full wp-image-9497\" style=\"float: right\" title=\"Foto: Reuters\" alt=\"vigilia-papa\" src=\"https:\/\/www.cnbb.org.br\/wp-content\/uploads\/2020\/03\/vigilia-papa.jpg\" width=\"555\" height=\"430\" \/>A vig\u00edlia da noite passada no Circo M\u00e1ximo em Roma, presidida pelo Cardeal Agostino Vallini, vig\u00e1rio geral para a diocese de Roma, teve o testemunho de tr\u00eas pessoas estreitamente ligadas a Jo\u00e3o Paulo II: a protagonista do milagre que permitiu a beatifica\u00e7\u00e3o, a religiosa francesa Marie Simon Pierre, curada do mal de Parkinson; o ex-diretor da Sala de Imprensa da Santa S\u00e9, Joaqu\u00edn Navarro-Valls e o Cardeal Stanislaw Dziwisz, que foi secret\u00e1rio pessoal de Jo\u00e3o Paulo II por mais de 40 anos.<\/p>\n<p style=\"text-align: justify\">O evento teve a participa\u00e7\u00e3o do Coro da diocese de Roma e da Orquestra do Conservat\u00f3rio de Santa Cec\u00edlia, que interpretou o canto &#8220;<em>Jesus Christ you are my life<\/em>&#8220;. O coro da comunidade filipina de Roma e o coro Gaudium Polonia e interpretaram duas pe\u00e7as tradicionais.<\/p>\n<p style=\"text-align: justify\">Na primeira parte da vig\u00edlia, houve uma celebra\u00e7\u00e3o da mem\u00f3ria, em lembran\u00e7a das palavras e dos gestos de Jo\u00e3o Paulo II. Foi exposta uma grande reprodu\u00e7\u00e3o da imagem de Maria Salus Populi Romani, padroeira da cidade de Roma, e projetadas imagens do pontificado de Jo\u00e3o Paulo II.<\/p>\n<p style=\"text-align: justify\">Ap\u00f3s a s\u00e9rie de testemunhos, inclusive de alguns jovens romanos, foi cantado o hino &#8220;Totus tuus&#8221;, composto no 50\u00ba anivers\u00e1rio da ordena\u00e7\u00e3o sacerdotal de Jo\u00e3o Paulo II (1996).<\/p>\n<p style=\"text-align: justify\">Foi projetado um v\u00eddeo focado principalmente nos meses finais da vida de Jo\u00e3o Paulo II, quando o mal de Parkinson tornou o impossibilitou de falar ou caminhar.<\/p>\n<p style=\"text-align: justify\">A segunda parte do evento come\u00e7ou com palavras do Cardeal Vallini, que apresentou de modo sint\u00e9tico a personalidade espiritual e pastoral do beato.<\/p>\n<p style=\"text-align: justify\">Ap\u00f3s a recita\u00e7\u00e3o dos Mist\u00e9rios Luminosos do Santo Ros\u00e1rio, criados por Jo\u00e3o Paulo II, foi feita a conex\u00e3o direta, via sat\u00e9lite, com cinco santu\u00e1rios marianos espalhados pelo mundo.<\/p>\n","protected":false},"excerpt":{"rendered":"<p>Mais de um milh\u00e3o de pessoas participaram hoje, dia 1\u00ba de maio, da beatifica\u00e7\u00e3o de Jo\u00e3o Paulo II, uma das maiores da hist\u00f3ria da Igreja. O evento hist\u00f3rico n\u00e3o tem precedente, j\u00e1 que nos \u00faltimos mil anos nenhum papa proclamou seu antecessor como beato. A celebra\u00e7\u00e3o de hoje ganha destaque especial tamb\u00e9m por ser o &hellip;<\/p>\n<p class=\"read-more\"> <a class=\"\" href=\"https:\/\/www.cnbb.org.br\/mais-de-1-milhao-de-pessoas-assistem-a-beatificacao-de-joao-paulo-ii\/\"> <span class=\"screen-reader-text\">Mais de 1 milh\u00e3o de pessoas participam da missa de beatifica\u00e7\u00e3o de Jo\u00e3o Paulo II<\/span> Leia mais &raquo;<\/a><\/p>\n","protected":false},"author":83,"featured_media":26702,"comment_status":"open","ping_status":"open","sticky":false,"template":"","format":"standard","meta":{"site-sidebar-layout":"default","site-content-layout":"default","ast-global-header-display":"","ast-banner-title-visibility":"","ast-main-header-display":"","ast-hfb-above-header-display":"","ast-hfb-below-header-display":"","ast-hfb-mobile-header-display":"","site-post-title":"","ast-breadcrumbs-content":"","ast-featured-img":"","footer-sml-layout":"","theme-transparent-header-meta":"","adv-header-id-meta":"","stick-header-meta":"","header-above-stick-meta":"","header-main-stick-meta":"","header-below-stick-meta":""},"categories":[784],"tags":[],"acf":[],"_links":{"self":[{"href":"https:\/\/www.cnbb.org.br\/cnbb-app\/wp\/v2\/posts\/26701"}],"collection":[{"href":"https:\/\/www.cnbb.org.br\/cnbb-app\/wp\/v2\/posts"}],"about":[{"href":"https:\/\/www.cnbb.org.br\/cnbb-app\/wp\/v2\/types\/post"}],"author":[{"embeddable":true,"href":"https:\/\/www.cnbb.org.br\/cnbb-app\/wp\/v2\/users\/83"}],"replies":[{"embeddable":true,"href":"https:\/\/www.cnbb.org.br\/cnbb-app\/wp\/v2\/comments?post=26701"}],"version-history":[{"count":0,"href":"https:\/\/www.cnbb.org.br\/cnbb-app\/wp\/v2\/posts\/26701\/revisions"}],"wp:featuredmedia":[{"embeddable":true,"href":"https:\/\/www.cnbb.org.br\/cnbb-app\/wp\/v2\/media\/26702"}],"wp:attachment":[{"href":"https:\/\/www.cnbb.org.br\/cnbb-app\/wp\/v2\/media?parent=26701"}],"wp:term":[{"taxonomy":"category","embeddable":true,"href":"https:\/\/www.cnbb.org.br\/cnbb-app\/wp\/v2\/categories?post=26701"},{"taxonomy":"post_tag","embeddable":true,"href":"https:\/\/www.cnbb.org.br\/cnbb-app\/wp\/v2\/tags?post=26701"}],"curies":[{"name":"wp","href":"https:\/\/api.w.org\/{rel}","templated":true}]}}