{"id":26742,"date":"2011-08-08T00:00:00","date_gmt":"2011-08-08T03:00:00","guid":{"rendered":"https:\/\/www.cnbb.org.br\/vaticano-aceita-pedido-de-beatificacao-de-religiosa-mineira\/"},"modified":"2011-08-08T00:00:00","modified_gmt":"2011-08-08T03:00:00","slug":"vaticano-aceita-pedido-de-beatificacao-de-religiosa-mineira","status":"publish","type":"post","link":"https:\/\/www.cnbb.org.br\/vaticano-aceita-pedido-de-beatificacao-de-religiosa-mineira\/","title":{"rendered":"Vaticano aceita pedido de beatifica\u00e7\u00e3o de religiosa mineira"},"content":{"rendered":"<p style=\"text-align: justify\">Vai ser dado in\u00edcio ao processo de beatifica\u00e7\u00e3o de mais uma religiosa mineira. Trata-se de Madre Tereza Margarida do Cora\u00e7\u00e3o de Maria. O pedido de beatifica\u00e7\u00e3o foi feito pelo munic\u00edpio de Tr\u00eas Pontas, no sul de Minas Gerais \u00e0 Congrega\u00e7\u00e3o para a Causa do Santos. A religiosa foi respons\u00e1vel pela funda\u00e7\u00e3o do Carmelo S\u00e3o Jos\u00e9, onde viveu enclausurada por 43 anos.<\/p>\n<p>  <!--more-->  <\/p>\n<p style=\"text-align: justify\">Com a aceita\u00e7\u00e3o do Vaticano, a religiosa se torna a segunda do munic\u00edpio mineiro e a quinta da regi\u00e3o do Sul de Minas a poder se tornar beata. Antes de Madre Tereza, a Congrega\u00e7\u00e3o para as Causas do Santos consentiu a abertura do processo para o padre V\u00edtor, de Tr\u00eas Pontas; Monsenhor Alderije, de Santa Rita de Caldas; Nh\u00e1 Chica, de Baependi; e da irm\u00e3 Carmelita, Madre Maria Imaculada, de Pouso Alegre.<\/p>\n<p style=\"text-align: justify\">Maria Luisa Resende Marques (nome de batismo), Madre Tereza Margarida abra\u00e7ou a vida religiosa aos 21 anos quando entrou na Congrega\u00e7\u00e3o das Carmelitas. Em 1962, fundou o Carmelo de S\u00e3o Jos\u00e9, no munic\u00edpio mineiro de Tr\u00eas Pontas.<\/p>\n<p style=\"text-align: justify\">Madre Tereza faleceu em 2005 e seu corpo est\u00e1 sepultado no Cemit\u00e9rio Municipal de Tr\u00eas Pontas. No momento, uma capela est\u00e1 sendo constru\u00edda para abrigar os restos mortais da religiosa.<\/p>\n","protected":false},"excerpt":{"rendered":"<p>Vai ser dado in\u00edcio ao processo de beatifica\u00e7\u00e3o de mais uma religiosa mineira. Trata-se de Madre Tereza Margarida do Cora\u00e7\u00e3o de Maria. O pedido de beatifica\u00e7\u00e3o foi feito pelo munic\u00edpio de Tr\u00eas Pontas, no sul de Minas Gerais \u00e0 Congrega\u00e7\u00e3o para a Causa do Santos. A religiosa foi respons\u00e1vel pela funda\u00e7\u00e3o do Carmelo S\u00e3o Jos\u00e9, &hellip;<\/p>\n<p class=\"read-more\"> <a class=\"\" href=\"https:\/\/www.cnbb.org.br\/vaticano-aceita-pedido-de-beatificacao-de-religiosa-mineira\/\"> <span class=\"screen-reader-text\">Vaticano aceita pedido de beatifica\u00e7\u00e3o de religiosa mineira<\/span> Leia mais &raquo;<\/a><\/p>\n","protected":false},"author":83,"featured_media":26743,"comment_status":"open","ping_status":"open","sticky":false,"template":"","format":"standard","meta":{"site-sidebar-layout":"default","site-content-layout":"default","ast-global-header-display":"","ast-banner-title-visibility":"","ast-main-header-display":"","ast-hfb-above-header-display":"","ast-hfb-below-header-display":"","ast-hfb-mobile-header-display":"","site-post-title":"","ast-breadcrumbs-content":"","ast-featured-img":"","footer-sml-layout":"","theme-transparent-header-meta":"","adv-header-id-meta":"","stick-header-meta":"","header-above-stick-meta":"","header-main-stick-meta":"","header-below-stick-meta":""},"categories":[784],"tags":[],"acf":[],"_links":{"self":[{"href":"https:\/\/www.cnbb.org.br\/cnbb-app\/wp\/v2\/posts\/26742"}],"collection":[{"href":"https:\/\/www.cnbb.org.br\/cnbb-app\/wp\/v2\/posts"}],"about":[{"href":"https:\/\/www.cnbb.org.br\/cnbb-app\/wp\/v2\/types\/post"}],"author":[{"embeddable":true,"href":"https:\/\/www.cnbb.org.br\/cnbb-app\/wp\/v2\/users\/83"}],"replies":[{"embeddable":true,"href":"https:\/\/www.cnbb.org.br\/cnbb-app\/wp\/v2\/comments?post=26742"}],"version-history":[{"count":0,"href":"https:\/\/www.cnbb.org.br\/cnbb-app\/wp\/v2\/posts\/26742\/revisions"}],"wp:featuredmedia":[{"embeddable":true,"href":"https:\/\/www.cnbb.org.br\/cnbb-app\/wp\/v2\/media\/26743"}],"wp:attachment":[{"href":"https:\/\/www.cnbb.org.br\/cnbb-app\/wp\/v2\/media?parent=26742"}],"wp:term":[{"taxonomy":"category","embeddable":true,"href":"https:\/\/www.cnbb.org.br\/cnbb-app\/wp\/v2\/categories?post=26742"},{"taxonomy":"post_tag","embeddable":true,"href":"https:\/\/www.cnbb.org.br\/cnbb-app\/wp\/v2\/tags?post=26742"}],"curies":[{"name":"wp","href":"https:\/\/api.w.org\/{rel}","templated":true}]}}