{"id":26747,"date":"2011-08-18T00:00:00","date_gmt":"2011-08-18T03:00:00","guid":{"rendered":"https:\/\/www.cnbb.org.br\/bento-xvi-aos-jovens-qa-igreja-precisa-de-vosq\/"},"modified":"2011-08-18T00:00:00","modified_gmt":"2011-08-18T03:00:00","slug":"bento-xvi-aos-jovens-qa-igreja-precisa-de-vosq","status":"publish","type":"post","link":"https:\/\/www.cnbb.org.br\/bento-xvi-aos-jovens-qa-igreja-precisa-de-vosq\/","title":{"rendered":"Bento XVI aos jovens: &#8220;A Igreja precisa de v\u00f3s&#8221;"},"content":{"rendered":"<p style=\"text-align: justify\">MADRI &#8211; O papa Bento XVI \u00e0s 19:30h (hor\u00e1rio local), na Pra\u00e7a Cibeles, em Madri. O papa deixou a resid\u00eancia da Nunciatura Apost\u00f3lica, onde est\u00e1 hospedado, \u00e0s 19:15h de papam\u00f3vel at\u00e9 \u00e0 Porta de Alcal\u00e1, um dos monumentos mais importantes de Madri .\u00a0 A\u00ed desceu, recebeu as chaves da cidade das m\u00e3os do Alcade de Madri, Alberto Ruiz-Gallard\u00f3n.<\/p>\n<p><!--more--><\/p>\n<p style=\"text-align: justify\">Durante todo o trajeto, o papa pode sentir a anima\u00e7\u00e3o e euforia dos jovens,que gritavam seu nome e agitavam suas bandeiras numa demonstra\u00e7\u00e3o enorme de carinho pelo sucessor de Pedro. Nem mesmo o sol de quase 40\u00ba tirou o \u00e2nimo da juventude que, desde cedo, tomou as ruas da cidade e lotou as esta\u00e7oes de metr\u00f4 com uma vibra\u00e7\u00e3o de assustar a quem n\u00e3o sabia o que estava acontecendo. Tudo para ficar o mais perto poss\u00edvel do papa.<\/p>\n<p style=\"text-align: justify\">Bento XVI entrou na cidade passando pela Porta de Alcal\u00e1 e <img decoding=\"async\" loading=\"lazy\" class=\" alignright size-full wp-image-11260\" style=\"float: right\" src=\"https:\/\/www.cnbb.org.br\/wp-content\/uploads\/2020\/03\/JMJ-PapaAlcal1.jpg\" alt=\"JMJ-PapaAlcal1\" width=\"311\" height=\"206\" \/>foi cumprimentado por 50 jovens, dez de cada continente. Dos jovens recebeu ramos de oliva e terra e fez o plantio simb\u00f3lico da \u00e1rvore como lembran\u00e7a de sua visita a Madri. Em seguida, assistiu a uma exibi\u00e7\u00e3o com cavalos de ra\u00e7a espanhola, recebendo as boas-vindas de seis cavaleiros.<\/p>\n<p style=\"text-align: justify\">No palco montado na Pra\u00e7a Cibeles, a arcebispo de Madri, cardeal Ant\u00f4nio Mar\u00eda Rouco sa\u00fado Bento VI, e agradeceu sua visita a Madri. \u201c[Os jovens] aqui est\u00e3o, querido Santo Padre, para viver este encontro com o Papa como filhos e irm\u00e3os da mesma Igreja, o novo povo de Deus que n\u00e3o conhece fronteiras!\u201d, disse o cardeal. \u201cEstes jovens conhecem o sentido mais provundo de suas vidas, porque n\u00e3o lhes falta Cristo\u201d, acrescentou.<\/p>\n<p style=\"text-align: justify\"><img decoding=\"async\" loading=\"lazy\" class=\" alignleft size-full wp-image-11261\" style=\"float: left\" src=\"https:\/\/www.cnbb.org.br\/wp-content\/uploads\/2020\/03\/JMJ-PapaCibeles2.jpg\" alt=\"JMJ-PapaCibeles2\" width=\"300\" height=\"229\" \/><strong>Sauda\u00e7\u00e3o dos jovens<\/strong><\/p>\n<p style=\"text-align: justify\">Bento XVI foi acolhido, ainda, por cinco jovens, um de cada continente, que lhe entregaram presentes. O papa fez uma breve sauda\u00e7\u00e3o aos jovens lembrando que a presen\u00e7a e participa\u00e7\u00e3o deles nas celebra\u00e7\u00f5es durante a JMJ \u201cressoar\u00e1 por todos os cantos desta ilustre cidade\u201d. &#8220;Rezemos para que sua mensagem [de Cristo] de esperan\u00e7a e de amor tenha eco tamb\u00e9m no cora\u00e7\u00e3o daqueles que n\u00e3o cr\u00eaem ou se afastaram da Igreja&#8221;.<\/p>\n<p style=\"text-align: justify\">O papa saudou os jovens presentes na pra\u00e7a em cinco l\u00ednguas. Aos de l\u00edngua portuguesa convidou a \u201csubir at\u00e9 a fonte eterna da vossa juventude e conhecer o protagonista desta Jornada Mundial e, espero, de vossa vida: Cristo Senhor\u201d. Ele exortou os jovens a edificarem suas vidas na Palavra de Cristo. \u201cA Igreja precisa de v\u00f3s e v\u00f3s precisais da Igreja\u201d, afirmou.<\/p>\n<p style=\"text-align: justify\"><strong>Protagonistas na busca da verdade<\/strong><\/p>\n<p style=\"text-align: justify\"><img decoding=\"async\" loading=\"lazy\" class=\" alignleft size-full wp-image-11262\" style=\"float: left\" src=\"https:\/\/www.cnbb.org.br\/wp-content\/uploads\/2020\/03\/JMJ-PapaCibeles4.jpg\" alt=\"JMJ-PapaCibeles4\" width=\"279\" height=\"275\" \/>No seu discurso, ap\u00f3s a leitura do evangelho de S\u00e3o Mateus, o papa alertou os jovens para n\u00e3o sucumbirem \u00e0 tenta\u00e7\u00e3o de decidirem por si mesmos o que \u00e9 verdade ou n\u00e3o.<\/p>\n<p style=\"text-align: justify\">\u201cH\u00e1 muitos que, julgando-se deuses, pensam que n\u00e3o t\u00eam necessidade de outras ra\u00edzes nem de outros alicerces para al\u00e9m de si mesmos. Desejariam decidir, por si s\u00f3s, o que \u00e9 verdade ou n\u00e3o; o que \u00e9 bom ou mau, justo ou injusto; decidir quem \u00e9 digno de viver ou poder ser sacrificado nas aras de outras prefer\u00eancias\u201d, disse.<\/p>\n<p style=\"text-align: justify\">\u201cEstas tenta\u00e7\u00f5es est\u00e3o sempre \u00e0 espreita.\u00a0 \u00c9 importante n\u00e3o sucumbir a elas, porque, na realizade, conduzem a algo t\u00e3o f\u00fatil como uma exist\u00eancia sem horizontes, uma liberdade sem Deus\u201d, acrescentou.<\/p>\n<p style=\"text-align: justify\">O papa recordou que a pessoa humana foi criada livre, \u201c\u00e0 imagem e semelhan\u00e7a de Deus\u201d, para ser \u201cprotagonista da busca da verdade e do bem\u201d. \u201cDeus quer um interlocutor respons\u00e1vel, algu\u00e9m que possa dialogar com Ele e am\u00e1-lo\u201d, acentuou.<\/p>\n<p style=\"text-align: justify\">Bento XVI tamb\u00e9m incentivou os jovens a abrirem o cora\u00e7\u00e3o para a palavra de Cristo. \u201cH\u00e1 palavras que servem apenas para entreter e passam como o vento; outras instruem sob alguns aspectos a mente; as palavras de Jesus, ao inv\u00e9s, t\u00eam de chegar ao cora\u00e7\u00e3o, radicar-se nele e modelar a vida inteira. Sem isso, ficam est\u00e9reis e tornam-se ef\u00eameras; n\u00e3o nos aproximam d\u00b4Ele\u201d, disse o papa.<\/p>\n<p style=\"text-align: justify\">Leia, na \u00edntegra,<span style=\"text-decoration: underline\"> <strong><a href=\"http:\/\/cnbbjoomla.sitesparresia.com\/wp-content\/uploads\/sites\/85\/2011\/08\/Bento_XVI_em_Madri_-_Discurso_2.doc\" target=\"_blank\" rel=\"noopener\">a sauda\u00e7\u00e3o inicia<\/a>l<\/strong><\/span> e o <span style=\"text-decoration: underline\"><strong><a href=\"http:\/\/cnbbjoomla.sitesparresia.com\/wp-content\/uploads\/sites\/85\/2011\/08\/Bento_XVI_em_Madri_-_Discurso_3.doc\" target=\"_blank\" rel=\"noopener\">discurso do papa<\/a><\/strong><\/span> aos jovens na Pra\u00e7a Cibeles<\/p>\n<p style=\"text-align: justify\"><img decoding=\"async\" loading=\"lazy\" class=\" size-full wp-image-11265\" title=\"Os jovens chegaram cedo \u00e0 Pra\u00e7a Cibeles para ver e ouvir Bento XVI\" src=\"https:\/\/www.cnbb.org.br\/wp-content\/uploads\/2020\/03\/JMJ-EncontroPapaCibeles1.jpg\" alt=\"JMJ-EncontroPapaCibeles1\" width=\"555\" height=\"369\" \/><\/p>\n<p style=\"text-align: justify\"><strong>Agenda<\/strong><br \/>\nAmanh\u00e3, 19, Bento XVI cumpre uma extensa agenda a partir das 7:30h (hor\u00e1rio local). Confira abaixo.<br \/>\n7:30h &#8211; Missa privada na Capela da Nunciatura Apost\u00f3lica de Madri.<br \/>\n10:00h &#8211; Visita a Suas Majestades os Reis de Espanha no Pal\u00e1cio da Zarzuela de Madri.<br \/>\n11:30h &#8211; Encontro com religiosas jovens no P\u00e1tio dos Reis de El Escorial. 12:00h &#8211; Encontro com professores universit\u00e1rios jovens na Bas\u00edlica de S\u00e3o Louren\u00e7o de El Escorial.<br \/>\n13:45 &#8211; Almo\u00e7o com dez jovens dos cinco continentes, no sal\u00e3o dos embaixadores na Nunciatura Apost\u00f3lica de Madri.<br \/>\n17:30h &#8211; Encontro oficial com o presidente do governo na Nunciatura Apost\u00f3lica de Madri.<br \/>\n19:30h \u2013 Via-Sacra com os jovens na Pra\u00e7a Cibeles. Discurso do Santo PadrePapa aos jovens: \u201cQue a chama do amor de Cristo nunca se apague de vossos cora\u00e7\u00f5es<\/p>\n","protected":false},"excerpt":{"rendered":"<p>MADRI &#8211; O papa Bento XVI \u00e0s 19:30h (hor\u00e1rio local), na Pra\u00e7a Cibeles, em Madri. O papa deixou a resid\u00eancia da Nunciatura Apost\u00f3lica, onde est\u00e1 hospedado, \u00e0s 19:15h de papam\u00f3vel at\u00e9 \u00e0 Porta de Alcal\u00e1, um dos monumentos mais importantes de Madri .\u00a0 A\u00ed desceu, recebeu as chaves da cidade das m\u00e3os do Alcade de &hellip;<\/p>\n<p class=\"read-more\"> <a class=\"\" href=\"https:\/\/www.cnbb.org.br\/bento-xvi-aos-jovens-qa-igreja-precisa-de-vosq\/\"> <span class=\"screen-reader-text\">Bento XVI aos jovens: &#8220;A Igreja precisa de v\u00f3s&#8221;<\/span> Leia mais &raquo;<\/a><\/p>\n","protected":false},"author":83,"featured_media":26748,"comment_status":"open","ping_status":"open","sticky":false,"template":"","format":"standard","meta":{"site-sidebar-layout":"default","site-content-layout":"default","ast-global-header-display":"","ast-banner-title-visibility":"","ast-main-header-display":"","ast-hfb-above-header-display":"","ast-hfb-below-header-display":"","ast-hfb-mobile-header-display":"","site-post-title":"","ast-breadcrumbs-content":"","ast-featured-img":"","footer-sml-layout":"","theme-transparent-header-meta":"","adv-header-id-meta":"","stick-header-meta":"","header-above-stick-meta":"","header-main-stick-meta":"","header-below-stick-meta":""},"categories":[784],"tags":[],"acf":[],"_links":{"self":[{"href":"https:\/\/www.cnbb.org.br\/cnbb-app\/wp\/v2\/posts\/26747"}],"collection":[{"href":"https:\/\/www.cnbb.org.br\/cnbb-app\/wp\/v2\/posts"}],"about":[{"href":"https:\/\/www.cnbb.org.br\/cnbb-app\/wp\/v2\/types\/post"}],"author":[{"embeddable":true,"href":"https:\/\/www.cnbb.org.br\/cnbb-app\/wp\/v2\/users\/83"}],"replies":[{"embeddable":true,"href":"https:\/\/www.cnbb.org.br\/cnbb-app\/wp\/v2\/comments?post=26747"}],"version-history":[{"count":0,"href":"https:\/\/www.cnbb.org.br\/cnbb-app\/wp\/v2\/posts\/26747\/revisions"}],"wp:featuredmedia":[{"embeddable":true,"href":"https:\/\/www.cnbb.org.br\/cnbb-app\/wp\/v2\/media\/26748"}],"wp:attachment":[{"href":"https:\/\/www.cnbb.org.br\/cnbb-app\/wp\/v2\/media?parent=26747"}],"wp:term":[{"taxonomy":"category","embeddable":true,"href":"https:\/\/www.cnbb.org.br\/cnbb-app\/wp\/v2\/categories?post=26747"},{"taxonomy":"post_tag","embeddable":true,"href":"https:\/\/www.cnbb.org.br\/cnbb-app\/wp\/v2\/tags?post=26747"}],"curies":[{"name":"wp","href":"https:\/\/api.w.org\/{rel}","templated":true}]}}