{"id":26765,"date":"2011-09-26T00:00:00","date_gmt":"2011-09-26T03:00:00","guid":{"rendered":"https:\/\/www.cnbb.org.br\/papa-celebra-missa-em-friburgo-para-mais-de-100-mil-pessoas\/"},"modified":"2020-03-11T21:39:16","modified_gmt":"2020-03-12T00:39:16","slug":"papa-celebra-missa-em-friburgo-para-mais-de-100-mil-pessoas","status":"publish","type":"post","link":"https:\/\/www.cnbb.org.br\/papa-celebra-missa-em-friburgo-para-mais-de-100-mil-pessoas\/","title":{"rendered":"Papa celebra missa em Friburgo para mais de 100 mil pessoas"},"content":{"rendered":"<p style=\"text-align: justify\">Diante de Deus \u201cn\u00e3o contam as palavras, mas o agir, a a\u00e7\u00e3o de convers\u00e3o e de f\u00e9\u201d. Assim, o papa Bento XVI comentou a par\u00e1bola dos dois filhos convidados pelo pai a trabalhar na vinha, no Evangelho de Mateus. Diante de uma multid\u00e3o de mais de 100 mil fi\u00e9is, com os bispos provenientes de todas as dioceses da Alemanha, o papa presidiu na manh\u00e3 de ontem, 25, no aeroporto de Friburgo, a missa e a ora\u00e7\u00e3o do \u00c2ngelus no \u00faltimo dia desta 21\u00aa viagem apost\u00f3lica.<\/p>\n<p>  <!--more-->  <\/p>\n<p style=\"text-align: justify\">\u201cN\u00e3o s\u00e3o as palavras que contam, mas o agir, os atos de convers\u00e3o e de f\u00e9\u201d. O perigo \u00e9 o de uma \u201creligiosidade rotineira\u201d, em que \u201cDeus j\u00e1 n\u00e3o inquieta\u201d. Ora \u2013 segundo as palavras de Jesus, traduzidas em linguagem do nosso tempo &#8211; \u201cos fi\u00e9is rotineiros, que na Igreja j\u00e1 s\u00f3 conseguem ver o aparato, sem que o seu cora\u00e7\u00e3o seja tocado pela f\u00e9\u201d est\u00e3o mais longe do Reino de Deus do que \u201cagn\u00f3sticos que se mant\u00eam inquietos por causa da quest\u00e3o de Deus\u201d e do que \u201cpessoas que sofrem por causa dos nossos pecados e sentem desejo de um cora\u00e7\u00e3o puro\u201d. \u00c9 importante que a palavra de Jesus nos \u201cabale\u201d a todos, considera o papa. Em \u00faltima an\u00e1lise, a renova\u00e7\u00e3o da Igreja s\u00f3 poder\u00e1 realizar-se atrav\u00e9s da disponibilidade \u00e0 convers\u00e3o e de uma f\u00e9 renovada\u201d, disse.<\/p>\n<p style=\"text-align: justify\"><img decoding=\"async\" loading=\"lazy\" class=\" alignleft size-full wp-image-11900\" style=\"float: left\" alt=\"papaemfriburg1\" src=\"https:\/\/www.cnbb.org.br\/wp-content\/uploads\/2020\/03\/papaemfriburg1.jpg\" height=\"312\" width=\"555\" \/>\u201cA palavra de Jesus deve fazer-nos refletir; antes, deve abalar a todos n\u00f3s. Isto, por\u00e9m, n\u00e3o significa de modo algum que todos quantos vivem na Igreja e trabalham para ela se devam considerar distantes de Jesus e do Reino de Deus. Absolutamente, n\u00e3o! Antes, este \u00e9 o momento bom para dizer uma palavra de profunda gratid\u00e3o a tantos colaboradores, contratados ou volunt\u00e1rios, sem os quais a vida nas par\u00f3quias e na Igreja inteira seria impens\u00e1vel\u201d, ressaltou o papa Bento XVI.<\/p>\n<p style=\"text-align: justify\">Misteriosamente, por detr\u00e1s dos dois filhos da par\u00e1bola do Evangelho deste dia, perfila-se um terceiro filho \u2013 observou o papa, referindo a Jesus, \u201co Filho Unig\u00eanito de Deus, que aqui nos reuniu a todos\u201d. Como t\u00e3o bem exprime a Leitura aos Filipenses, em humildade e obedi\u00eancia, Jesus cumpriu a vontade do Pai, morreu na cruz pelos seus irm\u00e3os e irm\u00e3s e redimiu-nos da nossa soberba e obstina\u00e7\u00e3o. \u00c9 Jesus o ponto de refer\u00eancia para todos os crist\u00e3os, o crit\u00e9rio permanente para a Igreja. \u201cA vida crist\u00e3 deve medir-se continuamente pela de Cristo: Tende entre v\u00f3s os mesmos sentimentos que havia em Cristo Jesus\u201d.<\/p>\n<p style=\"text-align: justify\"><img decoding=\"async\" loading=\"lazy\" class=\" alignleft size-full wp-image-11901\" style=\"float: left\" alt=\"papaemfriburg2\" src=\"https:\/\/www.cnbb.org.br\/wp-content\/uploads\/2020\/03\/papaemfriburg2.jpg\" height=\"188\" width=\"300\" \/>\u201cQueridos amigos, com Paulo ouso exortar-vos: Tornai plena a minha alegria, permanecendo firmemente unidos em Cristo! A Igreja na Alemanha vencer\u00e1 os grandes desafios do presente e do futuro e continuar\u00e1 a ser fermento na sociedade, se os sacerdotes, as pessoas consagradas e os leigos que acreditam em Cristo, na fidelidade \u00e0 voca\u00e7\u00e3o espec\u00edfica de cada um, colaborarem em unidade; se as par\u00f3quias, as comunidades e os movimentos se apoiarem e enriquecerem mutuamente; se os batizados e os crismados, em uni\u00e3o com o bispo, mantiverem alta a chama de uma f\u00e9 intacta e, por ela, deixarem iluminar a riqueza dos seus conhecimentos e capacidades\u201d, disse o papa.<\/p>\n<p style=\"text-align: justify\">O papa concluiu dizendo: \u201cA vida crist\u00e3 \u00e9 viver para o outro, um compromisso humilde a favor do pr\u00f3ximo e do bem comum. Amados fi\u00e9is, a humildade \u00e9 uma virtude que hoje n\u00e3o goza de grande estima. Mas os disc\u00edpulos do Senhor sabem que esta virtude \u00e9, por assim dizer, o \u00f3leo que torna fecundos os processos de di\u00e1logo, f\u00e1cil a colabora\u00e7\u00e3o e cordial a unidade. Humilitas, a palavra latina que deriva \u2018humildade\u2019, tem a ver com humus, isto \u00e9, com a ader\u00eancia \u00e0 terra, \u00e0 realidade. As pessoas humildes vivem com ambos os p\u00e9s na terra; mas sobretudo escutam Cristo, a Palavra de Deus, que ininterruptamente renova a Igreja e cada um dos seus membros\u201d.<\/p>\n","protected":false},"excerpt":{"rendered":"<p>Diante de Deus \u201cn\u00e3o contam as palavras, mas o agir, a a\u00e7\u00e3o de convers\u00e3o e de f\u00e9\u201d. Assim, o papa Bento XVI comentou a par\u00e1bola dos dois filhos convidados pelo pai a trabalhar na vinha, no Evangelho de Mateus. Diante de uma multid\u00e3o de mais de 100 mil fi\u00e9is, com os bispos provenientes de todas &hellip;<\/p>\n<p class=\"read-more\"> <a class=\"\" href=\"https:\/\/www.cnbb.org.br\/papa-celebra-missa-em-friburgo-para-mais-de-100-mil-pessoas\/\"> <span class=\"screen-reader-text\">Papa celebra missa em Friburgo para mais de 100 mil pessoas<\/span> Leia mais &raquo;<\/a><\/p>\n","protected":false},"author":83,"featured_media":26766,"comment_status":"open","ping_status":"open","sticky":false,"template":"","format":"standard","meta":{"site-sidebar-layout":"default","site-content-layout":"default","ast-global-header-display":"","ast-banner-title-visibility":"","ast-main-header-display":"","ast-hfb-above-header-display":"","ast-hfb-below-header-display":"","ast-hfb-mobile-header-display":"","site-post-title":"","ast-breadcrumbs-content":"","ast-featured-img":"","footer-sml-layout":"","theme-transparent-header-meta":"","adv-header-id-meta":"","stick-header-meta":"","header-above-stick-meta":"","header-main-stick-meta":"","header-below-stick-meta":""},"categories":[784],"tags":[],"acf":[],"_links":{"self":[{"href":"https:\/\/www.cnbb.org.br\/cnbb-app\/wp\/v2\/posts\/26765"}],"collection":[{"href":"https:\/\/www.cnbb.org.br\/cnbb-app\/wp\/v2\/posts"}],"about":[{"href":"https:\/\/www.cnbb.org.br\/cnbb-app\/wp\/v2\/types\/post"}],"author":[{"embeddable":true,"href":"https:\/\/www.cnbb.org.br\/cnbb-app\/wp\/v2\/users\/83"}],"replies":[{"embeddable":true,"href":"https:\/\/www.cnbb.org.br\/cnbb-app\/wp\/v2\/comments?post=26765"}],"version-history":[{"count":0,"href":"https:\/\/www.cnbb.org.br\/cnbb-app\/wp\/v2\/posts\/26765\/revisions"}],"wp:featuredmedia":[{"embeddable":true,"href":"https:\/\/www.cnbb.org.br\/cnbb-app\/wp\/v2\/media\/26766"}],"wp:attachment":[{"href":"https:\/\/www.cnbb.org.br\/cnbb-app\/wp\/v2\/media?parent=26765"}],"wp:term":[{"taxonomy":"category","embeddable":true,"href":"https:\/\/www.cnbb.org.br\/cnbb-app\/wp\/v2\/categories?post=26765"},{"taxonomy":"post_tag","embeddable":true,"href":"https:\/\/www.cnbb.org.br\/cnbb-app\/wp\/v2\/tags?post=26765"}],"curies":[{"name":"wp","href":"https:\/\/api.w.org\/{rel}","templated":true}]}}