{"id":26824,"date":"2011-12-26T00:00:00","date_gmt":"2011-12-26T02:00:00","guid":{"rendered":"https:\/\/www.cnbb.org.br\/atentados-na-nigeria-qodio-cego-e-absurdoq-diz-porta-voz-do-papa\/"},"modified":"2011-12-26T00:00:00","modified_gmt":"2011-12-26T02:00:00","slug":"atentados-na-nigeria-qodio-cego-e-absurdoq-diz-porta-voz-do-papa","status":"publish","type":"post","link":"https:\/\/www.cnbb.org.br\/atentados-na-nigeria-qodio-cego-e-absurdoq-diz-porta-voz-do-papa\/","title":{"rendered":"Atentados na Nig\u00e9ria: &#8220;\u00f3dio cego e absurdo&#8221;, diz Porta-voz do Papa"},"content":{"rendered":"<p style=\"text-align: justify\">Natal manchado de sangue na Nig\u00e9ria: ataques com bombas contra igrejas durante as celebra\u00e7\u00f5es natalinas mataram 40 pessoas neste domingo em v\u00e1rios pontos do pa\u00eds.As informa\u00e7\u00f5es foram repassadas pela R\u00e1dio Vaticano.<\/p>\n<p>  <!--more-->  <\/p>\n<p>\u00a0<\/p>\n<div style=\"text-align: justify\">A seita isl\u00e2mica Boko Haram assumiu a autoria do atentado contra a Igreja de Santa Teresa em Madalla, perto da capital, Abuja, que matou 35 pessoas. Houve ainda tr\u00eas outras explos\u00f5es, uma delas na igreja evang\u00e9lica da cidade de Jos, no centro da Nig\u00e9ria, na qual morreu um policial que vigiava o templo, e em Damaturu, onde quatro pessoas perderam a vida. <\/p>\n<p>\u201cSomos respons\u00e1veis por todos os ataques dos \u00faltimos dias, inclusive a bomba na igreja de Madalla\u201d \u2013 foi a reivindica\u00e7\u00e3o feita por telefone \u00e0 ag\u00eancia France Press por um porta-voz da Boko Haram, Abul Qaqa. \u201cContinuaremos lan\u00e7ando ataques como estes no norte do pa\u00eds nos pr\u00f3ximos dias\u201d &#8211; advertiu a fonte do movimento, que promove a cria\u00e7\u00e3o de um Estado isl\u00e2mico na Nig\u00e9ria. <\/p>\n<p>O presidente nigeriano, Goodluck Jonathan, condenou os atos de viol\u00eancia contra cidad\u00e3os inocentes como uma injustificada afronta \u00e0 nossa seguran\u00e7a e \u00e0 nossa liberdade. Ele prometeu que \u201co governo n\u00e3o vacilar\u00e1 em sua determina\u00e7\u00e3o de levar \u00e0 Justi\u00e7a todos os que perpetraram atos de viol\u00eancia hoje e no passado\u201d. <\/p>\n<p>O ministro do Interior, Caleb Olubolad, que visitou uma das igrejas atacadas, disse que \u201c\u00e9 como se ocorresse uma guerra interna no pa\u00eds\u201d. \u201cDevemos estar realmente \u00e0 altura e enfrentar a situa\u00e7\u00e3o\u201d. A Casa Branca denunciou a viol\u00eancia gratuita e as tr\u00e1gicas mortes no dia do Natal. <\/p>\n<p>\u201cO atentado contra a igreja na Nig\u00e9ria, precisamente no dia de Natal, manifesta infelizmente mais uma vez um \u00f3dio cego e absurdo que n\u00e3o tem nenhum respeito pela vida humana&#8221; &#8211; disse o Diretor da Sala de Imprensa da Santa S\u00e9, Pe. Federico Lombardi, em declara\u00e7\u00e3o. Segundo ele, o atentado contra a igreja cat\u00f3lica em Madalla \u201cbusca suscitar e alimentar ainda mais o \u00f3dio e a confus\u00e3o\u201d.<\/p><\/div>\n<div style=\"text-align: justify\"><\/div>\n<p style=\"text-align: justify\">Ap\u00f3s rezar a ora\u00e7\u00e3o do Angelus, falando a milhares de fi\u00e9is na Pra\u00e7a S\u00e3o Pedro, e via TV e r\u00e1dio, a milh\u00f5es em todo o mundo, o Papa manifestou na manh\u00e3 desta segunda-feira sua reprova\u00e7\u00e3o aos atentados ocorridos domingo na Nig\u00e9ria:<\/p>\n<p>\u201cO Santo Natal desperta em n\u00f3s, de modo ainda mais forte, a ora\u00e7\u00e3o a Deus para que segure as m\u00e3os dos violentos, daqueles que semeiam morte; e para que a justi\u00e7a e a paz reinem no mundo. No entanto, nossa terra continua sendo manchada pelo sangue de inocentes\u201d \u2013 disse o Pont\u00edfice. <\/p>\n<p>\u201cRecebi com profunda tristeza a not\u00edcia dos atentados que novamente este ano, no dia do Nascimento de Jesus, levaram luto e dor a algumas igrejas da Nig\u00e9ria. Gostaria de manifestar minha sincera e carinhosa presen\u00e7a junto \u00e0 comunidade crist\u00e3 e de todos os que foram atingidos por este absurgo gesto; e convido a rezarem ao Senhor pelas in\u00fameras v\u00edtimas\u201d \u2013 prosseguiu. <\/p>\n<p>Concluindo sua exorta\u00e7\u00e3o, Bento XVI apelou para que com a colabora\u00e7\u00e3o de diversos componentes sociais, a seguran\u00e7a e a tranquilidade sejam recuperadas: <\/p>\n<p>\u201cNeste momento, quero repetir mais uma vez, com firmeza: a viol\u00eancia \u00e9 um caminho que conduz exclusivamente \u00e0 dor. O respeito, a reconcilia\u00e7\u00e3o e amor s\u00e3o os caminhos para se chegar \u00e0 paz\u201d.<\/p>\n<p>\u00a0<\/p>\n","protected":false},"excerpt":{"rendered":"<p>Natal manchado de sangue na Nig\u00e9ria: ataques com bombas contra igrejas durante as celebra\u00e7\u00f5es natalinas mataram 40 pessoas neste domingo em v\u00e1rios pontos do pa\u00eds.As informa\u00e7\u00f5es foram repassadas pela R\u00e1dio Vaticano.<\/p>\n","protected":false},"author":83,"featured_media":26825,"comment_status":"open","ping_status":"open","sticky":false,"template":"","format":"standard","meta":{"site-sidebar-layout":"default","site-content-layout":"default","ast-global-header-display":"","ast-banner-title-visibility":"","ast-main-header-display":"","ast-hfb-above-header-display":"","ast-hfb-below-header-display":"","ast-hfb-mobile-header-display":"","site-post-title":"","ast-breadcrumbs-content":"","ast-featured-img":"","footer-sml-layout":"","theme-transparent-header-meta":"","adv-header-id-meta":"","stick-header-meta":"","header-above-stick-meta":"","header-main-stick-meta":"","header-below-stick-meta":""},"categories":[784],"tags":[],"acf":[],"_links":{"self":[{"href":"https:\/\/www.cnbb.org.br\/cnbb-app\/wp\/v2\/posts\/26824"}],"collection":[{"href":"https:\/\/www.cnbb.org.br\/cnbb-app\/wp\/v2\/posts"}],"about":[{"href":"https:\/\/www.cnbb.org.br\/cnbb-app\/wp\/v2\/types\/post"}],"author":[{"embeddable":true,"href":"https:\/\/www.cnbb.org.br\/cnbb-app\/wp\/v2\/users\/83"}],"replies":[{"embeddable":true,"href":"https:\/\/www.cnbb.org.br\/cnbb-app\/wp\/v2\/comments?post=26824"}],"version-history":[{"count":0,"href":"https:\/\/www.cnbb.org.br\/cnbb-app\/wp\/v2\/posts\/26824\/revisions"}],"wp:featuredmedia":[{"embeddable":true,"href":"https:\/\/www.cnbb.org.br\/cnbb-app\/wp\/v2\/media\/26825"}],"wp:attachment":[{"href":"https:\/\/www.cnbb.org.br\/cnbb-app\/wp\/v2\/media?parent=26824"}],"wp:term":[{"taxonomy":"category","embeddable":true,"href":"https:\/\/www.cnbb.org.br\/cnbb-app\/wp\/v2\/categories?post=26824"},{"taxonomy":"post_tag","embeddable":true,"href":"https:\/\/www.cnbb.org.br\/cnbb-app\/wp\/v2\/tags?post=26824"}],"curies":[{"name":"wp","href":"https:\/\/api.w.org\/{rel}","templated":true}]}}