{"id":26842,"date":"2012-01-05T00:00:00","date_gmt":"2012-01-05T02:00:00","guid":{"rendered":"https:\/\/www.cnbb.org.br\/os-jovens-e-a-paz-que-o-papa-proclama\/"},"modified":"2012-01-05T00:00:00","modified_gmt":"2012-01-05T02:00:00","slug":"os-jovens-e-a-paz-que-o-papa-proclama","status":"publish","type":"post","link":"https:\/\/www.cnbb.org.br\/os-jovens-e-a-paz-que-o-papa-proclama\/","title":{"rendered":"Os jovens e a Paz que o Papa proclama!"},"content":{"rendered":"<p style=\"text-align: right\"><strong><span style=\"font-size: 12pt\">Dom Eurico dos Santos Veloso<br \/>Arcebispo Em\u00e9rito de Juiz de Fora (MG)<\/span><\/strong><\/p>\n<p style=\"text-align: justify\">H\u00e1 45 anos, desde o saudoso Papa Paulo VI, os Papas publicam uma mensagem pelo dia mundial de ora\u00e7\u00e3o pela paz. Neste ano de 2012 a mensagem \u00e9 dirigida especialmente aos jovens. O Papa Bento XVI deseja que os jovens sejam educados para a paz. Deseja, ainda, que este tempo inaugurado a partir de 01\/01\/2012, dia Mundial da Paz, fique marcado pela justi\u00e7a e pela paz.<\/p>\n<p>  <!--more-->  <\/p>\n<p style=\"text-align: justify\">Bento XVI cita o salmo 130 em que o salmista diz que o homem de f\u00e9 aguarda pelo Senhor \u201cmais do que a sentinela pela aurora\u201d. Aguarda por Ele com firme esperan\u00e7a porque sabe que trar\u00e1 luz, miseric\u00f3rdia e salva\u00e7\u00e3o. O Papa exorta os fi\u00e9is que, apesar das dificuldades encontradas no ano que termina, \u00e9 preciso olhar o ano de 2012 com confian\u00e7a.<\/p>\n<p style=\"text-align: justify\">A expectativa, a esperan\u00e7a \u00e9 especialmente viva nos jovens e \u00e9 por isto que o Papa se volta para eles, lembrando a contribui\u00e7\u00e3o que podem oferecer \u00e0 sociedade.<\/p>\n<p style=\"text-align: justify\">Sua Santidade se dirige tamb\u00e9m aos pais, \u00e0s fam\u00edlias e a todas as pessoas que atuam no \u00e2mbito educativo. Como Vig\u00e1rio de Cristo o Papa pede aos educadores que eduquem para a justi\u00e7a, lembrando Mateus 5,6: \u201cFelizes os que t\u00eam fome e sede de justi\u00e7a, porque ser\u00e3o saciados.\u201d<\/p>\n<p style=\"text-align: justify\">O Papa lembra tamb\u00e9m que \u201ca paz n\u00e3o \u00e9 s\u00f3 aus\u00eancia de guerra e nem se limita a assegurar o equil\u00edbrio das for\u00e7as adversas\u201d. <br \/>A paz depende da justi\u00e7a e da fraternidade. \u00c9 uma obra a ser constru\u00edda. \u00c9 preciso levantar os olhos para Deus porque Ele \u00e9 o nosso aux\u00edlio.<\/p>\n<p style=\"text-align: justify\">Em seguida, o Papa se dirige aos jovens. Exorta-os a que n\u00e3o se desanimem. Pede que eles vivam intensamente essa fase da vida que \u00e9 rica e cheia de entusiasmo.<\/p>\n<p style=\"text-align: justify\">A Igreja confia nos jovens, encoraja-os e oferece a eles a possibilidade de levantar os olhos para Deus, de encontrar Jesus Cristo, Ele que \u00e9 a justi\u00e7a e a paz.<\/p>\n<p style=\"text-align: justify\">O Papa termina dizendo que a sua mensagem se faz apelo para que unamos as nossas for\u00e7as espirituais, morais e materiais a fim de educar os jovens para a justi\u00e7a e a paz.<\/p>\n","protected":false},"excerpt":{"rendered":"<p>Dom Eurico dos Santos VelosoArcebispo Em\u00e9rito de Juiz de Fora (MG) H\u00e1 45 anos, desde o saudoso Papa Paulo VI, os Papas publicam uma mensagem pelo dia mundial de ora\u00e7\u00e3o pela paz. Neste ano de 2012 a mensagem \u00e9 dirigida especialmente aos jovens. O Papa Bento XVI deseja que os jovens sejam educados para a &hellip;<\/p>\n<p class=\"read-more\"> <a class=\"\" href=\"https:\/\/www.cnbb.org.br\/os-jovens-e-a-paz-que-o-papa-proclama\/\"> <span class=\"screen-reader-text\">Os jovens e a Paz que o Papa proclama!<\/span> Leia mais &raquo;<\/a><\/p>\n","protected":false},"author":83,"featured_media":0,"comment_status":"open","ping_status":"open","sticky":false,"template":"","format":"standard","meta":{"site-sidebar-layout":"default","site-content-layout":"default","ast-global-header-display":"","ast-banner-title-visibility":"","ast-main-header-display":"","ast-hfb-above-header-display":"","ast-hfb-below-header-display":"","ast-hfb-mobile-header-display":"","site-post-title":"","ast-breadcrumbs-content":"","ast-featured-img":"","footer-sml-layout":"","theme-transparent-header-meta":"","adv-header-id-meta":"","stick-header-meta":"","header-above-stick-meta":"","header-main-stick-meta":"","header-below-stick-meta":""},"categories":[784],"tags":[],"acf":[],"_links":{"self":[{"href":"https:\/\/www.cnbb.org.br\/cnbb-app\/wp\/v2\/posts\/26842"}],"collection":[{"href":"https:\/\/www.cnbb.org.br\/cnbb-app\/wp\/v2\/posts"}],"about":[{"href":"https:\/\/www.cnbb.org.br\/cnbb-app\/wp\/v2\/types\/post"}],"author":[{"embeddable":true,"href":"https:\/\/www.cnbb.org.br\/cnbb-app\/wp\/v2\/users\/83"}],"replies":[{"embeddable":true,"href":"https:\/\/www.cnbb.org.br\/cnbb-app\/wp\/v2\/comments?post=26842"}],"version-history":[{"count":0,"href":"https:\/\/www.cnbb.org.br\/cnbb-app\/wp\/v2\/posts\/26842\/revisions"}],"wp:attachment":[{"href":"https:\/\/www.cnbb.org.br\/cnbb-app\/wp\/v2\/media?parent=26842"}],"wp:term":[{"taxonomy":"category","embeddable":true,"href":"https:\/\/www.cnbb.org.br\/cnbb-app\/wp\/v2\/categories?post=26842"},{"taxonomy":"post_tag","embeddable":true,"href":"https:\/\/www.cnbb.org.br\/cnbb-app\/wp\/v2\/tags?post=26842"}],"curies":[{"name":"wp","href":"https:\/\/api.w.org\/{rel}","templated":true}]}}