{"id":26904,"date":"2010-02-09T00:00:00","date_gmt":"2010-02-09T02:00:00","guid":{"rendered":"https:\/\/www.cnbb.org.br\/carta-aos-presbiteros-em-dezembro-2009-dom-claudio-hummes-2\/"},"modified":"2010-02-09T00:00:00","modified_gmt":"2010-02-09T02:00:00","slug":"carta-aos-presbiteros-em-dezembro-2009-dom-claudio-hummes-2","status":"publish","type":"post","link":"https:\/\/www.cnbb.org.br\/carta-aos-presbiteros-em-dezembro-2009-dom-claudio-hummes-2\/","title":{"rendered":"Carta aos Presb\u00edteros em Dezembro 2009 &#8211; Dom Cl\u00e1udio Hummes"},"content":{"rendered":"<p style=\"text-align: justify\">Na vida do Presb\u00edtero, a ora\u00e7\u00e3o ocupa necessariamente um lugar central. N\u00e3o \u00e9 dif\u00edcil de entender, porque a ora\u00e7\u00e3o cultiva a intimidade do disc\u00edpulo com seu Mestre, Jesus Cristo. Todos sabemos que, ao esvaecer-se a ora\u00e7\u00e3o, debilita-se a f\u00e9 e o minist\u00e9rio perde conte\u00fado e sentido. A consequ\u00eancia existencial para o Presb\u00edtero exprime-se em menor alegria e felicidade no minist\u00e9rio quotidiano. \u00c9 como se o Presb\u00edtero, ao seguir os passos de Jesus, lado a lado com tantos outros, perdesse o passo no caminho, ficando sempre mais para tr\u00e1s e mais distante do Mestre, at\u00e9 perd\u00ea-Lo de vista no horizonte. A partir de ent\u00e3o, caminha sem rumo e vacilante.<\/p>\n<p>  <!--more-->  <\/p>\n<p style=\"text-align: justify\">S\u00e3o Jo\u00e3o Cris\u00f3stomo, numa homilia, ao comentar a Primeira Carta de Paulo a Tim\u00f3teo, adverte sabiamente: \u201cO diabo joga-se contra o pastor [&#8230;]. Com efeito, se matar as ovelhas o rebanho diminui; ao inv\u00e9s, eliminando o pastor, destruir\u00e1 o rebanho inteiro\u201d. O coment\u00e1rio faz pensar em muitas situa\u00e7\u00f5es hodiernas. Cris\u00f3stomo admoesta que a diminui\u00e7\u00e3o dos pastores faz e far\u00e1 diminuir sempre mais o n\u00famero dos fi\u00e9is e das comunidades. Sem pastores, nossas comunidades ser\u00e3o destru\u00eddas!<\/p>\n<p style=\"text-align: justify\">Aqui, por\u00e9m, desejo, antes de tudo, falar da necess\u00e1ria ora\u00e7\u00e3o para que, como diria Cris\u00f3stomo, os pastores ven\u00e7am o diabo e n\u00e3o pere\u00e7am. Em verdade, sem o alimento essencial da ora\u00e7\u00e3o, o Presb\u00edtero adoece, o disc\u00edpulo n\u00e3o encontra for\u00e7as para seguir o Mestre, e assim morre por inani\u00e7\u00e3o. Em consequ\u00eancia, seu rebanho se dispersa e morre.<\/p>\n<h4 style=\"text-align: justify\"><a href=\"http:\/\/cnbbjoomla.sitesparresia.com\/wp-content\/uploads\/sites\/85\/2009\/12\/files_4b261c4eab083.pdf\" target=\"_blank\" rel=\"noopener\">Confira a carta na \u00edntegra.<\/a><\/h4>\n","protected":false},"excerpt":{"rendered":"<p>Na vida do Presb\u00edtero, a ora\u00e7\u00e3o ocupa necessariamente um lugar central. N\u00e3o \u00e9 dif\u00edcil de entender, porque a ora\u00e7\u00e3o cultiva a intimidade do disc\u00edpulo com seu Mestre, Jesus Cristo. Todos sabemos que, ao esvaecer-se a ora\u00e7\u00e3o, debilita-se a f\u00e9 e o minist\u00e9rio perde conte\u00fado e sentido. A consequ\u00eancia existencial para o Presb\u00edtero exprime-se em menor &hellip;<\/p>\n<p class=\"read-more\"> <a class=\"\" href=\"https:\/\/www.cnbb.org.br\/carta-aos-presbiteros-em-dezembro-2009-dom-claudio-hummes-2\/\"> <span class=\"screen-reader-text\">Carta aos Presb\u00edteros em Dezembro 2009 &#8211; Dom Cl\u00e1udio Hummes<\/span> Leia mais &raquo;<\/a><\/p>\n","protected":false},"author":83,"featured_media":0,"comment_status":"open","ping_status":"open","sticky":false,"template":"","format":"standard","meta":{"site-sidebar-layout":"default","site-content-layout":"default","ast-global-header-display":"","ast-banner-title-visibility":"","ast-main-header-display":"","ast-hfb-above-header-display":"","ast-hfb-below-header-display":"","ast-hfb-mobile-header-display":"","site-post-title":"","ast-breadcrumbs-content":"","ast-featured-img":"","footer-sml-layout":"","theme-transparent-header-meta":"","adv-header-id-meta":"","stick-header-meta":"","header-above-stick-meta":"","header-main-stick-meta":"","header-below-stick-meta":""},"categories":[784],"tags":[],"acf":[],"_links":{"self":[{"href":"https:\/\/www.cnbb.org.br\/cnbb-app\/wp\/v2\/posts\/26904"}],"collection":[{"href":"https:\/\/www.cnbb.org.br\/cnbb-app\/wp\/v2\/posts"}],"about":[{"href":"https:\/\/www.cnbb.org.br\/cnbb-app\/wp\/v2\/types\/post"}],"author":[{"embeddable":true,"href":"https:\/\/www.cnbb.org.br\/cnbb-app\/wp\/v2\/users\/83"}],"replies":[{"embeddable":true,"href":"https:\/\/www.cnbb.org.br\/cnbb-app\/wp\/v2\/comments?post=26904"}],"version-history":[{"count":0,"href":"https:\/\/www.cnbb.org.br\/cnbb-app\/wp\/v2\/posts\/26904\/revisions"}],"wp:attachment":[{"href":"https:\/\/www.cnbb.org.br\/cnbb-app\/wp\/v2\/media?parent=26904"}],"wp:term":[{"taxonomy":"category","embeddable":true,"href":"https:\/\/www.cnbb.org.br\/cnbb-app\/wp\/v2\/categories?post=26904"},{"taxonomy":"post_tag","embeddable":true,"href":"https:\/\/www.cnbb.org.br\/cnbb-app\/wp\/v2\/tags?post=26904"}],"curies":[{"name":"wp","href":"https:\/\/api.w.org\/{rel}","templated":true}]}}