{"id":26912,"date":"2009-06-05T00:00:00","date_gmt":"2009-06-05T03:00:00","guid":{"rendered":"https:\/\/www.cnbb.org.br\/convocado-pelo-papa-ano-sacerdotal-tera-como-tema-fidelidade-de-cristo-fidelidade-do-sacerdote-2\/"},"modified":"2009-06-05T00:00:00","modified_gmt":"2009-06-05T03:00:00","slug":"convocado-pelo-papa-ano-sacerdotal-tera-como-tema-fidelidade-de-cristo-fidelidade-do-sacerdote-2","status":"publish","type":"post","link":"https:\/\/www.cnbb.org.br\/convocado-pelo-papa-ano-sacerdotal-tera-como-tema-fidelidade-de-cristo-fidelidade-do-sacerdote-2\/","title":{"rendered":"Convocado pelo papa, ano sacerdotal ter\u00e1 como tema \u201cfidelidade de cristo, fidelidade do sacerdote\u201d"},"content":{"rendered":"<p style=\"text-align: justify\">A partir do pr\u00f3ximo dia 19 at\u00e9 junho de 2010, a Igreja no mundo celebra o Ano Sacerdotal convocado pelo papa Bento XVI. Com o tema \u201cFidelidade de Cristo, Fidelidade do sacerdote\u201d, a convoca\u00e7\u00e3o acontece por ocasi\u00e3o do 150\u00ba anivers\u00e1rio da morte do padre franc\u00eas, S\u00e3o Jo\u00e3o Maria Vianney, hoje padroeiro dos p\u00e1rocos, e a partir do dia 19, proclamado pelo papa, padroeiro dos sacerdotes de todo o mundo.<\/p>\n<p>  <!--more-->  <\/p>\n<p style=\"text-align: justify\">Para a abertura, no dia 19, est\u00e1 prevista uma celebra\u00e7\u00e3o, em Roma, presidida pelo papa Bento XVI. Neste dia a Igreja comemora a solenidade do Sagrado Cora\u00e7\u00e3o de Jesus e Dia de Santifica\u00e7\u00e3o Sacerdotal.<\/p>\n<p style=\"text-align: justify\">Ainda no Ano jubilar, ser\u00e1 publicado um Diret\u00f3rio para os Confessores e Diretores Espirituais, assim como uma compila\u00e7\u00e3o de textos do papa sobre os temas essenciais da vida e da miss\u00e3o sacerdotais na \u00e9poca atual.<\/p>\n<p style=\"text-align: justify\">Segundo expressou Bento XVI aos membros da Congrega\u00e7\u00e3o para o Clero, o objetivo deste ano \u00e9, \u201cajudar a perceber cada vez mais a import\u00e2ncia do papel e da miss\u00e3o do sacerdote na Igreja e na sociedade contempor\u00e2nea\u201d.<\/p>\n<p style=\"text-align: justify\">Como parte das celebra\u00e7\u00f5es do Ano Sacerdotal, cerca de 100 sacerdotes, religiosos e religiosas participaram, no dia 6 de maio, no Col\u00e9gio Pio Brasileiro, em Roma, de uma confer\u00eancia realizada pelo cardeal prefeito da Congrega\u00e7\u00e3o para o Clero, dom Cl\u00e1udio Hummes. O tema do encontro foi \u201cA situa\u00e7\u00e3o dos Presb\u00edteros no mundo e o Ano Sacerdotal\u201d.<\/p>\n<h4 style=\"text-align: justify\">NO BRASIL<\/h4>\n<p style=\"text-align: justify\">A Igreja no Brasil vai celebrar o Ano Sacerdotal de v\u00e1rias formas, com destaque para a s\u00e9rie de publica\u00e7\u00f5es biogr\u00e1ficas de padres que serviram \u00e0 Igreja: Jos\u00e9 Ant\u00f4nio Maria Ibiapina, Josimo Tavares, Alberto Antoniazzi,C\u00edcero Rom\u00e3o Batista, Emanuel Gomes Gonz\u00e1lez, entre outros.<\/p>\n<p style=\"text-align: justify\">\u201c\u00c9 uma oportunidade eficaz para tratarmos da forma\u00e7\u00e3o do presb\u00edtero, seu minist\u00e9rio, e levar o povo brasileiro a conhecer mais de perto o que \u00e9 a vida sacerdotal. As publica\u00e7\u00f5es ser\u00e3o um bom aux\u00edlio para divulgar essas figuras exemplares da Igreja\u201d, disse entusiasmado, o secret\u00e1rio geral da CNBB, dom Dimas Lara Barbosa.<\/p>\n<p style=\"text-align: justify\">O presidente da Comiss\u00e3o Episcopal Pastoral para os Minist\u00e9rios Ordenados e a Vida Consagrada, da CNBB, dom Esmeraldo Barreto de Farias, afirmou que o Ano Sacerdotal \u00e9 uma maneira de motivar o estilo de vida do presb\u00edtero. \u201c\u00c9 uma \u00f3tima oportunidade para que cada diocese possa contribuir para o aprofundamento e a renova\u00e7\u00e3o das motiva\u00e7\u00f5es na vida de cada presb\u00edtero a fim de que possa, com alegria, continuar respondendo, a cada dia, ao chamado de Deus para o seguimento a Jesus Cristo, o bom Pastor, servo mission\u00e1rio, como ministro ordenado em meio \u00e0 realidade de hoje\u201d.<\/p>\n<p style=\"text-align: justify\">Padre Reginaldo de Lima, assessor da Comiss\u00e3o, acredita que o Ano Sacerdotal vai proporcionar aos presb\u00edteros a intensifica\u00e7\u00e3o de sua espiritualidade e ao mesmo tempo recuperar a imagem de figuras emblem\u00e1ticas do presbit\u00e9rio brasileiro. \u201cVamos trabalhar para que as biografias de v\u00e1rios padres brasileiros sejam recuperadas. Al\u00e9m disso, o Ano Sacerdotal vai dar \u00eanfase \u00e0 espiritualidade dos padres.<\/p>\n<h4 style=\"text-align: justify\">O SANTO CURA D\u2019ARS<\/h4>\n<p style=\"text-align: justify\">S\u00e3o Jo\u00e3o Maria Batista Vianney nasceu em Lion, Dardilly, na Fran\u00e7a, em 8 de maio de 1786. Foi ordenado sacerdote depois de vencer muitas dificuldades, inclusive nos estudos. Considerado o padroeiro dos p\u00e1rocos, o padre ficou mundialmente conhecido por Cura de Ars, por ter dedicado toda sua vida \u00e0 pequena cidade de Ars, na Fran\u00e7a. Ali, ele foi um admir\u00e1vel exemplo de vida crist\u00e3, exercitou uma eficaz prega\u00e7\u00e3o voltada para a mortifica\u00e7\u00e3o, a ora\u00e7\u00e3o e a caridade. Maria Vianney faleceu em Ars, com odor de santidade, em 1859, e foi canonizado pelo papa Pio XI em 1\u00ba de novembro de 1924. Sua festa lit\u00fargica \u00e9 comemorada em 4 de agosto, tradicionalmente conhecida pela Igreja como Dia do Padre.<\/p>\n","protected":false},"excerpt":{"rendered":"<p>A partir do pr\u00f3ximo dia 19 at\u00e9 junho de 2010, a Igreja no mundo celebra o Ano Sacerdotal convocado pelo papa Bento XVI. Com o tema \u201cFidelidade de Cristo, Fidelidade do sacerdote\u201d, a convoca\u00e7\u00e3o acontece por ocasi\u00e3o do 150\u00ba anivers\u00e1rio da morte do padre franc\u00eas, S\u00e3o Jo\u00e3o Maria Vianney, hoje padroeiro dos p\u00e1rocos, e a &hellip;<\/p>\n<p class=\"read-more\"> <a class=\"\" href=\"https:\/\/www.cnbb.org.br\/convocado-pelo-papa-ano-sacerdotal-tera-como-tema-fidelidade-de-cristo-fidelidade-do-sacerdote-2\/\"> <span class=\"screen-reader-text\">Convocado pelo papa, ano sacerdotal ter\u00e1 como tema \u201cfidelidade de cristo, fidelidade do sacerdote\u201d<\/span> Leia mais &raquo;<\/a><\/p>\n","protected":false},"author":83,"featured_media":26430,"comment_status":"open","ping_status":"open","sticky":false,"template":"","format":"standard","meta":{"site-sidebar-layout":"default","site-content-layout":"default","ast-global-header-display":"","ast-banner-title-visibility":"","ast-main-header-display":"","ast-hfb-above-header-display":"","ast-hfb-below-header-display":"","ast-hfb-mobile-header-display":"","site-post-title":"","ast-breadcrumbs-content":"","ast-featured-img":"","footer-sml-layout":"","theme-transparent-header-meta":"","adv-header-id-meta":"","stick-header-meta":"","header-above-stick-meta":"","header-main-stick-meta":"","header-below-stick-meta":""},"categories":[784],"tags":[],"acf":[],"_links":{"self":[{"href":"https:\/\/www.cnbb.org.br\/cnbb-app\/wp\/v2\/posts\/26912"}],"collection":[{"href":"https:\/\/www.cnbb.org.br\/cnbb-app\/wp\/v2\/posts"}],"about":[{"href":"https:\/\/www.cnbb.org.br\/cnbb-app\/wp\/v2\/types\/post"}],"author":[{"embeddable":true,"href":"https:\/\/www.cnbb.org.br\/cnbb-app\/wp\/v2\/users\/83"}],"replies":[{"embeddable":true,"href":"https:\/\/www.cnbb.org.br\/cnbb-app\/wp\/v2\/comments?post=26912"}],"version-history":[{"count":0,"href":"https:\/\/www.cnbb.org.br\/cnbb-app\/wp\/v2\/posts\/26912\/revisions"}],"wp:featuredmedia":[{"embeddable":true,"href":"https:\/\/www.cnbb.org.br\/cnbb-app\/wp\/v2\/media\/26430"}],"wp:attachment":[{"href":"https:\/\/www.cnbb.org.br\/cnbb-app\/wp\/v2\/media?parent=26912"}],"wp:term":[{"taxonomy":"category","embeddable":true,"href":"https:\/\/www.cnbb.org.br\/cnbb-app\/wp\/v2\/categories?post=26912"},{"taxonomy":"post_tag","embeddable":true,"href":"https:\/\/www.cnbb.org.br\/cnbb-app\/wp\/v2\/tags?post=26912"}],"curies":[{"name":"wp","href":"https:\/\/api.w.org\/{rel}","templated":true}]}}