{"id":26971,"date":"2010-06-06T00:00:00","date_gmt":"2010-06-06T03:00:00","guid":{"rendered":"https:\/\/www.cnbb.org.br\/bispos-de-minas-gerais-e-espirito-santo-iniciam-visita-ad-limina-2\/"},"modified":"2010-06-06T00:00:00","modified_gmt":"2010-06-06T03:00:00","slug":"bispos-de-minas-gerais-e-espirito-santo-iniciam-visita-ad-limina-2","status":"publish","type":"post","link":"https:\/\/www.cnbb.org.br\/bispos-de-minas-gerais-e-espirito-santo-iniciam-visita-ad-limina-2\/","title":{"rendered":"Bispos de Minas Gerais e Esp\u00edrito Santo iniciam visita ad limina"},"content":{"rendered":"<p style=\"text-align: justify\">J\u00e1 est\u00e3o em Roma desde s\u00e1bado, 5, os bispos do Regional Leste 2 da CNBB (Minas Gerais e Esp\u00edrito Santo) para a visita a<em>d limina apostolorum<\/em>, que ocorre a cada cinco anos. S\u00e3o 34 bispos que, durante 18 dias visitar\u00e3o os dicast\u00e9rios da C\u00faria Romana e tamb\u00e9m o papa.<\/p>\n<p>  <!--more-->  <\/p>\n<p style=\"text-align: justify\">Em entrevista \u00e0 R\u00e1dio Vaticano, o arcebispo de Belo Horizonte (MG) e presidente do Regional, dom Walmor Oliveira Azevedo, falou da expectativa do encontro com os v\u00e1rios dicast\u00e9rios da C\u00faria Romana e destacou o encontro que os bispos ter\u00e3o com o papa.<\/p>\n<p style=\"text-align: justify\">\u201cSinto a grande expectativa [dos bispos] do encontro com o Santo Padre, que \u00e9 o cora\u00e7\u00e3o da visita <em>ad limina<\/em>, renovando nossa f\u00e9 e nossa comunh\u00e3o\u201d, disse dom Walmor. <\/p>\n<p>Segundo dom Walmor, o Regional apresentar\u00e1 \u00e0 Santa S\u00e9 uma Igreja \u201crica de tradi\u00e7\u00f5es religiosas, consolidadas, e uma devo\u00e7\u00e3o profunda a Nossa Senhora\u201d. Ainda de acordo com o arcebispo, ser\u00e1 apresentada tamb\u00e9m uma Igreja\u00a0 \u201cdesafiada por muitas quest\u00f5es que nos preocupam\u201d. Ele citou, especialmente, os jovens em situa\u00e7\u00e3o de risco, uma das prioridades da a\u00e7\u00e3o pastoral do Regional. O arcebispo espera a confirma\u00e7\u00e3o, pelo papa, do Brasil como sede da jornada mundial da juventude em 2014. Belo Horizonte \u00e9 uma das cidades candidatas a sediar o encontro.<\/p>\n<p>A visita do Regional Leste 2 inclui peregrina\u00e7\u00f5es e celebra\u00e7\u00f5es nas Bas\u00edlicas de S\u00e3o Pedro, S\u00e3o Jo\u00e3o de Latr\u00e3o, Santa Maria Maior e S\u00e3o Paulo. Al\u00e9m disso, haver\u00e1 uma missa nas Catacumbas de S\u00e3o Sebasti\u00e3o\/ Domitila. Hoje, 6, os bispos celebraram a missa no altar da C\u00e1tedra da Bas\u00edlica de S\u00e3o Pedro. A visita termina no dia 23.<\/p>\n","protected":false},"excerpt":{"rendered":"<p>J\u00e1 est\u00e3o em Roma desde s\u00e1bado, 5, os bispos do Regional Leste 2 da CNBB (Minas Gerais e Esp\u00edrito Santo) para a visita ad limina apostolorum, que ocorre a cada cinco anos. S\u00e3o 34 bispos que, durante 18 dias visitar\u00e3o os dicast\u00e9rios da C\u00faria Romana e tamb\u00e9m o papa.<\/p>\n","protected":false},"author":83,"featured_media":17271,"comment_status":"open","ping_status":"open","sticky":false,"template":"","format":"standard","meta":{"site-sidebar-layout":"default","site-content-layout":"default","ast-global-header-display":"","ast-banner-title-visibility":"","ast-main-header-display":"","ast-hfb-above-header-display":"","ast-hfb-below-header-display":"","ast-hfb-mobile-header-display":"","site-post-title":"","ast-breadcrumbs-content":"","ast-featured-img":"","footer-sml-layout":"","theme-transparent-header-meta":"","adv-header-id-meta":"","stick-header-meta":"","header-above-stick-meta":"","header-main-stick-meta":"","header-below-stick-meta":""},"categories":[784],"tags":[],"acf":[],"_links":{"self":[{"href":"https:\/\/www.cnbb.org.br\/cnbb-app\/wp\/v2\/posts\/26971"}],"collection":[{"href":"https:\/\/www.cnbb.org.br\/cnbb-app\/wp\/v2\/posts"}],"about":[{"href":"https:\/\/www.cnbb.org.br\/cnbb-app\/wp\/v2\/types\/post"}],"author":[{"embeddable":true,"href":"https:\/\/www.cnbb.org.br\/cnbb-app\/wp\/v2\/users\/83"}],"replies":[{"embeddable":true,"href":"https:\/\/www.cnbb.org.br\/cnbb-app\/wp\/v2\/comments?post=26971"}],"version-history":[{"count":0,"href":"https:\/\/www.cnbb.org.br\/cnbb-app\/wp\/v2\/posts\/26971\/revisions"}],"wp:featuredmedia":[{"embeddable":true,"href":"https:\/\/www.cnbb.org.br\/cnbb-app\/wp\/v2\/media\/17271"}],"wp:attachment":[{"href":"https:\/\/www.cnbb.org.br\/cnbb-app\/wp\/v2\/media?parent=26971"}],"wp:term":[{"taxonomy":"category","embeddable":true,"href":"https:\/\/www.cnbb.org.br\/cnbb-app\/wp\/v2\/categories?post=26971"},{"taxonomy":"post_tag","embeddable":true,"href":"https:\/\/www.cnbb.org.br\/cnbb-app\/wp\/v2\/tags?post=26971"}],"curies":[{"name":"wp","href":"https:\/\/api.w.org\/{rel}","templated":true}]}}