{"id":26977,"date":"2010-06-13T00:00:00","date_gmt":"2010-06-13T03:00:00","guid":{"rendered":"https:\/\/www.cnbb.org.br\/para-recorda-ano-sacerdotal-na-oracao-do-angelus-2\/"},"modified":"2010-06-13T00:00:00","modified_gmt":"2010-06-13T03:00:00","slug":"para-recorda-ano-sacerdotal-na-oracao-do-angelus-2","status":"publish","type":"post","link":"https:\/\/www.cnbb.org.br\/para-recorda-ano-sacerdotal-na-oracao-do-angelus-2\/","title":{"rendered":"Papa recorda Ano Sacerdotal na ora\u00e7\u00e3o do Angelus"},"content":{"rendered":"<p style=\"text-align: justify\">A conclus\u00e3o do Ano Sacerdotal esteve no centro da ora\u00e7\u00e3o do Angelus rezada pelo papa Bento XVI, neste domingo, 13, na Pra\u00e7a S\u00e3o Pedro, diante de milhares de fi\u00e9is e turistas. \u201cEsta cidade viveu jornadas inesquec\u00edveis, com a presen\u00e7a de mais de 15 mil sacerdotes de todas as partes do mundo. Por isso, hoje, desejo dar gra\u00e7as a Deus por todos os benef\u00edcios que este Ano [Sacerdotal] trouxe para a Igreja em todo o mundo. Ningu\u00e9m jamais poder\u00e1 medi-los, mas certamente est\u00e3o vis\u00edveis e ser\u00e3o ainda mais vis\u00edveis os seus frutos&#8221;, disse o papa.<\/p>\n<p><!--more--><\/p>\n<p style=\"text-align: justify\">\u201cOs sacerdotes s\u00e3o os primeiros oper\u00e1rios da civiliza\u00e7\u00e3o do amor\u201d, disse o papa, lembrando in\u00fameros padres, especialmente, S\u00e3o Jo\u00e3o Maria Vianey, o Santo Cura D\u00b4Ars. &#8220;N\u00e3o \u00e9 preciso acrescentar mais palavras ao que foi dito sobre ele nos \u00faltimos meses. Mas sua intercess\u00e3o deve nos acompanhar ainda mais daqui para frente. Que sua ora\u00e7\u00e3o, que seu &#8216;Ato de amor&#8217; que muitas vezes recitamos durante este Ano Sacerdotal, continue a alimentar o nosso col\u00f3quio com Deus.&#8221;<\/p>\n<p><img decoding=\"async\" loading=\"lazy\" class=\" alignright size-full wp-image-4848\" style=\"float: right\" src=\"https:\/\/www.cnbb.org.br\/wp-content\/uploads\/2020\/03\/Angelus1.jpg\" alt=\"Angelus1\" width=\"250\" height=\"170\" \/>Depois da ora\u00e7\u00e3o, Bento XVI recordou a proclama\u00e7\u00e3o, este final de semana, de dois novos Beatos que viveram no s\u00e9culo passado. Hoje, na Eslov\u00eania, na conclus\u00e3o do Congresso Eucar\u00edstico Nacional, o legado pontif\u00edcio, Cardeal Tarcisio Bertone, beatificou o jovem m\u00e1rtir Lojze Grozde.<\/p>\n<p>Ontem, na Espanha, foi beatificado Manuel Lozano Garrido, leigo e jornalista. N\u00e3o obstante a doen\u00e7a, a cegueira no final da vida e a invalidez que o obrigaram a viver 28 anos em uma cadeira de rodas, &#8220;Lolo&#8221;, como era conhecido, trabalhou com esp\u00edrito crist\u00e3o no campo da comunica\u00e7\u00e3o social.<\/p>\n<p>&#8220;Os jornalistas poder\u00e3o encontrar nele um testemunho eloquente do bem que se pode fazer quando o trabalho reflete a grandeza da alma e se p\u00f5e a servi\u00e7o da verdade e das causas nobres&#8221;, disse o papa.<\/p>\n<p style=\"text-align: justify\"><span style=\"font-size: 8pt\"><strong><em>Com R\u00e1dio Vaticano<\/em><\/strong><\/span><\/p>\n","protected":false},"excerpt":{"rendered":"<p>A conclus\u00e3o do Ano Sacerdotal esteve no centro da ora\u00e7\u00e3o do Angelus rezada pelo papa Bento XVI, neste domingo, 13, na Pra\u00e7a S\u00e3o Pedro, diante de milhares de fi\u00e9is e turistas. \u201cEsta cidade viveu jornadas inesquec\u00edveis, com a presen\u00e7a de mais de 15 mil sacerdotes de todas as partes do mundo. Por isso, hoje, desejo &hellip;<\/p>\n<p class=\"read-more\"> <a class=\"\" href=\"https:\/\/www.cnbb.org.br\/para-recorda-ano-sacerdotal-na-oracao-do-angelus-2\/\"> <span class=\"screen-reader-text\">Papa recorda Ano Sacerdotal na ora\u00e7\u00e3o do Angelus<\/span> Leia mais &raquo;<\/a><\/p>\n","protected":false},"author":83,"featured_media":26526,"comment_status":"open","ping_status":"open","sticky":false,"template":"","format":"standard","meta":{"site-sidebar-layout":"default","site-content-layout":"default","ast-global-header-display":"","ast-banner-title-visibility":"","ast-main-header-display":"","ast-hfb-above-header-display":"","ast-hfb-below-header-display":"","ast-hfb-mobile-header-display":"","site-post-title":"","ast-breadcrumbs-content":"","ast-featured-img":"","footer-sml-layout":"","theme-transparent-header-meta":"","adv-header-id-meta":"","stick-header-meta":"","header-above-stick-meta":"","header-main-stick-meta":"","header-below-stick-meta":""},"categories":[784],"tags":[],"acf":[],"_links":{"self":[{"href":"https:\/\/www.cnbb.org.br\/cnbb-app\/wp\/v2\/posts\/26977"}],"collection":[{"href":"https:\/\/www.cnbb.org.br\/cnbb-app\/wp\/v2\/posts"}],"about":[{"href":"https:\/\/www.cnbb.org.br\/cnbb-app\/wp\/v2\/types\/post"}],"author":[{"embeddable":true,"href":"https:\/\/www.cnbb.org.br\/cnbb-app\/wp\/v2\/users\/83"}],"replies":[{"embeddable":true,"href":"https:\/\/www.cnbb.org.br\/cnbb-app\/wp\/v2\/comments?post=26977"}],"version-history":[{"count":0,"href":"https:\/\/www.cnbb.org.br\/cnbb-app\/wp\/v2\/posts\/26977\/revisions"}],"wp:featuredmedia":[{"embeddable":true,"href":"https:\/\/www.cnbb.org.br\/cnbb-app\/wp\/v2\/media\/26526"}],"wp:attachment":[{"href":"https:\/\/www.cnbb.org.br\/cnbb-app\/wp\/v2\/media?parent=26977"}],"wp:term":[{"taxonomy":"category","embeddable":true,"href":"https:\/\/www.cnbb.org.br\/cnbb-app\/wp\/v2\/categories?post=26977"},{"taxonomy":"post_tag","embeddable":true,"href":"https:\/\/www.cnbb.org.br\/cnbb-app\/wp\/v2\/tags?post=26977"}],"curies":[{"name":"wp","href":"https:\/\/api.w.org\/{rel}","templated":true}]}}