{"id":27026,"date":"2010-12-17T00:00:00","date_gmt":"2010-12-17T02:00:00","guid":{"rendered":"https:\/\/www.cnbb.org.br\/papa-preside-oracao-das-vesperas-e-marca-encontro-com-jovens-na-jmj-2011-2\/"},"modified":"2010-12-17T00:00:00","modified_gmt":"2010-12-17T02:00:00","slug":"papa-preside-oracao-das-vesperas-e-marca-encontro-com-jovens-na-jmj-2011-2","status":"publish","type":"post","link":"https:\/\/www.cnbb.org.br\/papa-preside-oracao-das-vesperas-e-marca-encontro-com-jovens-na-jmj-2011-2\/","title":{"rendered":"Papa preside ora\u00e7\u00e3o das V\u00e9speras e marca encontro com jovens na JMJ 2011"},"content":{"rendered":"<p style=\"text-align: justify\">Bento XVI presidiu na tarde de ontem, 16, quinta-feira, na Bas\u00edlica de S\u00e3o Pedro, no Vaticano, a ora\u00e7\u00e3o das V\u00e9speras com os universit\u00e1rios das Pontif\u00edcias Universidades Cat\u00f3licas de Roma, em prepara\u00e7\u00e3o ao Natal.<\/p>\n<p>  <!--more-->  <\/p>\n<p style=\"text-align: justify\">O papa frisou que sente a necessidade de uma nova classe de intelectuais, sublinhando que a universidade \u00e9 chamada a desempenhar esta fun\u00e7\u00e3o apoiada pela Igreja.<\/p>\n<p style=\"text-align: justify\">A Bas\u00edlica de S\u00e3o Pedro estava lotada de jovens que se reuniram em ora\u00e7\u00e3o com Bento XVI, olhando com confian\u00e7a para a vinda de Jesus. Neste contexto, o papa mostrou a gruta de Bel\u00e9m como &#8220;um itiner\u00e1rio de liberta\u00e7\u00e3o interior e experi\u00eancia de liberdade profunda que impulsiona a caminhar em dire\u00e7\u00e3o a Deus que nos acompanha em nossa vida cotidiana e nos fala no segredo do cora\u00e7\u00e3o e nas Sagradas Escrituras&#8221;, ressaltou o Santo Padre, convidando os jovens a libertar o cora\u00e7\u00e3o de todo fermento de sofrimento e falsa expectativa. &#8220;Deus continua agindo na hist\u00f3ria e pede para ser acolhido&#8221;, disse.<\/p>\n<p style=\"text-align: justify\">Bento XVI reiterou que &#8220;a paci\u00eancia e a const\u00e2ncia crist\u00e3 n\u00e3o s\u00e3o sin\u00f4nimos de apatia e resigna\u00e7\u00e3o, mas s\u00e3o virtudes de quem sabe respeitar os tempos e as maneiras da condi\u00e7\u00e3o humana&#8221;.<\/p>\n<p style=\"text-align: justify\">&#8220;Caminhamos rumo a Bel\u00e9m com o olhar para Deus paciente e fiel, que sabe esperar, que sabe parar e respeitar os tempos de nossa exist\u00eancia. O menino que encontraremos na manjedoura \u00e9 a manifesta\u00e7\u00e3o plena do mist\u00e9rio do amor de Deus que ama doando a vida, que ama de forma desinteressada, que nos ensina a amar e que pede para ser amado&#8221;, disse ainda o papa.<\/p>\n<p style=\"text-align: justify\">Falando sobre a passagem do \u00cdcone de Maria Sedes Sapientiae das m\u00e3os da delega\u00e7\u00e3o universit\u00e1ria africana \u00e0 espanhola, que marca a peregrina\u00e7\u00e3o de Maria por todas as universidades da Espanha, o papa confiou toda a comunidade universit\u00e1ria \u00e0 Virgem Maria, marcando com os jovens um novo encontro, em Madri, na Jornada Mundial da Juventude de 2011.<\/p>\n","protected":false},"excerpt":{"rendered":"<p>Bento XVI presidiu na tarde de ontem, 16, quinta-feira, na Bas\u00edlica de S\u00e3o Pedro, no Vaticano, a ora\u00e7\u00e3o das V\u00e9speras com os universit\u00e1rios das Pontif\u00edcias Universidades Cat\u00f3licas de Roma, em prepara\u00e7\u00e3o ao Natal.<\/p>\n","protected":false},"author":83,"featured_media":26603,"comment_status":"open","ping_status":"open","sticky":false,"template":"","format":"standard","meta":{"site-sidebar-layout":"default","site-content-layout":"default","ast-global-header-display":"","ast-banner-title-visibility":"","ast-main-header-display":"","ast-hfb-above-header-display":"","ast-hfb-below-header-display":"","ast-hfb-mobile-header-display":"","site-post-title":"","ast-breadcrumbs-content":"","ast-featured-img":"","footer-sml-layout":"","theme-transparent-header-meta":"","adv-header-id-meta":"","stick-header-meta":"","header-above-stick-meta":"","header-main-stick-meta":"","header-below-stick-meta":""},"categories":[784],"tags":[],"acf":[],"_links":{"self":[{"href":"https:\/\/www.cnbb.org.br\/cnbb-app\/wp\/v2\/posts\/27026"}],"collection":[{"href":"https:\/\/www.cnbb.org.br\/cnbb-app\/wp\/v2\/posts"}],"about":[{"href":"https:\/\/www.cnbb.org.br\/cnbb-app\/wp\/v2\/types\/post"}],"author":[{"embeddable":true,"href":"https:\/\/www.cnbb.org.br\/cnbb-app\/wp\/v2\/users\/83"}],"replies":[{"embeddable":true,"href":"https:\/\/www.cnbb.org.br\/cnbb-app\/wp\/v2\/comments?post=27026"}],"version-history":[{"count":0,"href":"https:\/\/www.cnbb.org.br\/cnbb-app\/wp\/v2\/posts\/27026\/revisions"}],"wp:featuredmedia":[{"embeddable":true,"href":"https:\/\/www.cnbb.org.br\/cnbb-app\/wp\/v2\/media\/26603"}],"wp:attachment":[{"href":"https:\/\/www.cnbb.org.br\/cnbb-app\/wp\/v2\/media?parent=27026"}],"wp:term":[{"taxonomy":"category","embeddable":true,"href":"https:\/\/www.cnbb.org.br\/cnbb-app\/wp\/v2\/categories?post=27026"},{"taxonomy":"post_tag","embeddable":true,"href":"https:\/\/www.cnbb.org.br\/cnbb-app\/wp\/v2\/tags?post=27026"}],"curies":[{"name":"wp","href":"https:\/\/api.w.org\/{rel}","templated":true}]}}