{"id":27059,"date":"2011-02-24T00:00:00","date_gmt":"2011-02-24T03:00:00","guid":{"rendered":"https:\/\/www.cnbb.org.br\/catolicos-maronitas-encerram-jubileu-de-seu-padroeiro-no-vaticano-2\/"},"modified":"2011-02-24T00:00:00","modified_gmt":"2011-02-24T03:00:00","slug":"catolicos-maronitas-encerram-jubileu-de-seu-padroeiro-no-vaticano-2","status":"publish","type":"post","link":"https:\/\/www.cnbb.org.br\/catolicos-maronitas-encerram-jubileu-de-seu-padroeiro-no-vaticano-2\/","title":{"rendered":"Cat\u00f3licos Maronitas encerram jubileu de seu padroeiro no Vaticano"},"content":{"rendered":"<p style=\"text-align: justify\"><img decoding=\"async\" loading=\"lazy\" class=\" alignright size-full wp-image-8546\" style=\"float: right\" alt=\"sao_maron_padroeiro_catolicos_maronitas\" src=\"https:\/\/www.cnbb.org.br\/wp-content\/uploads\/2020\/03\/sao_maron_padroeiro_catolicos_maronitas.jpg\" width=\"358\" height=\"258\" \/>Nesta quarta-feira, 23, aconteceram no Vaticano as festividades de encerramento do ano jubiliar do padroeiro da Igreja Maronita, S\u00e3o Marun [1600 anos de sua morte]. Diversos eventos marcaram o encerramento do jubileu, entre eles, a inaugura\u00e7\u00e3o da imagem de S\u00e3o Maron na Bas\u00edlica de S\u00e3o Pedro. O encerramento contou com a presen\u00e7a da comunidade Maronita de v\u00e1rios pa\u00edses.<\/p>\n<p>  <!--more-->  <\/p>\n<p style=\"text-align: justify\">O papa Bento XVI aben\u00e7oou a imagem de S\u00e3o Maron, no lado externo da Bas\u00edlica de S\u00e3o Pedro. A escultura tem mais de 5 metros de altura e 25 toneladas, esculpida em m\u00e1rmore pelo artista espanhol, marco Augusto Duenchas. A est\u00e1tua do padroeiro maronita agora completa ao jogo de imagens que circundam o t\u00famulo do ap\u00f3stolo S\u00e3o Pedro.<\/p>\n<p style=\"text-align: justify\">Ap\u00f3s a b\u00ean\u00e7\u00e3o, o Patriarca Maronita Nasrallah Pierre Sfeir, celebrou a santa missa em Rito Maronita [o rito maronita prev\u00ea a celebra\u00e7\u00e3o da missa em l\u00edngua siro-aramaico, a l\u00edngua que Jesus Cristo falava] no altar da C\u00e1tedra de Pedro na Bas\u00edlica Vaticana.<\/p>\n<p style=\"text-align: justify\">As celebra\u00e7\u00f5es do Jubileu de S\u00e3o Maron tiveram in\u00edcio em 14 de fevereiro de 2010, e foram encerradas nesta quarta-feira, 23. O encerramento contou com a presen\u00e7a de v\u00e1rias autoridades religiosas e civis, dentre elas o Eparca Maronita do Brasil, dom Edgard Madi e o presidente da Rep\u00fablica Libanesa, General Michel Suleiman.<\/p>\n<p style=\"text-align: justify\"><strong>Igreja Maronita<\/strong><\/p>\n<p style=\"text-align: justify\">Os Maronitas s\u00e3o os crist\u00e3os cat\u00f3licos orientais que devem seu nome a S\u00e3o Maron. A palavra Maron foi substitu\u00edda por Maronita que foi dada a um povo que, no Patriarcado de Antioquia, seguiu a orienta\u00e7\u00e3o religiosa de S\u00e3o Maron e seus disc\u00edpulos.<\/p>\n<p style=\"text-align: justify\"><em><span style=\"font-size: 8pt\">Colaborou: Frederico Henrique, assessor do bispado Maronita do Brasil<\/span><\/em><\/p>\n","protected":false},"excerpt":{"rendered":"<p>Nesta quarta-feira, 23, aconteceram no Vaticano as festividades de encerramento do ano jubiliar do padroeiro da Igreja Maronita, S\u00e3o Marun [1600 anos de sua morte]. Diversos eventos marcaram o encerramento do jubileu, entre eles, a inaugura\u00e7\u00e3o da imagem de S\u00e3o Maron na Bas\u00edlica de S\u00e3o Pedro. O encerramento contou com a presen\u00e7a da comunidade Maronita &hellip;<\/p>\n<p class=\"read-more\"> <a class=\"\" href=\"https:\/\/www.cnbb.org.br\/catolicos-maronitas-encerram-jubileu-de-seu-padroeiro-no-vaticano-2\/\"> <span class=\"screen-reader-text\">Cat\u00f3licos Maronitas encerram jubileu de seu padroeiro no Vaticano<\/span> Leia mais &raquo;<\/a><\/p>\n","protected":false},"author":83,"featured_media":26654,"comment_status":"open","ping_status":"open","sticky":false,"template":"","format":"standard","meta":{"site-sidebar-layout":"default","site-content-layout":"default","ast-global-header-display":"","ast-banner-title-visibility":"","ast-main-header-display":"","ast-hfb-above-header-display":"","ast-hfb-below-header-display":"","ast-hfb-mobile-header-display":"","site-post-title":"","ast-breadcrumbs-content":"","ast-featured-img":"","footer-sml-layout":"","theme-transparent-header-meta":"","adv-header-id-meta":"","stick-header-meta":"","header-above-stick-meta":"","header-main-stick-meta":"","header-below-stick-meta":""},"categories":[784],"tags":[],"acf":[],"_links":{"self":[{"href":"https:\/\/www.cnbb.org.br\/cnbb-app\/wp\/v2\/posts\/27059"}],"collection":[{"href":"https:\/\/www.cnbb.org.br\/cnbb-app\/wp\/v2\/posts"}],"about":[{"href":"https:\/\/www.cnbb.org.br\/cnbb-app\/wp\/v2\/types\/post"}],"author":[{"embeddable":true,"href":"https:\/\/www.cnbb.org.br\/cnbb-app\/wp\/v2\/users\/83"}],"replies":[{"embeddable":true,"href":"https:\/\/www.cnbb.org.br\/cnbb-app\/wp\/v2\/comments?post=27059"}],"version-history":[{"count":0,"href":"https:\/\/www.cnbb.org.br\/cnbb-app\/wp\/v2\/posts\/27059\/revisions"}],"wp:featuredmedia":[{"embeddable":true,"href":"https:\/\/www.cnbb.org.br\/cnbb-app\/wp\/v2\/media\/26654"}],"wp:attachment":[{"href":"https:\/\/www.cnbb.org.br\/cnbb-app\/wp\/v2\/media?parent=27059"}],"wp:term":[{"taxonomy":"category","embeddable":true,"href":"https:\/\/www.cnbb.org.br\/cnbb-app\/wp\/v2\/categories?post=27059"},{"taxonomy":"post_tag","embeddable":true,"href":"https:\/\/www.cnbb.org.br\/cnbb-app\/wp\/v2\/tags?post=27059"}],"curies":[{"name":"wp","href":"https:\/\/api.w.org\/{rel}","templated":true}]}}