{"id":27062,"date":"2011-03-03T00:00:00","date_gmt":"2011-03-03T03:00:00","guid":{"rendered":"https:\/\/www.cnbb.org.br\/em-sessao-na-onu-observador-do-vaticano-fala-sobre-liberdade-religiosa-2\/"},"modified":"2011-03-03T00:00:00","modified_gmt":"2011-03-03T03:00:00","slug":"em-sessao-na-onu-observador-do-vaticano-fala-sobre-liberdade-religiosa-2","status":"publish","type":"post","link":"https:\/\/www.cnbb.org.br\/em-sessao-na-onu-observador-do-vaticano-fala-sobre-liberdade-religiosa-2\/","title":{"rendered":"Em sess\u00e3o na ONU, observador do Vaticano fala sobre liberdade religiosa"},"content":{"rendered":"<p style=\"text-align: justify\">O observador permanente da Santa S\u00e9 junto \u00e0s Na\u00e7\u00f5es Unidas, o arcebispo Silvano Maria Tomasi, pronunciou-se ontem, 2, na 16\u00aa sess\u00e3o do Conselho de Direitos Humanos das Na\u00e7\u00f5es Unidas, em Genebra, Su\u00ed\u00e7a. Fundamentalmente, o seu discurso baseou-se na liberdade religiosa.<\/p>\n<p>  <!--more-->  <\/p>\n<p style=\"text-align: justify\">\u201cNo cora\u00e7\u00e3o dos Direitos Humanos est\u00e3o a liberdade religiosa, a liberdade de consci\u00eancia e a liberdade de cren\u00e7a. Elas fazem parte da forma\u00e7\u00e3o da personalidade de cada um e tornam poss\u00edvel a viv\u00eancia dos outros Direitos Fundamentais\u201d, disse o observador.<\/p>\n<p style=\"text-align: justify\">Para o arcebispo a dimens\u00e3o espiritual da vida \u00e9 de extrema import\u00e2ncia para a exist\u00eancia humana. \u201cEssa dimens\u00e3o, contudo, tem sido desrespeitada em diversas partes do mundo com a prolifera\u00e7\u00e3o dos epis\u00f3dios de viol\u00eancias contra minorias religiosas, ferindo um princ\u00edpio que \u00e9, inclusive, protegido pela lei\u201d.<\/p>\n<p style=\"text-align: justify\">O representante do Vaticano ressaltou o dever do Estado em defender o direito \u00e0 liberdade religiosa e de criar um ambiente no qual esse direito possa ser usufru\u00eddo. Ele deu relev\u00e2ncia a tr\u00eas importantes aspectos. Primeiramente, ressaltou que o direito de expressar e praticar a religi\u00e3o inclui o direito a realizar atos de caridade e servi\u00e7os sociais, tais como fornecer assist\u00eancia m\u00e9dica e educa\u00e7\u00e3o por meio das institui\u00e7\u00f5es religiosas.<\/p>\n<p style=\"text-align: justify\">Em segundo lugar, lembrou que as institui\u00e7\u00f5es religiosas s\u00e3o parte da sociedade civil, e n\u00e3o ramifica\u00e7\u00f5es do Estado. \u201cToler\u00e2ncia religiosa inclui o respeito a diferentes opini\u00f5es e o respeito tamb\u00e9m das diferen\u00e7as entre as institui\u00e7\u00f5es estatais e as religiosas\u201d, disse.<\/p>\n<p style=\"text-align: justify\">Por \u00faltimo, esclareceu que o direito a escolher, em determinado momento da vida, praticar uma religi\u00e3o que n\u00e3o a sua original, n\u00e3o significa que toda a verdade seja relativa e que uma religi\u00e3o n\u00e3o seja mais plenamente v\u00e1lida. \u201cO direito de adotar uma religi\u00e3o e de trocar de religi\u00e3o \u00e9 baseado no respeito pela dignidade humana, e o Estado deve permitir a liberdade para a busca pessoal pela verdade\u201d, explicou Dom Tomasi.<\/p>\n<p style=\"text-align: justify\">Concluindo, relembrou as palavras de Bento XVI durante seu discurso aos membros do corpo diplom\u00e1tico junto \u00e0 Santa S\u00e9, proferido no in\u00edcio desse ano: \u201cliberdade religiosa \u00e9 o caminho para a paz. E a paz \u00e9 constru\u00edda e preservada somente quando os seres humanos podem, livremente, buscar e servir a Deus nos seus cora\u00e7\u00f5es, nas suas vidas e nas suas rela\u00e7\u00f5es com os outros\u201d.<\/p>\n","protected":false},"excerpt":{"rendered":"<p>O observador permanente da Santa S\u00e9 junto \u00e0s Na\u00e7\u00f5es Unidas, o arcebispo Silvano Maria Tomasi, pronunciou-se ontem, 2, na 16\u00aa sess\u00e3o do Conselho de Direitos Humanos das Na\u00e7\u00f5es Unidas, em Genebra, Su\u00ed\u00e7a. Fundamentalmente, o seu discurso baseou-se na liberdade religiosa.<\/p>\n","protected":false},"author":83,"featured_media":26592,"comment_status":"open","ping_status":"open","sticky":false,"template":"","format":"standard","meta":{"site-sidebar-layout":"default","site-content-layout":"default","ast-global-header-display":"","ast-banner-title-visibility":"","ast-main-header-display":"","ast-hfb-above-header-display":"","ast-hfb-below-header-display":"","ast-hfb-mobile-header-display":"","site-post-title":"","ast-breadcrumbs-content":"","ast-featured-img":"","footer-sml-layout":"","theme-transparent-header-meta":"","adv-header-id-meta":"","stick-header-meta":"","header-above-stick-meta":"","header-main-stick-meta":"","header-below-stick-meta":""},"categories":[784],"tags":[],"acf":[],"_links":{"self":[{"href":"https:\/\/www.cnbb.org.br\/cnbb-app\/wp\/v2\/posts\/27062"}],"collection":[{"href":"https:\/\/www.cnbb.org.br\/cnbb-app\/wp\/v2\/posts"}],"about":[{"href":"https:\/\/www.cnbb.org.br\/cnbb-app\/wp\/v2\/types\/post"}],"author":[{"embeddable":true,"href":"https:\/\/www.cnbb.org.br\/cnbb-app\/wp\/v2\/users\/83"}],"replies":[{"embeddable":true,"href":"https:\/\/www.cnbb.org.br\/cnbb-app\/wp\/v2\/comments?post=27062"}],"version-history":[{"count":0,"href":"https:\/\/www.cnbb.org.br\/cnbb-app\/wp\/v2\/posts\/27062\/revisions"}],"wp:featuredmedia":[{"embeddable":true,"href":"https:\/\/www.cnbb.org.br\/cnbb-app\/wp\/v2\/media\/26592"}],"wp:attachment":[{"href":"https:\/\/www.cnbb.org.br\/cnbb-app\/wp\/v2\/media?parent=27062"}],"wp:term":[{"taxonomy":"category","embeddable":true,"href":"https:\/\/www.cnbb.org.br\/cnbb-app\/wp\/v2\/categories?post=27062"},{"taxonomy":"post_tag","embeddable":true,"href":"https:\/\/www.cnbb.org.br\/cnbb-app\/wp\/v2\/tags?post=27062"}],"curies":[{"name":"wp","href":"https:\/\/api.w.org\/{rel}","templated":true}]}}