{"id":27074,"date":"2011-04-08T00:00:00","date_gmt":"2011-04-08T03:00:00","guid":{"rendered":"https:\/\/www.cnbb.org.br\/papa-envia-mensagem-ao-povo-do-rio-de-janeiro-e-se-diz-consternado-com-atentado-contra-criancas-2\/"},"modified":"2011-04-08T00:00:00","modified_gmt":"2011-04-08T03:00:00","slug":"papa-envia-mensagem-ao-povo-do-rio-de-janeiro-e-se-diz-consternado-com-atentado-contra-criancas-2","status":"publish","type":"post","link":"https:\/\/www.cnbb.org.br\/papa-envia-mensagem-ao-povo-do-rio-de-janeiro-e-se-diz-consternado-com-atentado-contra-criancas-2\/","title":{"rendered":"Papa envia mensagem ao povo do Rio de Janeiro e se diz consternado com atentado contra crian\u00e7as"},"content":{"rendered":"<p style=\"text-align: justify\">O papa Bento XVI enviou um telegrama, na manh\u00e3 de hoje, 8, ao arcebispo do Rio de Janeiro, dom Orani Jo\u00e3o Tempesta, no qual se diz \u201cprofundamente consternado pelo dram\u00e1tico atentado realizado contra crian\u00e7as indefesas\u201d, no bairro de Realengo (RJ). O telegrama foi enviado por meio do secret\u00e1rio de Estado, o cardeal Tarcisio Bertone.<\/p>\n<p>  <!--more-->  <\/p>\n<p style=\"text-align: justify\">Segundo o cardeal, o papa convida todos os cariocas, diante desta trag\u00e9dia, a dizer n\u00e3o \u00e0 viol\u00eancia que \u201cconstitui caminho sem futuro, procurando construir uma sociedade fundada sobre a justi\u00e7a e o respeito pelas pessoas, sobretudo os mais fracos e indefesos\u201d, disse.<\/p>\n<p style=\"text-align: justify\">No final da mensagem o papa concede a todo o povo brasileiro a sua Ben\u00e7\u00e3o Apost\u00f3lica.<\/p>\n<p style=\"text-align: justify\">No mesmo telegrama, o n\u00fancio apost\u00f3lico no Brasil, dom Lorenzo Baldisseri, diz estar unido \u00e0 dor dos que perderam parentes e amigos e manda uma mensagem ao arcebispo do Rio de Janeiro, dom Orani.<\/p>\n<p style=\"text-align: justify\">\u201cUno \u00e0s palavras do cardeal Tarcisio Bertone, \u00e0 minha fervente ora\u00e7\u00e3o a Deus Todo poderoso e rico em miseric\u00f3rdia, nesta circunst\u00e2ncia t\u00e3o dolorosa na sua arquidiocese\u201d, disse dom Lorenzo.<\/p>\n<p style=\"text-align: justify\">Leia a \u00edntegra da mensagem abaixo:<\/p>\n<p style=\"text-align: justify\"><em><strong>Excel\u00eancia Reverend\u00edssima<\/strong><\/em><\/p>\n<p style=\"text-align: justify\"><em><strong>Cumpro o dever de transmitir a Vossa Excel\u00eancia, o telegrama de Sua Emin\u00eancia o cardeal Tarc\u00edcio Bertone, Secret\u00e1rio de Estado:<\/strong><\/em><\/p>\n<p style=\"text-align: justify\">Exmo Revmo Dom Orani Jo\u00e3o Tempesta<br \/>Arcebispo de S\u00e3o Sebasti\u00e3o do Rio de Janeiro<\/p>\n<p style=\"text-align: justify\">Profundamente consternado pelo dram\u00e1tico atentado realizado contra crian\u00e7as indefesas em um col\u00e9gio municipal no bairro do Realengo, o Sumo Pont\u00edfice deseja assegurar atrav\u00e9s de Vossa Excel\u00eancia Revma sua solidariedade e conforto espiritual \u00e0s fam\u00edlias que perderam seus filhos e toda a comunidade escolar, com votos de pronta recupera\u00e7\u00e3o dos feridos.<\/p>\n<p style=\"text-align: justify\">O Santo Padre convida todos os cariocas, diante desta trag\u00e9dia, a dizer n\u00e3o \u00e0 viol\u00eancia que constitui caminho sem futuro, procurando construir uma sociedade fundada sobre a justi\u00e7a e o respeito pelas pessoas, sobretudo os mais fracos e indefesos.<\/p>\n<p style=\"text-align: justify\">Em nome de Deus, para que a esperan\u00e7a n\u00e3o esmore\u00e7a nesta hora de prova e fa\u00e7a prevalecer o perd\u00e3o e o amor sobre o \u00f3dio e a vingan\u00e7a, Sua Santidade Papa Bento XVI concede-lhes uma confortadora b\u00ean\u00e7\u00e3o apost\u00f3lica.<\/p>\n<p style=\"text-align: center\"><em><strong>Cardeal Tarc\u00edsio Bertone<br \/>Secret\u00e1rio de Estado de Sua Santidade<\/strong><\/em><\/p>\n<p style=\"text-align: justify\">Uno \u00e0s palavras do Cardeal, minha fervente ora\u00e7\u00e3o a Deus Todo poderoso e rico em miseric\u00f3rdia, nesta circunst\u00e2ncia t\u00e3o dolorosa na sua Arquidiocese.<\/p>\n<p style=\"text-align: justify\">Aproveito o ensejo para expressar meus sentimentos de alta estima.<\/p>\n<p style=\"text-align: center\"><strong><em>Dom Lorenzo Baldisseri<br \/>N\u00fancio Apost\u00f3lico<\/em><\/strong><\/p>\n","protected":false},"excerpt":{"rendered":"<p>O papa Bento XVI enviou um telegrama, na manh\u00e3 de hoje, 8, ao arcebispo do Rio de Janeiro, dom Orani Jo\u00e3o Tempesta, no qual se diz \u201cprofundamente consternado pelo dram\u00e1tico atentado realizado contra crian\u00e7as indefesas\u201d, no bairro de Realengo (RJ). O telegrama foi enviado por meio do secret\u00e1rio de Estado, o cardeal Tarcisio Bertone.<\/p>\n","protected":false},"author":83,"featured_media":6779,"comment_status":"open","ping_status":"open","sticky":false,"template":"","format":"standard","meta":{"site-sidebar-layout":"default","site-content-layout":"default","ast-global-header-display":"","ast-banner-title-visibility":"","ast-main-header-display":"","ast-hfb-above-header-display":"","ast-hfb-below-header-display":"","ast-hfb-mobile-header-display":"","site-post-title":"","ast-breadcrumbs-content":"","ast-featured-img":"","footer-sml-layout":"","theme-transparent-header-meta":"","adv-header-id-meta":"","stick-header-meta":"","header-above-stick-meta":"","header-main-stick-meta":"","header-below-stick-meta":""},"categories":[784],"tags":[],"acf":[],"_links":{"self":[{"href":"https:\/\/www.cnbb.org.br\/cnbb-app\/wp\/v2\/posts\/27074"}],"collection":[{"href":"https:\/\/www.cnbb.org.br\/cnbb-app\/wp\/v2\/posts"}],"about":[{"href":"https:\/\/www.cnbb.org.br\/cnbb-app\/wp\/v2\/types\/post"}],"author":[{"embeddable":true,"href":"https:\/\/www.cnbb.org.br\/cnbb-app\/wp\/v2\/users\/83"}],"replies":[{"embeddable":true,"href":"https:\/\/www.cnbb.org.br\/cnbb-app\/wp\/v2\/comments?post=27074"}],"version-history":[{"count":0,"href":"https:\/\/www.cnbb.org.br\/cnbb-app\/wp\/v2\/posts\/27074\/revisions"}],"wp:featuredmedia":[{"embeddable":true,"href":"https:\/\/www.cnbb.org.br\/cnbb-app\/wp\/v2\/media\/6779"}],"wp:attachment":[{"href":"https:\/\/www.cnbb.org.br\/cnbb-app\/wp\/v2\/media?parent=27074"}],"wp:term":[{"taxonomy":"category","embeddable":true,"href":"https:\/\/www.cnbb.org.br\/cnbb-app\/wp\/v2\/categories?post=27074"},{"taxonomy":"post_tag","embeddable":true,"href":"https:\/\/www.cnbb.org.br\/cnbb-app\/wp\/v2\/tags?post=27074"}],"curies":[{"name":"wp","href":"https:\/\/api.w.org\/{rel}","templated":true}]}}