{"id":27076,"date":"2011-04-16T00:00:00","date_gmt":"2011-04-16T03:00:00","guid":{"rendered":"https:\/\/www.cnbb.org.br\/bento-xvi-completa-84-anos-2\/"},"modified":"2011-04-16T00:00:00","modified_gmt":"2011-04-16T03:00:00","slug":"bento-xvi-completa-84-anos-2","status":"publish","type":"post","link":"https:\/\/www.cnbb.org.br\/bento-xvi-completa-84-anos-2\/","title":{"rendered":"Bento XVI completa 84 anos"},"content":{"rendered":"<p style=\"text-align: justify\">O papa Bento XVI est\u00e1 recebendo parab\u00e9ns do mundo inteiro pelos 84 anos que completa hoje. Autoridades pol\u00edticas e religiosas, homens de cultura e simples fi\u00e9is est\u00e3o expressando sua estima e afeto ao papa.<\/p>\n<p>  <!--more-->  <\/p>\n<p style=\"text-align: justify\">&#8220;Por ocasi\u00e3o de seus 84 anos, com muito prazer, envio-lhe minhas felicita\u00e7\u00f5es e ora\u00e7\u00f5es, recordando com grande afeto a memor\u00e1vel visita de Sua Santidade ao Reino Unido&#8221;, diz a Rainha Elizabeth II da Inglaterra em mensagem enviada a Bento XVI.<\/p>\n<p>O Jornal da Santa S\u00e9 L&#8217;Osservatore Romano tamb\u00e9m enviou congratula\u00e7\u00f5es ao papa em nome de todos os seus leitores e de &#8220;pessoas do mundo inteiro que querem bem ao Papa, que lhe est\u00e3o pr\u00f3ximas, mostrando simpatia e interesse por sua pessoa e suas palavras que anunciam a alegre convic\u00e7\u00e3o de que Deus \u00e9 a luz do mundo&#8221;. <\/p>\n<p>J\u00e1 a Confer\u00eancia Episcopal Italiana (CEI) emitiu uma nota cumprimentando Bento XVI. \u201cA Igreja na It\u00e1lia reconhece em Sua Santidade uma testemunha fiel e um mestre do qual aprendemos a viver segundo Cristo, que \u00e9 o Caminho, a Verdade e a Vida que todo ser humano procura&#8221;, destaca a nota.<\/p>\n<p>O diretor da Sala de Imprensa da Santa S\u00e9 e da R\u00e1dio Vaticano, padre Federico Lombardi, saudou o sucessor de Pedro desejando-lhe sa\u00fade. <\/p>\n<p>&#8220;Uma longa vida a servi\u00e7o do Senhor e sua Igreja, com dedica\u00e7\u00e3o total e incans\u00e1vel. A R\u00e1dio Vaticano, o Centro Televisivo Vaticano e a Sala de Imprensa da Santa S\u00e9, a seguimos com imensa gratid\u00e3o e admira\u00e7\u00e3o e consideramos um privil\u00e9gio poder estar ligados ao seu minist\u00e9rio de Pastor Universal da Igreja. Tamb\u00e9m em nome de todos os ouvintes, telespectadores e leitores de todas as partes do mundo, pedimos ao Senhor para que continue doando ao Papa sa\u00fade e energia para que suas palavras e olhar, verdadeira transpar\u00eancia de seu testemunho de f\u00e9, continuem iluminando e confortando nossas mentes e cora\u00e7\u00f5es&#8221;, disse padre Lombardi.<\/p>\n","protected":false},"excerpt":{"rendered":"<p>O papa Bento XVI est\u00e1 recebendo parab\u00e9ns do mundo inteiro pelos 84 anos que completa hoje. Autoridades pol\u00edticas e religiosas, homens de cultura e simples fi\u00e9is est\u00e3o expressando sua estima e afeto ao papa.<\/p>\n","protected":false},"author":83,"featured_media":21452,"comment_status":"open","ping_status":"open","sticky":false,"template":"","format":"standard","meta":{"site-sidebar-layout":"default","site-content-layout":"default","ast-global-header-display":"","ast-banner-title-visibility":"","ast-main-header-display":"","ast-hfb-above-header-display":"","ast-hfb-below-header-display":"","ast-hfb-mobile-header-display":"","site-post-title":"","ast-breadcrumbs-content":"","ast-featured-img":"","footer-sml-layout":"","theme-transparent-header-meta":"","adv-header-id-meta":"","stick-header-meta":"","header-above-stick-meta":"","header-main-stick-meta":"","header-below-stick-meta":""},"categories":[784],"tags":[],"acf":[],"_links":{"self":[{"href":"https:\/\/www.cnbb.org.br\/cnbb-app\/wp\/v2\/posts\/27076"}],"collection":[{"href":"https:\/\/www.cnbb.org.br\/cnbb-app\/wp\/v2\/posts"}],"about":[{"href":"https:\/\/www.cnbb.org.br\/cnbb-app\/wp\/v2\/types\/post"}],"author":[{"embeddable":true,"href":"https:\/\/www.cnbb.org.br\/cnbb-app\/wp\/v2\/users\/83"}],"replies":[{"embeddable":true,"href":"https:\/\/www.cnbb.org.br\/cnbb-app\/wp\/v2\/comments?post=27076"}],"version-history":[{"count":0,"href":"https:\/\/www.cnbb.org.br\/cnbb-app\/wp\/v2\/posts\/27076\/revisions"}],"wp:featuredmedia":[{"embeddable":true,"href":"https:\/\/www.cnbb.org.br\/cnbb-app\/wp\/v2\/media\/21452"}],"wp:attachment":[{"href":"https:\/\/www.cnbb.org.br\/cnbb-app\/wp\/v2\/media?parent=27076"}],"wp:term":[{"taxonomy":"category","embeddable":true,"href":"https:\/\/www.cnbb.org.br\/cnbb-app\/wp\/v2\/categories?post=27076"},{"taxonomy":"post_tag","embeddable":true,"href":"https:\/\/www.cnbb.org.br\/cnbb-app\/wp\/v2\/tags?post=27076"}],"curies":[{"name":"wp","href":"https:\/\/api.w.org\/{rel}","templated":true}]}}