{"id":27102,"date":"2011-05-27T00:00:00","date_gmt":"2011-05-27T03:00:00","guid":{"rendered":"https:\/\/www.cnbb.org.br\/documenta-congregacao-para-a-doutrina-da-fe-apresentacao-2\/"},"modified":"2011-05-27T00:00:00","modified_gmt":"2011-05-27T03:00:00","slug":"documenta-congregacao-para-a-doutrina-da-fe-apresentacao-2","status":"publish","type":"post","link":"https:\/\/www.cnbb.org.br\/documenta-congregacao-para-a-doutrina-da-fe-apresentacao-2\/","title":{"rendered":"Documenta \u2013 Congrega\u00e7\u00e3o para a Doutrina da F\u00e9 &#8211; Apresenta\u00e7\u00e3o"},"content":{"rendered":"<p style=\"text-align: justify\">Ao longo da hist\u00f3ria, a investiga\u00e7\u00e3o teol\u00f3gica esteve unida \u00e0 miss\u00e3o evangelizadora da Igreja como resposta ao des\u00edgnio de Deus, que \u201cquer que todos os homens sejam salvos e cheguem ao conhecimento da verdade\u201d<\/p>\n<p>  <!--more-->  <\/p>\n<p style=\"text-align: justify\">(1Tm 2,4). O aprofundamento da palavra de Deus contida na Escritura inspirada e transmitida pela Tradi\u00e7\u00e3o viva da Igreja enriquece, com efeito, todo o povo de Deus , \u201csal da terra\u201d e \u201cluz do mundo\u201d (Mt 5,13ss). A teologia mostra-se ainda mais importante em tempos, como o nosso, de grandes mudan\u00e7as culturais e espirituais, que exigem respostas adequadas e novas solu\u00e7\u00f5es.<\/p>\n<p style=\"text-align: justify\">A investiga\u00e7\u00e3o teol\u00f3gica, por outro lado, tem sua raiz na acolhida da revela\u00e7\u00e3o crist\u00e3 transmitida e interpretada pela Igreja sob a autoridade do Magist\u00e9rio. O exerc\u00edcio do Magist\u00e9rio n\u00e3o \u00e9 algo extr\u00ednseco \u00e0 verdade crist\u00e3 e \u00e0 f\u00e9, mas um elemento constitutivo desta mesma miss\u00e3o prof\u00e9tica da Igreja.<\/p>\n<p style=\"text-align: justify\">Nesta perspectiva de colabora\u00e7\u00e3o, a Congrega\u00e7\u00e3o para a Doutrina da F\u00e9, cuja tarefa \u00e9 propriamente a de \u201cpromover e tutelar a doutrina da f\u00e9 e os costumes em todo o mundo cat\u00f3lico\u201d (Pastor bonus, n. 48), decidiu reunir em um s\u00f3 volume todos os seus documentos mais significativos, a partir de 1966. Trata-se de interven\u00e7\u00f5es magisteriais que, refutando obje\u00e7\u00f5es e deforma\u00e7\u00f5es da f\u00e9 ou propondo com autoridade novos aprofundamentos da doutrina revelada, acompanham e ajudam na investiga\u00e7\u00e3o teol\u00f3gica.<\/p>\n<p style=\"text-align: justify\">Diante das novas quest\u00f5es e propostas teol\u00f3gicas, \u00e9 oportuno n\u00e3o somente determo-nos no conjunto dos problemas delineados, como tamb\u00e9m oferecer elementos \u00fateis para superar as dificuldades encontradas na investiga\u00e7\u00e3o e no an\u00fancio da verdade divina. N\u00e3o \u00e9 suficiente denunciar o erro; torna-se necess\u00e1rio recorrer aos testemunhos da tradi\u00e7\u00e3o e a outros elementos da f\u00e9 crist\u00e3 que podem iluminar o caminho. N\u00e3o se trata de substituir os te\u00f3logos nem de propor uma teologia particular como \u00fanica e normativa, mas de repropor elementos n\u00e3o levados em conta, por\u00e9m indispens\u00e1veis para elaborar uma teologia cat\u00f3lica pura. Quando se trata de assuntos discut\u00edveis, as interven\u00e7\u00f5es da Congrega\u00e7\u00e3o para a Doutrina da F\u00e9 limitam-se a indicar o que \u00e9 incompat\u00edvel com a f\u00e9 cat\u00f3lica e expressar positiva e sucintamente as motiva\u00e7\u00f5es que as justificam.<\/p>\n<p style=\"text-align: justify\">Os Documentos pretendem facilitar o esfor\u00e7o dos te\u00f3logos em dar respostas adequadas \u00e0s quest\u00f5es sempre novas que surgem na cultura contempor\u00e2nea. Estes Documentos s\u00e3o um servi\u00e7o \u00e0 f\u00e9, seja para salv\u00e1-la de erros e de ambiguidades que obscurecem ou inclusive alteram pontos essenciais de seu patrim\u00f4nio, seja para promover uma compreens\u00e3o mais profunda na fidelidade e na continuidade com a Tradi\u00e7\u00e3o eclesial. Este servi\u00e7o abre a intelig\u00eancia dos crentes, libertando-a do risco de desvios e de parcialidade, para orient\u00e1-la na correta dire\u00e7\u00e3o da compreens\u00e3o plena da Revela\u00e7\u00e3o divina. Neste sentido, os Documentos representam tamb\u00e9m um servi\u00e7o \u00e0 caridade, j\u00e1 que a \u201csalus animarum\u201d, fruto do amor transbordante de Deus Pai oferecido \u00e0 fam\u00edlia humana por seu Filho e nosso irm\u00e3o Jesus, vale mais que qualquer outra coisa para a Igreja. \u00c9 precisamente a \u201csalus animarum\u201d que exige, como condi\u00e7\u00e3o essencial, o an\u00fancio e a defesa da verdade revelada.<\/p>\n<p style=\"text-align: justify\">Sendo a Congrega\u00e7\u00e3o para a Doutrina da F\u00e9 o \u00f3rg\u00e3o auxiliar junto ao Romano Pont\u00edfice, com o encargo espec\u00edfico e \u00fanico de promover e tutelar em todo o mundo cat\u00f3lico a doutrina sobre a f\u00e9 e os costumes (cf. Pastor bonus, n. 48), consequentemente seus Documentos, expressamente aprovados pelo Papa, participam do Magist\u00e9rio ordin\u00e1rio do sucessor de Pedro (cf. Donum veritatis, n. 18).<\/p>\n<p style=\"text-align: justify\">Em um contexto, como o atual, de uma sociedade sempre mais multireligiosa e multicultural, a Igreja adverte com urg\u00eancia a necessidade de manifestar corajosamente sua identidade doutrinal e testemunhar na caridade sua f\u00e9 firme em Jesus Cristo, fonte de verdade e de salva\u00e7\u00e3o. Os presentes Documentos pretendem, portanto, reafirmar determinadas verdades da f\u00e9 e da doutrina cat\u00f3lica, precisando assim as seguras bases doutrinais para conservar a integridade do dep\u00f3sito da f\u00e9.<\/p>\n<p style=\"text-align: justify\">\u00c0 luz do exposto, este volume apresenta-se como uma ajuda \u00fatil a todos, pastores, te\u00f3logos, pesquisadores, estudantes e simples fi\u00e9is, que queiram aprofundar o an\u00fancio revelado e aderirem \u00e0 verdade que \u00e9 Cristo, e que constitui o verdadeiro espa\u00e7o da liberdade humana. De fato, somente Cristo \u00e9 \u201co caminho, a verdade e a vida\u201d (Jo 14,6).<\/p>\n<p style=\"text-align: right\">Roma, 14 de setembro de 2006<\/p>\n<p style=\"text-align: center\"><strong>William Joseph Card. Levada<\/strong><\/p>\n<p style=\"text-align: center\">Prefeito da Congrega\u00e7\u00e3o para a Doutrina da F\u00e9<\/p>\n","protected":false},"excerpt":{"rendered":"<p>Ao longo da hist\u00f3ria, a investiga\u00e7\u00e3o teol\u00f3gica esteve unida \u00e0 miss\u00e3o evangelizadora da Igreja como resposta ao des\u00edgnio de Deus, que \u201cquer que todos os homens sejam salvos e cheguem ao conhecimento da verdade\u201d<\/p>\n","protected":false},"author":83,"featured_media":26717,"comment_status":"open","ping_status":"open","sticky":false,"template":"","format":"standard","meta":{"site-sidebar-layout":"default","site-content-layout":"default","ast-global-header-display":"","ast-banner-title-visibility":"","ast-main-header-display":"","ast-hfb-above-header-display":"","ast-hfb-below-header-display":"","ast-hfb-mobile-header-display":"","site-post-title":"","ast-breadcrumbs-content":"","ast-featured-img":"","footer-sml-layout":"","theme-transparent-header-meta":"","adv-header-id-meta":"","stick-header-meta":"","header-above-stick-meta":"","header-main-stick-meta":"","header-below-stick-meta":""},"categories":[784],"tags":[],"acf":[],"_links":{"self":[{"href":"https:\/\/www.cnbb.org.br\/cnbb-app\/wp\/v2\/posts\/27102"}],"collection":[{"href":"https:\/\/www.cnbb.org.br\/cnbb-app\/wp\/v2\/posts"}],"about":[{"href":"https:\/\/www.cnbb.org.br\/cnbb-app\/wp\/v2\/types\/post"}],"author":[{"embeddable":true,"href":"https:\/\/www.cnbb.org.br\/cnbb-app\/wp\/v2\/users\/83"}],"replies":[{"embeddable":true,"href":"https:\/\/www.cnbb.org.br\/cnbb-app\/wp\/v2\/comments?post=27102"}],"version-history":[{"count":0,"href":"https:\/\/www.cnbb.org.br\/cnbb-app\/wp\/v2\/posts\/27102\/revisions"}],"wp:featuredmedia":[{"embeddable":true,"href":"https:\/\/www.cnbb.org.br\/cnbb-app\/wp\/v2\/media\/26717"}],"wp:attachment":[{"href":"https:\/\/www.cnbb.org.br\/cnbb-app\/wp\/v2\/media?parent=27102"}],"wp:term":[{"taxonomy":"category","embeddable":true,"href":"https:\/\/www.cnbb.org.br\/cnbb-app\/wp\/v2\/categories?post=27102"},{"taxonomy":"post_tag","embeddable":true,"href":"https:\/\/www.cnbb.org.br\/cnbb-app\/wp\/v2\/tags?post=27102"}],"curies":[{"name":"wp","href":"https:\/\/api.w.org\/{rel}","templated":true}]}}