{"id":27111,"date":"2011-06-29T00:00:00","date_gmt":"2011-06-29T03:00:00","guid":{"rendered":"https:\/\/www.cnbb.org.br\/arcebispos-recebem-palio-e-papa-lembra-compromisso-com-a-unidade-2\/"},"modified":"2011-06-29T00:00:00","modified_gmt":"2011-06-29T03:00:00","slug":"arcebispos-recebem-palio-e-papa-lembra-compromisso-com-a-unidade-2","status":"publish","type":"post","link":"https:\/\/www.cnbb.org.br\/arcebispos-recebem-palio-e-papa-lembra-compromisso-com-a-unidade-2\/","title":{"rendered":"Arcebispos recebem p\u00e1lio e papa lembra compromisso com a unidade"},"content":{"rendered":"<p style=\"text-align: justify\">&#8220;Devemos ser pastores para a unidade e na unidade&#8221;. Com estas palavras o papa Bento XVI entregou hoje, 29, o p\u00e1lio a 40 arcebispos de todo o mundo, entre os quais os brasileiros dom Murilo Sebasti\u00e3o Ramos Krieger (Salvador-BA), dom Pedro Brito Guimar\u00e3es (Palmas-TO); dom Jacinto Bergmann (Pelotas-RS); dom H\u00e9lio Adelar Rubert (Santa Maria-RS); dom Pedro Erc\u00edlio Simon (Passo Fundo-RS); dom S\u00e9rgio da Rocha (Bras\u00edlia-DF) e dom Dimas Lara Barbosa (Campo Grande-MS).<\/p>\n<p><!--more--><\/p>\n<p style=\"text-align: justify\">A celebra\u00e7\u00e3o comemorou tamb\u00e9m os 60 anos de ordena\u00e7\u00e3o sacerdotal do papa. Na homilia, Bento XVI recordou sua ordena\u00e7\u00e3o e as palavras de Jesus \u201cJ\u00e1 n\u00e3o sois servos, mas amigos\u201d durante a cerim\u00f4nia.<\/p>\n<p>&#8220;Passados sessenta anos da minha Ordena\u00e7\u00e3o Sacerdotal, sinto ainda ressoar no meu \u00edntimo estas palavras de Jesus, que o nosso grande arcebispo, o cardeal Faulhaber, com voz um pouco debilitada, mas firme, nos dirigiu, a n\u00f3s novos sacerdotes, no final da cerim\u00f4nia de Ordena\u00e7\u00e3o\u201d, disse o papa.<\/p>\n<p>\u201cSegundo o ordenamento lit\u00fargico daquele tempo, esta proclama\u00e7\u00e3o significava ent\u00e3o a expl\u00edcita concess\u00e3o aos novos sacerdotes do mandato de perdoar os pecados. \u2018J\u00e1 n\u00e3o sois servos, mas amigos\u2019: eu sabia e sentia que esta n\u00e3o era, naquele momento, apenas uma frase de cerim\u00f4nia; e que era mais do que uma mera cita\u00e7\u00e3o da Sagrada Escritura. Ele me chama de amigo. Acolhe-me no c\u00edrculo daqueles que receberam a sua palavra no Cen\u00e1culo; no c\u00edrculo daqueles que Ele conhece de modo muito particular e que chegam assim a conhec\u00ea-Lo de modo peculiar&#8221;, acrescentou Bento XVI.<\/p>\n<p>Na hora do angelus, o papa saudou os arcebispos de Angola e do Brasil que receberam o p\u00e1lio.\u00a0 \u201cSa\u00fado os peregrinos de l\u00edngua portuguesa, em particular os arcebispos de Angola e do Brasil a quem hoje impus o P\u00e1lio, com os familiares e amigos que os acompanham. \u00c0 Virgem Maria confio as vossas vidas, fam\u00edlias e dioceses, para todos implorando o precioso dom do amor e da unidade sobre a rocha de Pedro, ao dar a B\u00ean\u00e7\u00e3o Apost\u00f3lica\u201d.<\/p>\n<p style=\"text-align: justify\"><strong>O p\u00e1lio<\/strong><img decoding=\"async\" loading=\"lazy\" class=\" alignright size-full wp-image-10457\" style=\"float: right\" title=\"Foto: R\u00e1dio Vaticano\" src=\"https:\/\/www.cnbb.org.br\/wp-content\/uploads\/2020\/03\/Palio1.jpg\" alt=\"Palio1\" width=\"250\" height=\"170\" \/><br \/>\nSegundo o canonista e ex-assessor da CNBB, dom Hugo Cavalcanti, o p\u00e1lio significa uni\u00e3o com o papa, fidelidade ao magist\u00e9rio e encargo pastoral.<\/p>\n<p>\u201cO p\u00e1lio entregue aos arcebispos tem estes significados sugestivos: um la\u00e7o estreito de uni\u00e3o com o Papa, Pastor universal vis\u00edvel do rebanho, e de fidelidade ao seu Magist\u00e9rio na Igreja. Foi Pedro, de fato, que recebeu de Jesus o encargo de \u2018apascentar minhas ovelhas\u2019\u2019, explica o canonista.<\/p>\n<p>\u201cO p\u00e1lio ainda \u00e9 sinal do encargo pastoral entregue aos bispos; Jesus Cristo associa a si, neste suave jugo, os pastores postos \u00e0 frente de cada uma das Igrejas particulares. \u00c9 um \u2018peso de amor\u2019, tamb\u00e9m dito \u2018of\u00edcio de caridade\u2019 (amoris officium), que os bispos devem exercer em nome de Cristo\u201d, acrescenta dom Hugo.<\/p>\n<p>De acordo com o canonista, o p\u00e1lio \u00e9 tamb\u00e9m \u201csinal distintivo da responsabilidade pr\u00f3pria do arcebispo metropolita no \u00e2mbito de sua prov\u00edncia eclesi\u00e1stica, na qual ele poder\u00e1 us\u00e1-lo durante as celebra\u00e7\u00f5es da Liturgia. De fato, o Direito da Igreja reserva algumas fun\u00e7\u00f5es pr\u00f3prias ao arcebispo metropolita, em fun\u00e7\u00e3o da unidade da f\u00e9 e da viabiliza\u00e7\u00e3o da disciplina eclesi\u00e1stica\u201d.<\/p>\n<p>Quando um arcebispo \u00e9 transferido para outra arquidiocese, ele recebe novamente o p\u00e1lio, conforme prescreve o c\u00e2non 473 \u00a7 3 do C\u00f3digo de Direito Can\u00f4nico. \u201cComo o p\u00e1lio indica o poder de que est\u00e1 revestido o metropolita na pr\u00f3pria prov\u00edncia, trocando de prov\u00edncia, recebe novo p\u00e1lio, para identificar o poder naquela prov\u00edncia nova\u201d, esclarece dom Hugo. \u00c9 o caso de dom Murilo Krieger e dom S\u00e9rgio da Rocha que eram arcebispos, respectivamente, de Florian\u00f3polis (SC) e Teresina (PI).<\/p>\n<p>O arcebispo pode receber o p\u00e1lio mesmo que ainda n\u00e3o tenha tomado posse na arquidiocese. \u201cN\u00e3o exige a tomada de posse [para receber o p\u00e1lio], mas somente a provis\u00e3o can\u00f4nica, que \u00e9 a nomea\u00e7\u00e3o para o of\u00edcio\u201d, explica o canonista. Est\u00e3o nessas condi\u00e7\u00f5es os arcebispos de Campo Grande, dom Dimas Lara Barbosa (toma posse no dia 10 de julho) e de Bras\u00edlia, dom S\u00e9rgio da Rocha (toma posse no dia 6 de agosto).<\/p>\n<p>Sobre o uso do p\u00e1lio, diz o c\u00e2non 437 \u00a7 2\u00ba do c\u00f3digo de direito can\u00f4nico: \u201cDe acordo com as leis lit\u00fargicas, o metropolita pode usar o p\u00e1lio em qualquer igreja da prov\u00edncia eclesi\u00e1stica a que preside, mas n\u00e3o fora desta, nem mesmo com o consentimento do bispo diocesano\u201d.<\/p>\n","protected":false},"excerpt":{"rendered":"<p>&#8220;Devemos ser pastores para a unidade e na unidade&#8221;. Com estas palavras o papa Bento XVI entregou hoje, 29, o p\u00e1lio a 40 arcebispos de todo o mundo, entre os quais os brasileiros dom Murilo Sebasti\u00e3o Ramos Krieger (Salvador-BA), dom Pedro Brito Guimar\u00e3es (Palmas-TO); dom Jacinto Bergmann (Pelotas-RS); dom H\u00e9lio Adelar Rubert (Santa Maria-RS); dom &hellip;<\/p>\n<p class=\"read-more\"> <a class=\"\" href=\"https:\/\/www.cnbb.org.br\/arcebispos-recebem-palio-e-papa-lembra-compromisso-com-a-unidade-2\/\"> <span class=\"screen-reader-text\">Arcebispos recebem p\u00e1lio e papa lembra compromisso com a unidade<\/span> Leia mais &raquo;<\/a><\/p>\n","protected":false},"author":83,"featured_media":26731,"comment_status":"open","ping_status":"open","sticky":false,"template":"","format":"standard","meta":{"site-sidebar-layout":"default","site-content-layout":"default","ast-global-header-display":"","ast-banner-title-visibility":"","ast-main-header-display":"","ast-hfb-above-header-display":"","ast-hfb-below-header-display":"","ast-hfb-mobile-header-display":"","site-post-title":"","ast-breadcrumbs-content":"","ast-featured-img":"","footer-sml-layout":"","theme-transparent-header-meta":"","adv-header-id-meta":"","stick-header-meta":"","header-above-stick-meta":"","header-main-stick-meta":"","header-below-stick-meta":""},"categories":[784],"tags":[],"acf":[],"_links":{"self":[{"href":"https:\/\/www.cnbb.org.br\/cnbb-app\/wp\/v2\/posts\/27111"}],"collection":[{"href":"https:\/\/www.cnbb.org.br\/cnbb-app\/wp\/v2\/posts"}],"about":[{"href":"https:\/\/www.cnbb.org.br\/cnbb-app\/wp\/v2\/types\/post"}],"author":[{"embeddable":true,"href":"https:\/\/www.cnbb.org.br\/cnbb-app\/wp\/v2\/users\/83"}],"replies":[{"embeddable":true,"href":"https:\/\/www.cnbb.org.br\/cnbb-app\/wp\/v2\/comments?post=27111"}],"version-history":[{"count":0,"href":"https:\/\/www.cnbb.org.br\/cnbb-app\/wp\/v2\/posts\/27111\/revisions"}],"wp:featuredmedia":[{"embeddable":true,"href":"https:\/\/www.cnbb.org.br\/cnbb-app\/wp\/v2\/media\/26731"}],"wp:attachment":[{"href":"https:\/\/www.cnbb.org.br\/cnbb-app\/wp\/v2\/media?parent=27111"}],"wp:term":[{"taxonomy":"category","embeddable":true,"href":"https:\/\/www.cnbb.org.br\/cnbb-app\/wp\/v2\/categories?post=27111"},{"taxonomy":"post_tag","embeddable":true,"href":"https:\/\/www.cnbb.org.br\/cnbb-app\/wp\/v2\/tags?post=27111"}],"curies":[{"name":"wp","href":"https:\/\/api.w.org\/{rel}","templated":true}]}}