{"id":27119,"date":"2011-08-07T00:00:00","date_gmt":"2011-08-07T03:00:00","guid":{"rendered":"https:\/\/www.cnbb.org.br\/bento-xvi-pede-o-fim-dos-conflitos-na-siria-2\/"},"modified":"2011-08-07T00:00:00","modified_gmt":"2011-08-07T03:00:00","slug":"bento-xvi-pede-o-fim-dos-conflitos-na-siria-2","status":"publish","type":"post","link":"https:\/\/www.cnbb.org.br\/bento-xvi-pede-o-fim-dos-conflitos-na-siria-2\/","title":{"rendered":"Bento XVI pede o fim dos conflitos na S\u00edria"},"content":{"rendered":"<p style=\"text-align: justify\">Na ora\u00e7\u00e3o do Angelus deste domingo, 7, feita da resid\u00eancia pontif\u00edcia de Castel Gandolfo,\u00a0 o papa\u00a0 Bento XVI fez novo apelo para que cessem os conflitos violentos na S\u00edria. \u201cAcompanho com muita preocupa\u00e7\u00e3o os dram\u00e1ticos e crescentes epis\u00f3dios de viol\u00eancia na S\u00edria, os quais j\u00e1 provocaram numerosas v\u00edtimas e grandes sofrimentos\u201d, disse o papa.<\/p>\n<p>  <!--more-->  <\/p>\n<p style=\"text-align: justify\">O papa fez um apelo urgente \u00e0s autoridades e ao povo s\u00edrio. \u201cQue se restabele\u00e7a, o quanto antes, a conviv\u00eancia pac\u00edfica e que se responda adequadamente \u00e0s aspira\u00e7\u00f5es leg\u00edtimas dos cidad\u00e3os em rela\u00e7\u00e3o ao respeito de sua dignidade, em benef\u00edcio da estabilidade da regi\u00e3o\u201d. <\/p>\n<p>A L\u00edbia tamb\u00e9m foi lembrada por Bento XVI, como um exemplo de onde \u201ca for\u00e7a das armas n\u00e3o resolveu a situa\u00e7\u00e3o\u201d. \u201cExorto os Organismos internacionais e a todos os que t\u00eam responsabilidade pol\u00edtica e militar a estabelecerem um plano de paz para a S\u00edria, atrav\u00e9s da negocia\u00e7\u00e3o e do di\u00e1logo construtivo\u201d, pediu, com veem\u00eancia, o papa. <\/p>\n<p>Bento XVI falou ainda sobre o evangelho proclamado na liturgia deste domingo, que narra a travessia dos ap\u00f3stolos pelo mar da Galileia, enfrentando a for\u00e7a do vento, quando Jesus lhes aparece e acalma o mar.<\/p>\n<p>\u201cO mar simboliza a vida presente e a instabilidade do mundo vis\u00edvel, a tempestade indica todos os tipos de tribula\u00e7\u00f5es, de dificuldades, que oprimem o ser humano. A barca, por\u00e9m, representa a Igreja edificada em Cristo e guiada pelos Ap\u00f3stolos. Jesus quer educar os disc\u00edpulos a suportarem com coragem as dificuldades da vida, confiando em Deus, naquele que se revelou ao profeta Elias, no monte Horeb \u2018no sussurro de uma brisa suave\u2019\u201d, explicou Bento XVI. <\/p>\n<p>\u201cPedro caminha sobre as \u00e1guas n\u00e3o pela pr\u00f3pria for\u00e7a, mas pela gra\u00e7a divina, na qual cr\u00ea, e quando \u00e9 tomado pela d\u00favida, quando j\u00e1 n\u00e3o fixa seu olhar em Jesus, mas tem medo do vento, quando n\u00e3o confia totalmente na palavra do Mestre, quer dizer que ele est\u00e1 se afastando Dele, e \u00e9 ent\u00e3o que risca afogar-se no mar da vida\u201d, acrescentou o papa.<\/p>\n","protected":false},"excerpt":{"rendered":"<p>Na ora\u00e7\u00e3o do Angelus deste domingo, 7, feita da resid\u00eancia pontif\u00edcia de Castel Gandolfo,\u00a0 o papa\u00a0 Bento XVI fez novo apelo para que cessem os conflitos violentos na S\u00edria. \u201cAcompanho com muita preocupa\u00e7\u00e3o os dram\u00e1ticos e crescentes epis\u00f3dios de viol\u00eancia na S\u00edria, os quais j\u00e1 provocaram numerosas v\u00edtimas e grandes sofrimentos\u201d, disse o papa.<\/p>\n","protected":false},"author":83,"featured_media":26741,"comment_status":"open","ping_status":"open","sticky":false,"template":"","format":"standard","meta":{"site-sidebar-layout":"default","site-content-layout":"default","ast-global-header-display":"","ast-banner-title-visibility":"","ast-main-header-display":"","ast-hfb-above-header-display":"","ast-hfb-below-header-display":"","ast-hfb-mobile-header-display":"","site-post-title":"","ast-breadcrumbs-content":"","ast-featured-img":"","footer-sml-layout":"","theme-transparent-header-meta":"","adv-header-id-meta":"","stick-header-meta":"","header-above-stick-meta":"","header-main-stick-meta":"","header-below-stick-meta":""},"categories":[784],"tags":[],"acf":[],"_links":{"self":[{"href":"https:\/\/www.cnbb.org.br\/cnbb-app\/wp\/v2\/posts\/27119"}],"collection":[{"href":"https:\/\/www.cnbb.org.br\/cnbb-app\/wp\/v2\/posts"}],"about":[{"href":"https:\/\/www.cnbb.org.br\/cnbb-app\/wp\/v2\/types\/post"}],"author":[{"embeddable":true,"href":"https:\/\/www.cnbb.org.br\/cnbb-app\/wp\/v2\/users\/83"}],"replies":[{"embeddable":true,"href":"https:\/\/www.cnbb.org.br\/cnbb-app\/wp\/v2\/comments?post=27119"}],"version-history":[{"count":0,"href":"https:\/\/www.cnbb.org.br\/cnbb-app\/wp\/v2\/posts\/27119\/revisions"}],"wp:featuredmedia":[{"embeddable":true,"href":"https:\/\/www.cnbb.org.br\/cnbb-app\/wp\/v2\/media\/26741"}],"wp:attachment":[{"href":"https:\/\/www.cnbb.org.br\/cnbb-app\/wp\/v2\/media?parent=27119"}],"wp:term":[{"taxonomy":"category","embeddable":true,"href":"https:\/\/www.cnbb.org.br\/cnbb-app\/wp\/v2\/categories?post=27119"},{"taxonomy":"post_tag","embeddable":true,"href":"https:\/\/www.cnbb.org.br\/cnbb-app\/wp\/v2\/tags?post=27119"}],"curies":[{"name":"wp","href":"https:\/\/api.w.org\/{rel}","templated":true}]}}