{"id":27136,"date":"2011-10-02T00:00:00","date_gmt":"2011-10-02T03:00:00","guid":{"rendered":"https:\/\/www.cnbb.org.br\/intencao-missionaria-do-papa-bento-xvi-para-o-dia-mundial-das-missoes-2\/"},"modified":"2011-10-02T00:00:00","modified_gmt":"2011-10-02T03:00:00","slug":"intencao-missionaria-do-papa-bento-xvi-para-o-dia-mundial-das-missoes-2","status":"publish","type":"post","link":"https:\/\/www.cnbb.org.br\/intencao-missionaria-do-papa-bento-xvi-para-o-dia-mundial-das-missoes-2\/","title":{"rendered":"Inten\u00e7\u00e3o mission\u00e1ria do papa Bento XVI para o Dia Mundial das Miss\u00f5es"},"content":{"rendered":"<p style=\"text-align: justify\">&#8220;Para que a celebra\u00e7\u00e3o do Dia Mundial das Miss\u00f5es&#8221;, de 23 deste m\u00eas de outubro, &#8220;fa\u00e7a crescer no Povo de Deus a paix\u00e3o pela evangeliza\u00e7\u00e3o e o apoio \u00e0 atividade mission\u00e1ria com a ora\u00e7\u00e3o e a ajuda econ\u00f4mica \u00e0s Igrejas mais pobres.&#8221; Essa \u00e9 a inten\u00e7\u00e3o mission\u00e1ria de Bento XVI para o m\u00eas de outubro. Trata-se de um tema, o da evangeliza\u00e7\u00e3o, ao qual o papa dedicou numerosos pronunciamentos.<\/p>\n<p>  <!--more-->  <\/p>\n<p style=\"text-align: justify\">O an\u00fancio do Evangelho &#8220;\u00e9 o servi\u00e7o mais precioso que a Igreja pode prestar \u00e0 humanidade&#8221;: \u00e9 o que escreve o papa na mensagem para o pr\u00f3ximo Dia Mundial das Miss\u00f5es. O Pont\u00edfice ressalta que a evangeliza\u00e7\u00e3o vivifica a Igreja e o seu esp\u00edrito apost\u00f3lico.<\/p>\n<p style=\"text-align: justify\">Por outro lado, Bento XVI sempre fez quest\u00e3o de precisar que &#8220;se n\u00e3o \u00e9 animada pelo amor&#8221;, a miss\u00e3o se reduz a atividade filantr\u00f3pica. Para os crist\u00e3os vale, ao inv\u00e9s, a exorta\u00e7\u00e3o do Ap\u00f3stolo Paulo: &#8220;O amor de Cristo nos impele&#8221;:<\/p>\n<p style=\"text-align: justify\">\u201cTodo batizado pode assim cooperar para a miss\u00e3o de Jesus, que se resume nisto: levar a toda pessoa a boa not\u00edcia que &#8220;Deus \u00e9 amor&#8221; e, justamente por isso, quer salvar o mundo.&#8221; (Angelus, 22 de outubro de 2006).<\/p>\n<p style=\"text-align: justify\">O papa observa a urg\u00eancia da evangeliza\u00e7\u00e3o para os homens do nosso tempo: que nenhum povo, s\u00e3o seus votos, seja privado da luz de Cristo. E isso, prossegue o pont\u00edfice, mesmo se na obra mission\u00e1ria se encontram mil dificuldades, at\u00e9 a disponibilidade &#8220;a dar a pr\u00f3pria vida pelo nome de Cristo e por amor aos homens&#8221;:<\/p>\n<p style=\"text-align: justify\">&#8220;Quem participa da miss\u00e3o de Cristo deve inevitavelmente enfrentar tribula\u00e7\u00f5es, contrastes e sofrimentos, porque se depara com as resist\u00eancias e os poderes deste mundo. E n\u00f3s, como o Ap\u00f3stolo Paulo, n\u00e3o temos como armas nada mais que a Palavra de Cristo e a sua Cruz.&#8221; (Discurso \u00e0s Pontif\u00edcias Obras Mission\u00e1rias, 21 de maio de 2010)<\/p>\n<p>O Papa recorda, ainda, que todos os crist\u00e3os, n\u00e3o somente os mission\u00e1rios, existem &#8220;para mostrar Deus aos homens. E somente onde se v\u00ea Deus, a vida come\u00e7a verdadeiramente&#8221;. &#8220;N\u00e3o h\u00e1 nada mais bonito&#8221; \u2013 dissera na missa de in\u00edcio do Pontificado \u2013 do que conhecer Cristo e &#8220;comunicar aos outros a amizade com Ele&#8221;.<\/p>\n<p style=\"text-align: justify\">&#8220;A evangeliza\u00e7\u00e3o precisa de crist\u00e3os com os bra\u00e7os elevados a Deus no gesto da ora\u00e7\u00e3o, de crist\u00e3os movidos pela consci\u00eancia de que a convers\u00e3o do mundo a Cristo n\u00e3o \u00e9 produzida por n\u00f3s, mas nos \u00e9 concedida.&#8221; (Discurso \u00e0s Pontif\u00edcias Obras Mission\u00e1rias, 21 de maio de 2010).<\/p>\n<p style=\"text-align: justify\">&#8220;Tudo na Igreja est\u00e1 a servi\u00e7o da evangeliza\u00e7\u00e3o&#8221; \u2013 reitera \u2013 e &#8220;todo crist\u00e3o deveria assumir como algo pessoal a urg\u00eancia de trabalhar pela edifica\u00e7\u00e3o do Reino de Deus&#8221;. Mas sobre quais bases fundar a miss\u00e3o? O papa indica na Palavra de Deus e nos Sacramentos os fundamentos s\u00f3lidos da evangeliza\u00e7\u00e3o.&#8221;Somente profundamente radicados em Cristo e em sua Palavra se \u00e9 capaz de n\u00e3o ceder \u00e0 tenta\u00e7\u00e3o de reduzir a evangeliza\u00e7\u00e3o a um projeto somente humano, social, ocultando ou silenciando a dimens\u00e3o transcendental da salva\u00e7\u00e3o oferecida por Deus em Cristo. \u00c9 uma Palavra que deve ser testemunhada e proclamada explicitamente, porque sem um testemunho coerente ela se torna menos compreens\u00edvel e cr\u00edvel.&#8221; (Discurso \u00e0s Pontif\u00edcias Obras Mission\u00e1rias, 14 de maio de 2011)<\/p>\n","protected":false},"excerpt":{"rendered":"<p>&#8220;Para que a celebra\u00e7\u00e3o do Dia Mundial das Miss\u00f5es&#8221;, de 23 deste m\u00eas de outubro, &#8220;fa\u00e7a crescer no Povo de Deus a paix\u00e3o pela evangeliza\u00e7\u00e3o e o apoio \u00e0 atividade mission\u00e1ria com a ora\u00e7\u00e3o e a ajuda econ\u00f4mica \u00e0s Igrejas mais pobres.&#8221; Essa \u00e9 a inten\u00e7\u00e3o mission\u00e1ria de Bento XVI para o m\u00eas de outubro. &hellip;<\/p>\n<p class=\"read-more\"> <a class=\"\" href=\"https:\/\/www.cnbb.org.br\/intencao-missionaria-do-papa-bento-xvi-para-o-dia-mundial-das-missoes-2\/\"> <span class=\"screen-reader-text\">Inten\u00e7\u00e3o mission\u00e1ria do papa Bento XVI para o Dia Mundial das Miss\u00f5es<\/span> Leia mais &raquo;<\/a><\/p>\n","protected":false},"author":83,"featured_media":26773,"comment_status":"open","ping_status":"open","sticky":false,"template":"","format":"standard","meta":{"site-sidebar-layout":"default","site-content-layout":"default","ast-global-header-display":"","ast-banner-title-visibility":"","ast-main-header-display":"","ast-hfb-above-header-display":"","ast-hfb-below-header-display":"","ast-hfb-mobile-header-display":"","site-post-title":"","ast-breadcrumbs-content":"","ast-featured-img":"","footer-sml-layout":"","theme-transparent-header-meta":"","adv-header-id-meta":"","stick-header-meta":"","header-above-stick-meta":"","header-main-stick-meta":"","header-below-stick-meta":""},"categories":[784],"tags":[],"acf":[],"_links":{"self":[{"href":"https:\/\/www.cnbb.org.br\/cnbb-app\/wp\/v2\/posts\/27136"}],"collection":[{"href":"https:\/\/www.cnbb.org.br\/cnbb-app\/wp\/v2\/posts"}],"about":[{"href":"https:\/\/www.cnbb.org.br\/cnbb-app\/wp\/v2\/types\/post"}],"author":[{"embeddable":true,"href":"https:\/\/www.cnbb.org.br\/cnbb-app\/wp\/v2\/users\/83"}],"replies":[{"embeddable":true,"href":"https:\/\/www.cnbb.org.br\/cnbb-app\/wp\/v2\/comments?post=27136"}],"version-history":[{"count":0,"href":"https:\/\/www.cnbb.org.br\/cnbb-app\/wp\/v2\/posts\/27136\/revisions"}],"wp:featuredmedia":[{"embeddable":true,"href":"https:\/\/www.cnbb.org.br\/cnbb-app\/wp\/v2\/media\/26773"}],"wp:attachment":[{"href":"https:\/\/www.cnbb.org.br\/cnbb-app\/wp\/v2\/media?parent=27136"}],"wp:term":[{"taxonomy":"category","embeddable":true,"href":"https:\/\/www.cnbb.org.br\/cnbb-app\/wp\/v2\/categories?post=27136"},{"taxonomy":"post_tag","embeddable":true,"href":"https:\/\/www.cnbb.org.br\/cnbb-app\/wp\/v2\/tags?post=27136"}],"curies":[{"name":"wp","href":"https:\/\/api.w.org\/{rel}","templated":true}]}}