{"id":27137,"date":"2011-10-04T00:00:00","date_gmt":"2011-10-04T03:00:00","guid":{"rendered":"https:\/\/www.cnbb.org.br\/papa-pediu-fim-das-barreiras-arquitetonicas-para-pessoas-com-deficiencia-2\/"},"modified":"2011-10-04T00:00:00","modified_gmt":"2011-10-04T03:00:00","slug":"papa-pediu-fim-das-barreiras-arquitetonicas-para-pessoas-com-deficiencia-2","status":"publish","type":"post","link":"https:\/\/www.cnbb.org.br\/papa-pediu-fim-das-barreiras-arquitetonicas-para-pessoas-com-deficiencia-2\/","title":{"rendered":"Papa pediu fim das \u201cbarreiras arquitet\u00f4nicas\u201d para pessoas com defici\u00eancia"},"content":{"rendered":"<p style=\"text-align: justify\">Bento XVI lan\u00e7ou apelo este domingo, 2, ao fim das &#8220;barreiras arquitet\u00f4nicas&#8221; para pessoas com defici\u00eancia, saudando o compromisso de &#8220;institui\u00e7\u00f5es e associa\u00e7\u00f5es de volunt\u00e1rios&#8221; empenhados nesta causa. O papa falava no Vaticano, saudando os peregrinos italianos reunidos para a reza da ora\u00e7\u00e3o do \u00c2ngelus. Este encontro foi o primeiro desde que Bento XVI regressou, no s\u00e1bado, da sua resid\u00eancia pontif\u00edcia de ver\u00e3o, em Castelo Gandolfo, nos arredores de Roma.<\/p>\n<p>  <!--more-->  <\/p>\n<p style=\"text-align: justify\">O papa aludiu ainda \u00e0 celebra\u00e7\u00e3o dos &#8220;Anjos da guarda&#8221;, que apresentou como &#8220;ministros da solicitude divina por cada homem&#8221;. &#8220;Do in\u00edcio \u00e0 hora da morte, a vida humana est\u00e1 rodeada pela sua incessante prote\u00e7\u00e3o&#8221;, indicou Bento XVI, que mencionou tamb\u00e9m &#8220;Nossa Senhora do Ros\u00e1rio, que neste primeiro domingo de outubro, no santu\u00e1rio italiano de Pompeia como tamb\u00e9m no mundo inteiro, acolhe a s\u00faplica que lhe \u00e9 dirigida para que o mal seja derrotado e se revele em plenitude a bondade de Deus&#8221;.<\/p>\n<p style=\"text-align: justify\">Na sua habitual catequese, o papa comentou a passagem do Evangelho lida nas igrejas de todo o mundo, nesse dia, uma par\u00e1bola sobre vinhateiros homicidas que recusam e eliminam o filho do propriet\u00e1rio. &#8220;Deus entrega-se a si mesmo nas nossas m\u00e3os, aceita tornar-se insond\u00e1vel mist\u00e9rio de debilidade e manifesta a sua onipot\u00eancia na fidelidade a um projeto de amor, que por\u00e9m, no final, prev\u00ea tamb\u00e9m a puni\u00e7\u00e3o para os malvados&#8221;, declarou.<\/p>\n<p style=\"text-align: justify\">Bento XVI recordou a beatifica\u00e7\u00e3o, neste domingo \u00e0 tarde, em Ivrea, norte da It\u00e1lia, de Antonia Maria Verna, fundadora das Irm\u00e3s da Caridade da Imaculada Concei\u00e7\u00e3o, que viveu entre os s\u00e9culos XVIII e XIX como &#8220;modelo de mulher consagrada e de educadora&#8221;. Na sauda\u00e7\u00e3o aos fi\u00e9is de l\u00edngua francesa, o papa, recordando que est\u00e3o a recome\u00e7ar as aulas nas Universidades, convidou os professores a &#8220;transmitir, atrav\u00e9s do ensino, o amor do saber e da verdade&#8221;. &#8220;O saber \u00e9 importante, mais ainda a forma\u00e7\u00e3o da pessoa para discernir onde se encontra a verdade e fazer assim escolhas livres. Educai tamb\u00e9m os jovens nos aut\u00eanticos valores morais e espirituais para os ajudar a encontrar um sentido para a sua vida&#8221;, assinalou.<\/p>\n","protected":false},"excerpt":{"rendered":"<p>Bento XVI lan\u00e7ou apelo este domingo, 2, ao fim das &#8220;barreiras arquitet\u00f4nicas&#8221; para pessoas com defici\u00eancia, saudando o compromisso de &#8220;institui\u00e7\u00f5es e associa\u00e7\u00f5es de volunt\u00e1rios&#8221; empenhados nesta causa. O papa falava no Vaticano, saudando os peregrinos italianos reunidos para a reza da ora\u00e7\u00e3o do \u00c2ngelus. Este encontro foi o primeiro desde que Bento XVI regressou, &hellip;<\/p>\n<p class=\"read-more\"> <a class=\"\" href=\"https:\/\/www.cnbb.org.br\/papa-pediu-fim-das-barreiras-arquitetonicas-para-pessoas-com-deficiencia-2\/\"> <span class=\"screen-reader-text\">Papa pediu fim das \u201cbarreiras arquitet\u00f4nicas\u201d para pessoas com defici\u00eancia<\/span> Leia mais &raquo;<\/a><\/p>\n","protected":false},"author":83,"featured_media":26463,"comment_status":"open","ping_status":"open","sticky":false,"template":"","format":"standard","meta":{"site-sidebar-layout":"default","site-content-layout":"default","ast-global-header-display":"","ast-banner-title-visibility":"","ast-main-header-display":"","ast-hfb-above-header-display":"","ast-hfb-below-header-display":"","ast-hfb-mobile-header-display":"","site-post-title":"","ast-breadcrumbs-content":"","ast-featured-img":"","footer-sml-layout":"","theme-transparent-header-meta":"","adv-header-id-meta":"","stick-header-meta":"","header-above-stick-meta":"","header-main-stick-meta":"","header-below-stick-meta":""},"categories":[784],"tags":[],"acf":[],"_links":{"self":[{"href":"https:\/\/www.cnbb.org.br\/cnbb-app\/wp\/v2\/posts\/27137"}],"collection":[{"href":"https:\/\/www.cnbb.org.br\/cnbb-app\/wp\/v2\/posts"}],"about":[{"href":"https:\/\/www.cnbb.org.br\/cnbb-app\/wp\/v2\/types\/post"}],"author":[{"embeddable":true,"href":"https:\/\/www.cnbb.org.br\/cnbb-app\/wp\/v2\/users\/83"}],"replies":[{"embeddable":true,"href":"https:\/\/www.cnbb.org.br\/cnbb-app\/wp\/v2\/comments?post=27137"}],"version-history":[{"count":0,"href":"https:\/\/www.cnbb.org.br\/cnbb-app\/wp\/v2\/posts\/27137\/revisions"}],"wp:featuredmedia":[{"embeddable":true,"href":"https:\/\/www.cnbb.org.br\/cnbb-app\/wp\/v2\/media\/26463"}],"wp:attachment":[{"href":"https:\/\/www.cnbb.org.br\/cnbb-app\/wp\/v2\/media?parent=27137"}],"wp:term":[{"taxonomy":"category","embeddable":true,"href":"https:\/\/www.cnbb.org.br\/cnbb-app\/wp\/v2\/categories?post=27137"},{"taxonomy":"post_tag","embeddable":true,"href":"https:\/\/www.cnbb.org.br\/cnbb-app\/wp\/v2\/tags?post=27137"}],"curies":[{"name":"wp","href":"https:\/\/api.w.org\/{rel}","templated":true}]}}