{"id":27151,"date":"2011-11-11T00:00:00","date_gmt":"2011-11-11T02:00:00","guid":{"rendered":"https:\/\/www.cnbb.org.br\/papa-bento-xvi-podera-visitar-o-mexico-e-cuba-em-2012-2\/"},"modified":"2011-11-11T00:00:00","modified_gmt":"2011-11-11T02:00:00","slug":"papa-bento-xvi-podera-visitar-o-mexico-e-cuba-em-2012-2","status":"publish","type":"post","link":"https:\/\/www.cnbb.org.br\/papa-bento-xvi-podera-visitar-o-mexico-e-cuba-em-2012-2\/","title":{"rendered":"Papa Bento XVI deve visitar o M\u00e9xico e Cuba"},"content":{"rendered":"<p style=\"text-align: justify\">O diretor da Sala de Imprensa do Vaticano, padre Federico Lombardi, informou nesta quinta-feira, 10, que o papa Bento XVI tem projetos de uma poss\u00edvel viagem ao M\u00e9xico e a Cuba em meados de 2012.<\/p>\n<p>  <!--more-->  <\/p>\n<p style=\"text-align: justify\">\u201cA espera do povo mexicano se faz perceber, o papa a leva em considera\u00e7\u00e3o e sente-se honrado em poder finalmente atend\u00ea-la\u201d. \u201cO papa foi ao Brasil, complementou o diretor, mas os pa\u00edses da Am\u00e9rica Latina de l\u00edngua espanhola desejavam uma viagem para eles, e o M\u00e9xico \u00e9 o mais populoso\u201d, explicou padre Lombardi.<\/p>\n<p style=\"text-align: justify\">O representante vaticano destacou que \u201cCuba \u00e9 outro pa\u00eds que desejava muito ver o papa Bento XVI, que jamais esqueceu a hist\u00f3rica visita de Jo\u00e3o Paulo II, na qual, al\u00e9m disso, a Igreja e o povo vivem um per\u00edodo importante das suas hist\u00f3rias e a presen\u00e7a do papa ser\u00e1 um grande encorajamento, em particular no grande anivers\u00e1rio do quarto centen\u00e1rio da descoberta da imagem de Nossa Senhora da Caridade do Cobre\u201d.<\/p>\n<p style=\"text-align: justify\">Padre Lombardi ainda ressaltou: \u201cDesde a Confer\u00eancia Continental de Aparecida, da qual o papa participou h\u00e1 quatro anos, a Am\u00e9rica Latina tem-se empenhado na grande Miss\u00e3o Continental de evangeliza\u00e7\u00e3o, e o papa quer incentivar toda a Igreja nesse grande objetivo, inclusive ao longo da prepara\u00e7\u00e3o \u00e0 celebra\u00e7\u00e3o do Ano da F\u00e9.<\/p>\n","protected":false},"excerpt":{"rendered":"<p>O diretor da Sala de Imprensa do Vaticano, padre Federico Lombardi, informou nesta quinta-feira, 10, que o papa Bento XVI tem projetos de uma poss\u00edvel viagem ao M\u00e9xico e a Cuba em meados de 2012.<\/p>\n","protected":false},"author":83,"featured_media":26739,"comment_status":"open","ping_status":"open","sticky":false,"template":"","format":"standard","meta":{"site-sidebar-layout":"default","site-content-layout":"default","ast-global-header-display":"","ast-banner-title-visibility":"","ast-main-header-display":"","ast-hfb-above-header-display":"","ast-hfb-below-header-display":"","ast-hfb-mobile-header-display":"","site-post-title":"","ast-breadcrumbs-content":"","ast-featured-img":"","footer-sml-layout":"","theme-transparent-header-meta":"","adv-header-id-meta":"","stick-header-meta":"","header-above-stick-meta":"","header-main-stick-meta":"","header-below-stick-meta":""},"categories":[784],"tags":[],"acf":[],"_links":{"self":[{"href":"https:\/\/www.cnbb.org.br\/cnbb-app\/wp\/v2\/posts\/27151"}],"collection":[{"href":"https:\/\/www.cnbb.org.br\/cnbb-app\/wp\/v2\/posts"}],"about":[{"href":"https:\/\/www.cnbb.org.br\/cnbb-app\/wp\/v2\/types\/post"}],"author":[{"embeddable":true,"href":"https:\/\/www.cnbb.org.br\/cnbb-app\/wp\/v2\/users\/83"}],"replies":[{"embeddable":true,"href":"https:\/\/www.cnbb.org.br\/cnbb-app\/wp\/v2\/comments?post=27151"}],"version-history":[{"count":0,"href":"https:\/\/www.cnbb.org.br\/cnbb-app\/wp\/v2\/posts\/27151\/revisions"}],"wp:featuredmedia":[{"embeddable":true,"href":"https:\/\/www.cnbb.org.br\/cnbb-app\/wp\/v2\/media\/26739"}],"wp:attachment":[{"href":"https:\/\/www.cnbb.org.br\/cnbb-app\/wp\/v2\/media?parent=27151"}],"wp:term":[{"taxonomy":"category","embeddable":true,"href":"https:\/\/www.cnbb.org.br\/cnbb-app\/wp\/v2\/categories?post=27151"},{"taxonomy":"post_tag","embeddable":true,"href":"https:\/\/www.cnbb.org.br\/cnbb-app\/wp\/v2\/tags?post=27151"}],"curies":[{"name":"wp","href":"https:\/\/api.w.org\/{rel}","templated":true}]}}