{"id":27152,"date":"2011-11-11T00:00:00","date_gmt":"2011-11-11T02:00:00","guid":{"rendered":"https:\/\/www.cnbb.org.br\/papa-agradece-a-presidencia-da-cnbb-por-qtudo-o-que-realizam-para-o-bem-da-igrejaq-2\/"},"modified":"2011-11-11T00:00:00","modified_gmt":"2011-11-11T02:00:00","slug":"papa-agradece-a-presidencia-da-cnbb-por-qtudo-o-que-realizam-para-o-bem-da-igrejaq-2","status":"publish","type":"post","link":"https:\/\/www.cnbb.org.br\/papa-agradece-a-presidencia-da-cnbb-por-qtudo-o-que-realizam-para-o-bem-da-igrejaq-2\/","title":{"rendered":"Papa agradece \u00e0 presid\u00eancia da CNBB por &#8220;tudo o que realizam para o bem da Igreja&#8221;"},"content":{"rendered":"<p style=\"text-align: justify\">Na manh\u00e3 da quinta-feira, 10 de novembro, os bispos que comp\u00f5em a presid\u00eancia da Confer\u00eancia Nacional dos Bispos do Brasil foram fraternalmente recebidos pelo Papa Bento XVI. O presidente, Cardeal Dom Raymundo Damasceno, o vice-presidente, Dom Jos\u00e9 Belis\u00e1rio e Dom Leonardo Steiner, secret\u00e1rio geral, sa\u00edram do encontro muitosatisfeitos com o acolhimento e a especial aten\u00e7\u00e3o do Santo Padre.<\/p>\n<p><!--more--><\/p>\n<p style=\"text-align: justify\">Esta foi a primeira visita da presid\u00eancia da CNBB eleita na \u00faltima assembl\u00e9ia de geral de maio de 2011. Os bispos visitaram v\u00e1rios Dicast\u00e9rios da C\u00faria Romana. esses encontros tornaram-se oportunidades para recolher dos respons\u00e1veis por esses organismos todas as orienta\u00e7\u00f5es que s\u00e3o produzidas em favor do bom desenvolvimento da a\u00e7\u00e3o evangelizadora da Igreja no mundo inteiro. Em cada um desses lugares, mediante o contato com as autoridades da Santa S\u00e9, os bispos puderam tamb\u00e9m apresentar o relato dos \u00faltimos passos dados pelo conjunto do episcopado brasileiro.<\/p>\n<p style=\"text-align: justify\">No encontro com o Papa, um acento especial foi dado para a apresenta\u00e7\u00e3o das novas Diretrizes Gerais da A\u00e7\u00e3o Evangelizadora da Igreja no Brasil. Segundo Dom Leonardo, o papa se mostrou muito interessado no documento, especialmente porque nele se evidencia a import\u00e2ncia da exorta\u00e7\u00e3o apost\u00f3lica p\u00f3s-sinodal\u00a0 Verbum Domini e as conclus\u00f5es da \u00faltima Confer\u00eancia do Conselho Episcopal Latino-americano contidas no chamado Documento de Aparecida.\u00a0 Bento XVI tamb\u00e9m conversou com os bispos da presid\u00eancia sobre a pr\u00f3xima Jornada Mundial da Juventude no brasil. &#8220;Transmitimos a ele o que temos realizado, at\u00e9 o momento, junto com a Arquidiocese do Rio de Janeiro&#8221;, disse Dom Leonardo. O papa demonstrou\u00a0 particular apre\u00e7o pelas iniciativas da CNBB representadas pela promo\u00e7\u00e3o da peregrina\u00e7\u00e3o da Cruz e do \u00cdcone de Nossa Senhora. &#8220;Ele mostrou-se muito satisfeito e desejou a continuidade de uma boa prepara\u00e7\u00e3o da Jornada Mundial&#8221;, assegura o secret\u00e1rio geral.<\/p>\n<p style=\"text-align: justify\">Dom Damasceno, Dom Belis\u00e1rio e Dom Leonardo tamb\u00e9m tiveram a oportunidade de dar not\u00edcias gerais da caminhada da Igreja no pa\u00eds e de transmitir a ele, as manifesta\u00e7\u00f5es de comunh\u00e3o de todas as comunidades\u00a0 Bento XVI , no final do encontro, enviou a b\u00ean\u00e7\u00e3o para todos e agradeceu aos bispos\u00a0 por &#8220;tudo o que realizam para o bem da Igreja&#8221;.<\/p>\n<div style=\"text-align: justify\"><\/div>\n","protected":false},"excerpt":{"rendered":"<p>Na manh\u00e3 da quinta-feira, 10 de novembro, os bispos que comp\u00f5em a presid\u00eancia da Confer\u00eancia Nacional dos Bispos do Brasil foram fraternalmente recebidos pelo Papa Bento XVI. O presidente, Cardeal Dom Raymundo Damasceno, o vice-presidente, Dom Jos\u00e9 Belis\u00e1rio e Dom Leonardo Steiner, secret\u00e1rio geral, sa\u00edram do encontro muitosatisfeitos com o acolhimento e a especial aten\u00e7\u00e3o &hellip;<\/p>\n<p class=\"read-more\"> <a class=\"\" href=\"https:\/\/www.cnbb.org.br\/papa-agradece-a-presidencia-da-cnbb-por-qtudo-o-que-realizam-para-o-bem-da-igrejaq-2\/\"> <span class=\"screen-reader-text\">Papa agradece \u00e0 presid\u00eancia da CNBB por &#8220;tudo o que realizam para o bem da Igreja&#8221;<\/span> Leia mais &raquo;<\/a><\/p>\n","protected":false},"author":83,"featured_media":17934,"comment_status":"open","ping_status":"open","sticky":false,"template":"","format":"standard","meta":{"site-sidebar-layout":"default","site-content-layout":"default","ast-global-header-display":"","ast-banner-title-visibility":"","ast-main-header-display":"","ast-hfb-above-header-display":"","ast-hfb-below-header-display":"","ast-hfb-mobile-header-display":"","site-post-title":"","ast-breadcrumbs-content":"","ast-featured-img":"","footer-sml-layout":"","theme-transparent-header-meta":"","adv-header-id-meta":"","stick-header-meta":"","header-above-stick-meta":"","header-main-stick-meta":"","header-below-stick-meta":""},"categories":[784],"tags":[],"acf":[],"_links":{"self":[{"href":"https:\/\/www.cnbb.org.br\/cnbb-app\/wp\/v2\/posts\/27152"}],"collection":[{"href":"https:\/\/www.cnbb.org.br\/cnbb-app\/wp\/v2\/posts"}],"about":[{"href":"https:\/\/www.cnbb.org.br\/cnbb-app\/wp\/v2\/types\/post"}],"author":[{"embeddable":true,"href":"https:\/\/www.cnbb.org.br\/cnbb-app\/wp\/v2\/users\/83"}],"replies":[{"embeddable":true,"href":"https:\/\/www.cnbb.org.br\/cnbb-app\/wp\/v2\/comments?post=27152"}],"version-history":[{"count":0,"href":"https:\/\/www.cnbb.org.br\/cnbb-app\/wp\/v2\/posts\/27152\/revisions"}],"wp:featuredmedia":[{"embeddable":true,"href":"https:\/\/www.cnbb.org.br\/cnbb-app\/wp\/v2\/media\/17934"}],"wp:attachment":[{"href":"https:\/\/www.cnbb.org.br\/cnbb-app\/wp\/v2\/media?parent=27152"}],"wp:term":[{"taxonomy":"category","embeddable":true,"href":"https:\/\/www.cnbb.org.br\/cnbb-app\/wp\/v2\/categories?post=27152"},{"taxonomy":"post_tag","embeddable":true,"href":"https:\/\/www.cnbb.org.br\/cnbb-app\/wp\/v2\/tags?post=27152"}],"curies":[{"name":"wp","href":"https:\/\/api.w.org\/{rel}","templated":true}]}}