{"id":27168,"date":"2011-12-26T00:00:00","date_gmt":"2011-12-26T02:00:00","guid":{"rendered":"https:\/\/www.cnbb.org.br\/bento-xvi-recorda-todos-os-povos-que-sofrem-2\/"},"modified":"2011-12-26T00:00:00","modified_gmt":"2011-12-26T02:00:00","slug":"bento-xvi-recorda-todos-os-povos-que-sofrem-2","status":"publish","type":"post","link":"https:\/\/www.cnbb.org.br\/bento-xvi-recorda-todos-os-povos-que-sofrem-2\/","title":{"rendered":"Bento XVI recorda todos os povos que sofrem"},"content":{"rendered":"<p style=\"text-align: justify\">Bento XVI assomou ao meio-dia deste domingo ao balc\u00e3o central da Bas\u00edlica Vaticana para a tradicional mensagem natalina e a sua B\u00ean\u00e7\u00e3o Urbi et Orbi (\u00e0 cidade de Roma e ao mundo), transmitida em mundo-vis\u00e3o por emissoras de televis\u00e3o de 61 pa\u00edses e emissoras de r\u00e1dio do mundo inteiro, e pelos novos meios de comunica\u00e7\u00e3o. Sob um sol esplendente, milhares de fi\u00e9is, peregrinos e turistas lotaram a Pra\u00e7a S\u00e3o Pedro para ouvir a mensagem do Papa e suas felicita\u00e7\u00f5es.<\/p>\n<p>  <!--more-->  <\/p>\n<p style=\"text-align: justify\">De fato, ap\u00f3s a mensagem propriamente dita, o Santo Padre fez, em 65 l\u00ednguas, suas felicita\u00e7\u00f5es de Natal, concedendoa B\u00ean\u00e7\u00e3o Urbi et Orbi.<\/p>\n<div style=\"text-align: justify\"><\/div>\n<p style=\"text-align: justify\">&#8220;Cristo nasceu para n\u00f3s! Gl\u00f3ria a Deus nas alturas e paz na terra aos homens do seu agrado: a todos chegue o eco deste an\u00fancio de Bel\u00e9m, que a Igreja Cat\u00f3lica faz ressoar por todos os continentes, sem olhar a fronteiras nacionais, lingu\u00edsticas e culturais. O Filho de Maria Virgem nasceu para todos; \u00e9 o Salvador de todos&#8221; \u2013 com essas palavras, o Papa iniciou sua mensagem de Natal.<\/p>\n<div style=\"text-align: justify\"><\/div>\n<p style=\"text-align: justify\">O Santo Padre recordou uma ant\u00edfona lit\u00fargica antiga na qual Jesus \u00e9 invocado como Emanuel, nosso rei e legislador &#8220;esperan\u00e7a e salva\u00e7\u00e3o dos povos&#8221;. A ant\u00edfona conclui-se com uma exorta\u00e7\u00e3o: &#8220;Vinde salvar-nos, Senhor nosso Deus&#8221;.<\/p>\n<div style=\"text-align: justify\"><\/div>\n<p style=\"text-align: justify\">&#8220;Vinde salvar-nos&#8221;, repetiu o Pont\u00edfice, ressaltando que &#8220;tal \u00e9 o grito do homem de todo e qualquer tempo que, sozinho, se sente incapaz de superar dificuldades e perigos. Precisa de colocar a sua m\u00e3o numa m\u00e3o maior e mais forte, uma m\u00e3o do Alto que se estenda para ele&#8221;.<\/p>\n<div style=\"text-align: justify\"><\/div>\n<p style=\"text-align: justify\">&#8220;Amados irm\u00e3os e irm\u00e3s, esta m\u00e3o \u00e9 Jesus, nascido em Bel\u00e9m da Virgem Maria. Ele \u00e9 a m\u00e3o que Deus estendeu \u00e0 humanidade, para faz\u00ea-la sair das areias movedi\u00e7as do pecado e segur\u00e1-la de p\u00e9 sobre a rocha, a rocha firme da sua Verdade e do seu Amor (cf. Sal 40, 3).&#8221;<\/p>\n<div style=\"text-align: justify\"><\/div>\n<p style=\"text-align: justify\">Explicando o significado do nome daquele Menino (nome que, por vontade de Deus, Lhe deram Maria e Jos\u00e9), Bento XVI precisou que o nome Jesus quer dizer &#8220;Salvador&#8221; (cf. Mt 1, 21; Lc 1, 31).<\/p>\n<div style=\"text-align: justify\"><\/div>\n<p style=\"text-align: justify\">Ele foi enviado por Deus Pai para nos salvar, sobretudo \u2013 frisou o Pont\u00edfice \u2013, do mal mais profundo que est\u00e1 radicado no homem e na hist\u00f3ria:<\/p>\n<div style=\"text-align: justify\"><\/div>\n<p style=\"text-align: justify\">&#8220;O mal que \u00e9 a separa\u00e7\u00e3o de Deus, o orgulho presun\u00e7oso do homem fazer como lhe apetece, de fazer concorr\u00eancia a Deus e substituir-se a Ele, de decidir o que \u00e9 bem e o que \u00e9 mal, de ser o senhor da vida e da morte (cf. Gn 3, 1-7). Este \u00e9 o grande mal, o grande pecado, do qual n\u00f3s, homens, n\u00e3o nos podemos salvar sen\u00e3o confiando-nos \u00e0 ajuda de Deus, sen\u00e3o gritando por Ele: Veni ad salvadum nos \u2013 Vinde salvar-nos!<\/p>\n<div style=\"text-align: justify\"><\/div>\n<p style=\"text-align: justify\">Em seguida, Bento XVI acrescentou que o fato de elevarmos ao C\u00e9u esta implora\u00e7\u00e3o j\u00e1 nos coloca na justa condi\u00e7\u00e3o, na verdade do que somos n\u00f3s mesmos: aqueles que gritaram por Deus e foram salvos.<\/p>\n<div style=\"text-align: justify\"><\/div>\n<p style=\"text-align: justify\">&#8220;Deus \u00e9 o Salvador, n\u00f3s aqueles que se encontram em perigo. Ele \u00e9 o m\u00e9dico, n\u00f3s os doentes. O fato de reconhecer isto mesmo \u00e9 o primeiro passo para a salva\u00e7\u00e3o, para a sa\u00edda do labirinto onde n\u00f3s mesmos, com o nosso orgulho, nos encerramos. Levantar os olhos para o C\u00e9u, estender as m\u00e3os e implorar ajuda \u00e9 o caminho de sa\u00edda&#8221; \u2013 exortou o Papa.<\/p>\n<div style=\"text-align: justify\"><\/div>\n<p style=\"text-align: justify\">&#8220;Jesus Cristo \u00e9 a prova de que Deus escutou o nosso grito. E n\u00e3o s\u00f3! Deus nutre por n\u00f3s um amor t\u00e3o forte que n\u00e3o p\u00f4de permanecer em Si mesmo, mas teve de sair de Si mesmo e vir ter conosco, partilhando at\u00e9 ao fundo a nossa condi\u00e7\u00e3o (cf. Ex 3, 7-12). A resposta que Deus deu, em Cristo, ao grito do homem, supera infinitamente as nossas expectativas, chegando a uma solidariedade tal que n\u00e3o pode ser simplesmente humana, mas divina. S\u00f3 o Deus que \u00e9 amor e o amor que \u00e9 Deus podia escolher salvar-nos atrav\u00e9s deste caminho, que \u00e9 certamente o mais longo, mas \u00e9 aquele que respeita a verdade d\u2019Ele e nossa: o caminho da reconcilia\u00e7\u00e3o, do di\u00e1logo e da colabora\u00e7\u00e3o.&#8221;<\/p>\n<div style=\"text-align: justify\"><\/div>\n<p style=\"text-align: justify\">Unindo-se espiritualmente a tantas pessoas que atravessam situa\u00e7\u00f5es particularmente dif\u00edceis, o Pont\u00edfice convidou-nos a fazer-nos voz daqueles que n\u00e3o a t\u00eam:<\/p>\n<div style=\"text-align: justify\"><\/div>\n<p style=\"text-align: justify\">Juntos \u2013 exortou \u2013 &#8220;invoquemos o socorro divino para as popula\u00e7\u00f5es do Nordeste da \u00c1frica, que padecem fome por causa das pen\u00farias, por vezes ainda agravadas por um estado persistente de inseguran\u00e7a. A comunidade internacional n\u00e3o deixe faltar a sua ajuda aos numerosos refugiados vindos daquela Regi\u00e3o, duramente provados na sua dignidade&#8221;.<\/p>\n<div style=\"text-align: justify\"><\/div>\n<p style=\"text-align: justify\">O Papa pediu ao Senhor que conforte as popula\u00e7\u00f5es do Sudeste asi\u00e1tico, particularmente da Tail\u00e2ndia e das Filipinas, que se encontram em graves situa\u00e7\u00f5es de emerg\u00eancia devido \u00e0s recentes enchentes.<\/p>\n<div style=\"text-align: justify\"><\/div>\n<p style=\"text-align: justify\">Pediu que o Senhor socorra a humanidade ferida por tantos conflitos que ainda hoje ensang\u00fcentam o Planeta:<\/p>\n<div style=\"text-align: justify\"><\/div>\n<p style=\"text-align: justify\">&#8220;Ele, que \u00e9 o Pr\u00edncipe da Paz, d\u00ea paz e estabilidade \u00e0 Terra onde escolheu vir ao mundo, encorajando a retomada do di\u00e1logo entre israelenses e palestinos. Fa\u00e7a cessar as viol\u00eancias na S\u00edria, onde j\u00e1 foi derramado tanto sangue. Favore\u00e7a a plena reconcilia\u00e7\u00e3o e a estabilidade no Iraque e no Afeganist\u00e3o. D\u00ea um renovado vigor, na edifica\u00e7\u00e3o do bem comum, a todos os componentes da sociedade nos pa\u00edses do Norte da \u00c1frica e do Oriente M\u00e9dio.&#8221;<\/p>\n<div style=\"text-align: justify\"><\/div>\n<p style=\"text-align: justify\">Por fim, auspiciou que o nascimento do Salvador sustente as perspectivas de di\u00e1logo e colabora\u00e7\u00e3o em Myanmar \u00e0 procura de solu\u00e7\u00f5es compartilhadas, e que o Natal do Redentor assegure estabilidade pol\u00edtica nos pa\u00edses da regi\u00e3o africana dos Grandes Lagos e assista o empenho dos habitantes do Sud\u00e3o do Sul na tutela dos direitos de todos os cidad\u00e3os.<\/p>\n<div style=\"text-align: justify\"><\/div>\n<p style=\"text-align: justify\">O Pont\u00edfice concluiu com uma premente exorta\u00e7\u00e3o:<\/p>\n<div style=\"text-align: justify\"><\/div>\n<p style=\"text-align: justify\">&#8220;Amados irm\u00e3os e irm\u00e3s, dirijamos o olhar para a Gruta de Bel\u00e9m: o Menino que contemplamos \u00e9 a nossa salva\u00e7\u00e3o. Ele trouxe ao mundo uma mensagem universal de reconcilia\u00e7\u00e3o e de paz. Abramos- Lhe o nosso cora\u00e7\u00e3o, acolhamo-Lo na nossa vida. Repitamos-Lhe com confiada esperan\u00e7a: \u00abVeni ad salvandum nos\u00bb.<\/p>\n<div style=\"text-align: justify\"><\/div>\n<p style=\"text-align: justify\">Como dissemos, ap\u00f3s a sua mensagem o Santo Padre dirigiu, em 65 l\u00ednguas, as felicita\u00e7\u00f5es natalinas. Eis as suas felicita\u00e7\u00f5es aos de l\u00edngua portuguesa: &#8220;Feliz Natal para todos! O Nascimento do menino Jesus ilumine de alegria e paz vossos lares e Na\u00e7\u00f5es!\u201d<\/p>\n<div style=\"text-align: justify\"><\/div>\n<p style=\"text-align: justify\">Bento XVI concluiu concedendo a B\u00ean\u00e7\u00e3o Urbi et Orbi, deixando, em seguida, sob os aplausos e acenos de sauda\u00e7\u00e3o dos presentes na Pra\u00e7a S\u00e3o Pedro, o balc\u00e3o central da Bas\u00edlica Vaticana. (RL)<\/p>\n","protected":false},"excerpt":{"rendered":"<p>Bento XVI assomou ao meio-dia deste domingo ao balc\u00e3o central da Bas\u00edlica Vaticana para a tradicional mensagem natalina e a sua B\u00ean\u00e7\u00e3o Urbi et Orbi (\u00e0 cidade de Roma e ao mundo), transmitida em mundo-vis\u00e3o por emissoras de televis\u00e3o de 61 pa\u00edses e emissoras de r\u00e1dio do mundo inteiro, e pelos novos meios de comunica\u00e7\u00e3o. &hellip;<\/p>\n<p class=\"read-more\"> <a class=\"\" href=\"https:\/\/www.cnbb.org.br\/bento-xvi-recorda-todos-os-povos-que-sofrem-2\/\"> <span class=\"screen-reader-text\">Bento XVI recorda todos os povos que sofrem<\/span> Leia mais &raquo;<\/a><\/p>\n","protected":false},"author":83,"featured_media":26608,"comment_status":"open","ping_status":"open","sticky":false,"template":"","format":"standard","meta":{"site-sidebar-layout":"default","site-content-layout":"default","ast-global-header-display":"","ast-banner-title-visibility":"","ast-main-header-display":"","ast-hfb-above-header-display":"","ast-hfb-below-header-display":"","ast-hfb-mobile-header-display":"","site-post-title":"","ast-breadcrumbs-content":"","ast-featured-img":"","footer-sml-layout":"","theme-transparent-header-meta":"","adv-header-id-meta":"","stick-header-meta":"","header-above-stick-meta":"","header-main-stick-meta":"","header-below-stick-meta":""},"categories":[784],"tags":[],"acf":[],"_links":{"self":[{"href":"https:\/\/www.cnbb.org.br\/cnbb-app\/wp\/v2\/posts\/27168"}],"collection":[{"href":"https:\/\/www.cnbb.org.br\/cnbb-app\/wp\/v2\/posts"}],"about":[{"href":"https:\/\/www.cnbb.org.br\/cnbb-app\/wp\/v2\/types\/post"}],"author":[{"embeddable":true,"href":"https:\/\/www.cnbb.org.br\/cnbb-app\/wp\/v2\/users\/83"}],"replies":[{"embeddable":true,"href":"https:\/\/www.cnbb.org.br\/cnbb-app\/wp\/v2\/comments?post=27168"}],"version-history":[{"count":0,"href":"https:\/\/www.cnbb.org.br\/cnbb-app\/wp\/v2\/posts\/27168\/revisions"}],"wp:featuredmedia":[{"embeddable":true,"href":"https:\/\/www.cnbb.org.br\/cnbb-app\/wp\/v2\/media\/26608"}],"wp:attachment":[{"href":"https:\/\/www.cnbb.org.br\/cnbb-app\/wp\/v2\/media?parent=27168"}],"wp:term":[{"taxonomy":"category","embeddable":true,"href":"https:\/\/www.cnbb.org.br\/cnbb-app\/wp\/v2\/categories?post=27168"},{"taxonomy":"post_tag","embeddable":true,"href":"https:\/\/www.cnbb.org.br\/cnbb-app\/wp\/v2\/tags?post=27168"}],"curies":[{"name":"wp","href":"https:\/\/api.w.org\/{rel}","templated":true}]}}