{"id":27187,"date":"2012-02-01T00:00:00","date_gmt":"2012-02-01T02:00:00","guid":{"rendered":"https:\/\/www.cnbb.org.br\/divulgado-roteiro-oficial-da-primeira-viagem-do-papa-em-2012\/"},"modified":"2012-02-01T00:00:00","modified_gmt":"2012-02-01T02:00:00","slug":"divulgado-roteiro-oficial-da-primeira-viagem-do-papa-em-2012","status":"publish","type":"post","link":"https:\/\/www.cnbb.org.br\/divulgado-roteiro-oficial-da-primeira-viagem-do-papa-em-2012\/","title":{"rendered":"Divulgado roteiro oficial da primeira viagem do Papa em 2012"},"content":{"rendered":"<p style=\"text-align: justify\">A Sala de Imprensa da Santa S\u00e9 divulgou, nesta ter\u00e7a-feira, 31 de janeiro, o roteiro da Viagem Apost\u00f3lica de Bento XVI ao M\u00e9xico e a Cuba, a primeira do Papa em 2012.<\/p>\n<p><!--more--><\/p>\n<p style=\"text-align: justify\">Na sexta-feira, 23 de mar\u00e7o, Bento XVI parte de Roma em voo direto para Le\u00f3n. \u00c0s 16h30 (hora local), o Papa far\u00e1 seu primeiro discurso no Aeroporto Internacional de Guanajuato.<\/p>\n<p style=\"text-align: justify\">No s\u00e1bado, 24 de mar\u00e7o, \u00e0s 8h haver\u00e1 uma missa privada na Capela do Col\u00e9gio Miraflores. \u00c0s 18h, Bento XVI visitar\u00e1 o Presidente do M\u00e9xico na Casa do Conde Rul di Guanajuato. Mais tarde, \u00e0s 18h45, na Pra\u00e7a da Paz de Guanajuato, Bento XVI far\u00e1 uma sauda\u00e7\u00e3o \u00e0s crian\u00e7as.<\/p>\n<p style=\"text-align: justify\">No domingo, 25 de mar\u00e7o, \u00e0s 10h, Bento XVI preside a Santa Missa no Parque do Bicenten\u00e1rio de Le\u00f3n. Na sequ\u00eancia, reza a ora\u00e7\u00e3o mariana do Angelus. \u00c0s 18h, haver\u00e1 a Celebra\u00e7\u00e3o das V\u00e9speras com os Bispos do M\u00e9xico e da Am\u00e9rica Latina na Catedral da M\u00e3e Sant\u00edssima da Luz de Le\u00f3n.<\/p>\n<p style=\"text-align: justify\">Na segunda-feira, 26 de mar\u00e7o, \u00e0s 9h haver\u00e1 a Cerim\u00f4nia de Despedida no Aeroporto de Guanajuato, de onde, meia hora depois, Bento XVI seguir\u00e1 viagem rumo a Santiago de Cuba.<\/p>\n<p style=\"text-align: justify\"><strong>Cuba<\/strong><\/p>\n<p style=\"text-align: justify\">A chegada do Papa a Cuba est\u00e1 prevista para \u00e0s 14h com a realiza\u00e7\u00e3o da Cerim\u00f4nia de Boas-Vindas no Aeroporto Internacional Antonio Macedo Maceo de Santiago de Cuba, na qual Bento XVI far\u00e1 seu primeiro discurso em solo cubano. \u00c0s 17h30, na Pra\u00e7a Antonio Maceo, est\u00e1 marcada a Santa Missa por ocasi\u00e3o dos 400 anos da descoberta da imagem de Nossa Senhora da Caridade do Cobre.<\/p>\n<p style=\"text-align: justify\">Na ter\u00e7a-feira, 27 de mar\u00e7o, \u00e0s 9h30, o Papa visitar\u00e1 o Santu\u00e1rio da Virgem da Caridade do Cobre. Uma hora mais tarde, o Santo Padre embarca em dire\u00e7\u00e3o a Havana, onde chegar\u00e1 ao meio-dia. \u00c0s 17h30, no Pal\u00e1cio da Revolu\u00e7\u00e3o de Havana, Bento XVI se encontrar\u00e1 com o Presidente do Conselho de Estado e do Conselho dos Ministros de Cuba, Raul Castro.<\/p>\n<p style=\"text-align: justify\">Ap\u00f3s o encontro com Raul Castro, a partir das 19h15, na Nunciatura Apost\u00f3lica de Havana, Bento XVI participa de um jantar com o N\u00fancio e os bispos cubanos.<\/p>\n<p style=\"text-align: justify\">O \u00faltimo dia da Visita Apost\u00f3lica, quarta-feira, 28 de mar\u00e7o, reserva para \u00e0s 9h a Santa Missa na Pra\u00e7a da Revolu\u00e7\u00e3o em Havana. Por fim, Bento XVI se despede do povo cubano no Aeroporto Internacional Jos\u00e9 Mart\u00ed a partir das 16h30. Meia hora depois, embarca de volta para Roma, onde aterrissar\u00e1 na quinta-feira, 29 de mar\u00e7o, \u00e0s 10h15.<\/p>\n","protected":false},"excerpt":{"rendered":"<p>A Sala de Imprensa da Santa S\u00e9 divulgou, nesta ter\u00e7a-feira, 31 de janeiro, o roteiro da Viagem Apost\u00f3lica de Bento XVI ao M\u00e9xico e a Cuba, a primeira do Papa em 2012.<\/p>\n","protected":false},"author":83,"featured_media":27188,"comment_status":"open","ping_status":"open","sticky":false,"template":"","format":"standard","meta":{"site-sidebar-layout":"default","site-content-layout":"default","ast-global-header-display":"","ast-banner-title-visibility":"","ast-main-header-display":"","ast-hfb-above-header-display":"","ast-hfb-below-header-display":"","ast-hfb-mobile-header-display":"","site-post-title":"","ast-breadcrumbs-content":"","ast-featured-img":"","footer-sml-layout":"","theme-transparent-header-meta":"","adv-header-id-meta":"","stick-header-meta":"","header-above-stick-meta":"","header-main-stick-meta":"","header-below-stick-meta":""},"categories":[784],"tags":[],"acf":[],"_links":{"self":[{"href":"https:\/\/www.cnbb.org.br\/cnbb-app\/wp\/v2\/posts\/27187"}],"collection":[{"href":"https:\/\/www.cnbb.org.br\/cnbb-app\/wp\/v2\/posts"}],"about":[{"href":"https:\/\/www.cnbb.org.br\/cnbb-app\/wp\/v2\/types\/post"}],"author":[{"embeddable":true,"href":"https:\/\/www.cnbb.org.br\/cnbb-app\/wp\/v2\/users\/83"}],"replies":[{"embeddable":true,"href":"https:\/\/www.cnbb.org.br\/cnbb-app\/wp\/v2\/comments?post=27187"}],"version-history":[{"count":0,"href":"https:\/\/www.cnbb.org.br\/cnbb-app\/wp\/v2\/posts\/27187\/revisions"}],"wp:featuredmedia":[{"embeddable":true,"href":"https:\/\/www.cnbb.org.br\/cnbb-app\/wp\/v2\/media\/27188"}],"wp:attachment":[{"href":"https:\/\/www.cnbb.org.br\/cnbb-app\/wp\/v2\/media?parent=27187"}],"wp:term":[{"taxonomy":"category","embeddable":true,"href":"https:\/\/www.cnbb.org.br\/cnbb-app\/wp\/v2\/categories?post=27187"},{"taxonomy":"post_tag","embeddable":true,"href":"https:\/\/www.cnbb.org.br\/cnbb-app\/wp\/v2\/tags?post=27187"}],"curies":[{"name":"wp","href":"https:\/\/api.w.org\/{rel}","templated":true}]}}