{"id":27217,"date":"2012-03-25T00:00:00","date_gmt":"2012-03-25T03:00:00","guid":{"rendered":"https:\/\/www.cnbb.org.br\/bento-xvi-no-mexico-qvenho-como-peregrino-da-fe-da-esperanca-e-da-caridadeq\/"},"modified":"2012-03-25T00:00:00","modified_gmt":"2012-03-25T03:00:00","slug":"bento-xvi-no-mexico-qvenho-como-peregrino-da-fe-da-esperanca-e-da-caridadeq","status":"publish","type":"post","link":"https:\/\/www.cnbb.org.br\/bento-xvi-no-mexico-qvenho-como-peregrino-da-fe-da-esperanca-e-da-caridadeq\/","title":{"rendered":"Bento XVI no M\u00e9xico: &#8220;Venho como peregrino da f\u00e9, da esperan\u00e7a e da caridade&#8221;"},"content":{"rendered":"<p style=\"text-align: justify\">Papa Bento XVI j\u00e1 se encontra em territ\u00f3rio mexicano. Ele chegou ontem, 23, por volta das 16:30h da tarde, hora local, 19:30h de Bras\u00edlia, depois de quase 14 horas de viagem. O Pont\u00edfice foi recebido no Aeroporto Internacional de Guanajuato, pelo presidente da Rep\u00fablica, Felipe Calder\u00f3n, e autoridades locais. Ap\u00f3s a cerim\u00f4nia de boas-vindas o Santo Padre seguiu diretamente para o Col\u00e9gio Sant\u00edssima Virgem de Miraflores, onde se hospedar\u00e1. A programa\u00e7\u00e3o oficial teve in\u00edcio neste s\u00e1bado, 24.<\/p>\n<p>  <!--more-->  <\/p>\n<p style=\"text-align: justify\">Nas suas primeiras palavras em territ\u00f3rio mexicano, Bento XVI falou da sua alegria em se encontrar ali, \u201cdando gra\u00e7as a Deus que me permitiu realizar o desejo, presente h\u00e1 muito tempo no meu cora\u00e7\u00e3o, de poder confirmar na f\u00e9 o Povo de Deus desta grande na\u00e7\u00e3o, na sua pr\u00f3pria terra\u201d, destacou o papa. \u201c\u00c9 not\u00f3ria a venera\u00e7\u00e3o do povo mexicano pelo Sucessor de Pedro, que, por sua vez, sempre o tem muito presente na sua ora\u00e7\u00e3o\u201d, continuou Bento XVI.<\/p>\n<p style=\"text-align: justify\">\u201cApraz-me diz\u00ea-lo neste lugar, considerado o centro geogr\u00e1fico do territ\u00f3rio nacional; aqui desejou vir o meu venerado predecessor, o beato Jo\u00e3o Paulo II, j\u00e1 na sua primeira viagem. N\u00e3o podendo faz\u00ea-lo, deixou ent\u00e3o uma mensagem de encorajamento e b\u00ean\u00e7\u00e3o, quando sobrevoava o seu espa\u00e7o a\u00e9reo\u201d, ressaltou o papa.<\/p>\n<p style=\"text-align: justify\">Bento XVI depois de saudar as autoridades locais civis e eclesiais afirmou que com esta breve visita, desejava cumprimentar todos os mexicanos e abra\u00e7ar as na\u00e7\u00f5es e povos latino-americanos, ali representados por tantos bispos.<\/p>\n<p style=\"text-align: justify\">O Santo Padre lembrou ainda que a maioria dos povos latino-americanos comemoraram o bicenten\u00e1rio da sua independ\u00eancia, ou est\u00e3o para o fazer nestes anos e recordou a Santa Missa celebrada na Bas\u00edlica de S\u00e3o Pedro, em Roma, na solenidade de Nossa Senhora de Guadalupe.<\/p>\n<p style=\"text-align: justify\">\u201cVenho como peregrino da f\u00e9, da esperan\u00e7a e da caridade, disse o Papa. Desejo confirmar e consolidar na f\u00e9 todos os crentes em Cristo e encoraj\u00e1-los a revitaliz\u00e1-la atrav\u00e9s da escuta da Palavra de Deus, dos sacramentos e da coer\u00eancia de vida\u201d, disse o Papa, acrescentando: \u201cDeste modo poder\u00e3o, como mission\u00e1rios no meio dos seus irm\u00e3os, partilhar a f\u00e9 com os outros e ser fermento na sociedade, contribuindo para uma conviv\u00eancia respeitadora e pac\u00edfica, assente na incompar\u00e1vel dignidade de toda a pessoa humana, criada por Deus, e que nenhum poder tem o direito de esquecer ou desprezar. Tal dignidade manifesta-se de forma eminente no direito fundamental \u00e0 liberdade religiosa, quando vista no seu genu\u00edno significado e na sua plena integridade.<\/p>\n<p style=\"text-align: justify\">\u201cEste pa\u00eds e o Continente inteiro s\u00e3o chamados a viver a esperan\u00e7a em Deus como uma convic\u00e7\u00e3o profunda, transformando-a numa atitude do cora\u00e7\u00e3o e num compromisso concreto de caminhar juntos para um mundo melhor\u201d.<\/p>\n<p style=\"text-align: justify\">O Pont\u00edfice destacou em seguida que junto com a f\u00e9 e a esperan\u00e7a, o crente em Cristo e a Igreja no seu conjunto vivem e praticam a caridade como elemento essencial da sua miss\u00e3o.<\/p>\n<p style=\"text-align: justify\">O Papa concluiu afirmando que sabia que se encontrava num pa\u00eds que se orgulha da sua hospitalidade e deseja que ningu\u00e9m se sinta estranho na sua terra. \u201cSei disso; mas, aquilo que j\u00e1 sabia, agora vejo-o e sinto-o no mais \u00edntimo do cora\u00e7\u00e3o. Espero com toda a minha alma que o sintam tamb\u00e9m tantos mexicanos que vivem fora da sua p\u00e1tria nativa, mas que nunca a esquecem e desejam v\u00ea-la crescer na conc\u00f3rdia e num verdadeiro desenvolvimento integral. Muito obrigado\u201d.<\/p>\n","protected":false},"excerpt":{"rendered":"<p>Papa Bento XVI j\u00e1 se encontra em territ\u00f3rio mexicano. Ele chegou ontem, 23, por volta das 16:30h da tarde, hora local, 19:30h de Bras\u00edlia, depois de quase 14 horas de viagem. O Pont\u00edfice foi recebido no Aeroporto Internacional de Guanajuato, pelo presidente da Rep\u00fablica, Felipe Calder\u00f3n, e autoridades locais. Ap\u00f3s a cerim\u00f4nia de boas-vindas o &hellip;<\/p>\n<p class=\"read-more\"> <a class=\"\" href=\"https:\/\/www.cnbb.org.br\/bento-xvi-no-mexico-qvenho-como-peregrino-da-fe-da-esperanca-e-da-caridadeq\/\"> <span class=\"screen-reader-text\">Bento XVI no M\u00e9xico: &#8220;Venho como peregrino da f\u00e9, da esperan\u00e7a e da caridade&#8221;<\/span> Leia mais &raquo;<\/a><\/p>\n","protected":false},"author":83,"featured_media":27218,"comment_status":"open","ping_status":"open","sticky":false,"template":"","format":"standard","meta":{"site-sidebar-layout":"default","site-content-layout":"default","ast-global-header-display":"","ast-banner-title-visibility":"","ast-main-header-display":"","ast-hfb-above-header-display":"","ast-hfb-below-header-display":"","ast-hfb-mobile-header-display":"","site-post-title":"","ast-breadcrumbs-content":"","ast-featured-img":"","footer-sml-layout":"","theme-transparent-header-meta":"","adv-header-id-meta":"","stick-header-meta":"","header-above-stick-meta":"","header-main-stick-meta":"","header-below-stick-meta":""},"categories":[784],"tags":[],"acf":[],"_links":{"self":[{"href":"https:\/\/www.cnbb.org.br\/cnbb-app\/wp\/v2\/posts\/27217"}],"collection":[{"href":"https:\/\/www.cnbb.org.br\/cnbb-app\/wp\/v2\/posts"}],"about":[{"href":"https:\/\/www.cnbb.org.br\/cnbb-app\/wp\/v2\/types\/post"}],"author":[{"embeddable":true,"href":"https:\/\/www.cnbb.org.br\/cnbb-app\/wp\/v2\/users\/83"}],"replies":[{"embeddable":true,"href":"https:\/\/www.cnbb.org.br\/cnbb-app\/wp\/v2\/comments?post=27217"}],"version-history":[{"count":0,"href":"https:\/\/www.cnbb.org.br\/cnbb-app\/wp\/v2\/posts\/27217\/revisions"}],"wp:featuredmedia":[{"embeddable":true,"href":"https:\/\/www.cnbb.org.br\/cnbb-app\/wp\/v2\/media\/27218"}],"wp:attachment":[{"href":"https:\/\/www.cnbb.org.br\/cnbb-app\/wp\/v2\/media?parent=27217"}],"wp:term":[{"taxonomy":"category","embeddable":true,"href":"https:\/\/www.cnbb.org.br\/cnbb-app\/wp\/v2\/categories?post=27217"},{"taxonomy":"post_tag","embeddable":true,"href":"https:\/\/www.cnbb.org.br\/cnbb-app\/wp\/v2\/tags?post=27217"}],"curies":[{"name":"wp","href":"https:\/\/api.w.org\/{rel}","templated":true}]}}