{"id":27238,"date":"2012-04-17T00:00:00","date_gmt":"2012-04-17T03:00:00","guid":{"rendered":"https:\/\/www.cnbb.org.br\/papa-aos-bispos-da-baviera-na-missa-pelo-seu-aniversario-qagradeco-a-todos-que-me-acompanharam-para-que-eu-nao-perdesse-a-luzq\/"},"modified":"2012-04-17T00:00:00","modified_gmt":"2012-04-17T03:00:00","slug":"papa-aos-bispos-da-baviera-na-missa-pelo-seu-aniversario-qagradeco-a-todos-que-me-acompanharam-para-que-eu-nao-perdesse-a-luzq","status":"publish","type":"post","link":"https:\/\/www.cnbb.org.br\/papa-aos-bispos-da-baviera-na-missa-pelo-seu-aniversario-qagradeco-a-todos-que-me-acompanharam-para-que-eu-nao-perdesse-a-luzq\/","title":{"rendered":"Papa aos bispos da Baviera na Missa pelo seu anivers\u00e1rio: &#8220;agrade\u00e7o a todos que me acompanharam para que eu n\u00e3o perdesse a luz&#8221;"},"content":{"rendered":"<p style=\"text-align: justify\">O Papa Bento XVI foi homenageado, na manh\u00e3 desta segunda-feira, no Vaticano, com uma Missa pelo seu anivers\u00e1rio, com a presen\u00e7a de uma delega\u00e7\u00e3o da Baviera, sua terra natal. \u00c0s 11 horas, o Papa recebeu os bispos da regi\u00e3o, logo ap\u00f3s o Ministro Presidente Horst Seehofer, e, ao meio-dia, na Sala Clementina, recebeu toda a delega\u00e7\u00e3o em audi\u00eancia.<\/p>\n<p>  <!--more-->  <\/p>\n<p style=\"text-align: justify\">No in\u00edcio da Missa, o Decano do Col\u00e9gio Cardinal\u00edcio, Cardeal Angelo Sodano, dirigiu palavras ao aniversariante e aos presentes, agradecendo aos bispos da Baviera por sua proximidade, e ressaltando que Bento XVI \u00e9 um dom que a Igreja na Alemanha ofereceu a toda a Igreja.<\/p>\n<p style=\"text-align: justify\">A Missa foi celebrada na Capela Paolina, durante a qual, em sua homilia, o Santo Padre falou sobre a liturgia do dia do seu anivers\u00e1rio e batizado. Mencionou ent\u00e3o a mem\u00f3ria da Santa Bernardette Soubirou, do Santo Beno\u00eet Joseph Labre e ainda o fato de que \u201cesse dia est\u00e1 sempre imerso no mist\u00e9rio pascal, no mist\u00e9rio da Cruz e da Ressurrei\u00e7\u00e3o\u201d. \u201cEm especial do ano do meu nascimento \u2013 ressaltou o Papa -, porque era S\u00e1bado Santo, o dia do sil\u00eancio de Deus, da aparente aus\u00eancia, da morte de Deus e, contudo, o dia no qual se anuncia a Ressurrei\u00e7\u00e3o\u201d.<\/p>\n<p style=\"text-align: justify\">O Papa falou longamente sobre os dois Santos e sobre o mist\u00e9rio pascal. Por fim, agradeceu a Deus e a todos os que o fizeram perceber a presen\u00e7a do Senhor, \u201cque me acompanharam para que eu n\u00e3o perdesse a luz\u201d, disse o Pont\u00edfice.<\/p>\n<p style=\"text-align: justify\">Concluiu dizendo: \u201cEncontro-me diante da \u00faltima etapa do percurso da minha vida, e n\u00e3o sei o que me espera. Sei, por\u00e9m, que a luz de Deus existe e que Ele ressuscitou, que a Sua luz \u00e9 mais forte que cada obscuridade, que a bondade de Deus \u00e9 mais forte que cada mal no mundo\u201d. \u201cE isso me ajuda a proceder com seguran\u00e7a\u201d, refor\u00e7ou Bento XVI, que acrescentou: \u201cIsso nos ajuda a andar adiante, e, nessa hora, agrade\u00e7o de cora\u00e7\u00e3o a todos aqueles que continuamente me fazem perceber o \u2018sim\u2019 de Deus por meio da f\u00e9\u201d.a<\/p>\n","protected":false},"excerpt":{"rendered":"<p>O Papa Bento XVI foi homenageado, na manh\u00e3 desta segunda-feira, no Vaticano, com uma Missa pelo seu anivers\u00e1rio, com a presen\u00e7a de uma delega\u00e7\u00e3o da Baviera, sua terra natal. \u00c0s 11 horas, o Papa recebeu os bispos da regi\u00e3o, logo ap\u00f3s o Ministro Presidente Horst Seehofer, e, ao meio-dia, na Sala Clementina, recebeu toda a &hellip;<\/p>\n<p class=\"read-more\"> <a class=\"\" href=\"https:\/\/www.cnbb.org.br\/papa-aos-bispos-da-baviera-na-missa-pelo-seu-aniversario-qagradeco-a-todos-que-me-acompanharam-para-que-eu-nao-perdesse-a-luzq\/\"> <span class=\"screen-reader-text\">Papa aos bispos da Baviera na Missa pelo seu anivers\u00e1rio: &#8220;agrade\u00e7o a todos que me acompanharam para que eu n\u00e3o perdesse a luz&#8221;<\/span> Leia mais &raquo;<\/a><\/p>\n","protected":false},"author":83,"featured_media":26708,"comment_status":"open","ping_status":"open","sticky":false,"template":"","format":"standard","meta":{"site-sidebar-layout":"default","site-content-layout":"default","ast-global-header-display":"","ast-banner-title-visibility":"","ast-main-header-display":"","ast-hfb-above-header-display":"","ast-hfb-below-header-display":"","ast-hfb-mobile-header-display":"","site-post-title":"","ast-breadcrumbs-content":"","ast-featured-img":"","footer-sml-layout":"","theme-transparent-header-meta":"","adv-header-id-meta":"","stick-header-meta":"","header-above-stick-meta":"","header-main-stick-meta":"","header-below-stick-meta":""},"categories":[784],"tags":[],"acf":[],"_links":{"self":[{"href":"https:\/\/www.cnbb.org.br\/cnbb-app\/wp\/v2\/posts\/27238"}],"collection":[{"href":"https:\/\/www.cnbb.org.br\/cnbb-app\/wp\/v2\/posts"}],"about":[{"href":"https:\/\/www.cnbb.org.br\/cnbb-app\/wp\/v2\/types\/post"}],"author":[{"embeddable":true,"href":"https:\/\/www.cnbb.org.br\/cnbb-app\/wp\/v2\/users\/83"}],"replies":[{"embeddable":true,"href":"https:\/\/www.cnbb.org.br\/cnbb-app\/wp\/v2\/comments?post=27238"}],"version-history":[{"count":0,"href":"https:\/\/www.cnbb.org.br\/cnbb-app\/wp\/v2\/posts\/27238\/revisions"}],"wp:featuredmedia":[{"embeddable":true,"href":"https:\/\/www.cnbb.org.br\/cnbb-app\/wp\/v2\/media\/26708"}],"wp:attachment":[{"href":"https:\/\/www.cnbb.org.br\/cnbb-app\/wp\/v2\/media?parent=27238"}],"wp:term":[{"taxonomy":"category","embeddable":true,"href":"https:\/\/www.cnbb.org.br\/cnbb-app\/wp\/v2\/categories?post=27238"},{"taxonomy":"post_tag","embeddable":true,"href":"https:\/\/www.cnbb.org.br\/cnbb-app\/wp\/v2\/tags?post=27238"}],"curies":[{"name":"wp","href":"https:\/\/api.w.org\/{rel}","templated":true}]}}