{"id":27250,"date":"2012-05-30T00:00:00","date_gmt":"2012-05-30T03:00:00","guid":{"rendered":"https:\/\/www.cnbb.org.br\/papa-fala-de-ilacoes-na-midia-durante-audiencia-geral\/"},"modified":"2012-05-30T00:00:00","modified_gmt":"2012-05-30T03:00:00","slug":"papa-fala-de-ilacoes-na-midia-durante-audiencia-geral","status":"publish","type":"post","link":"https:\/\/www.cnbb.org.br\/papa-fala-de-ilacoes-na-midia-durante-audiencia-geral\/","title":{"rendered":"Papa fala de ila\u00e7\u00f5es na m\u00eddia durante Audi\u00eancia Geral"},"content":{"rendered":"<p style=\"text-align: justify\">Bento XVI recebeu peregrinos de diversas partes do mundo que lotaram a Pra\u00e7a S. Pedro nesta  quarta-feira de sol , 30 de maio, para a Audi\u00eancia Geral. Pela primeira vez em p\u00fablico, ele se referiu \u00e0s not\u00edcias e coment\u00e1rios da m\u00eddia internacional sobre\u00a0 fatos ocorridos com um de seus auxiliares e prosseguiu suas  catequeses sobre o tema da ora\u00e7\u00e3o, falando em especial das Cartas de S\u00e3o  Paulo.<\/p>\n<p>  <!--more-->  <\/p>\n<p style=\"text-align: justify\">Para o Ap\u00f3stolo Paulo, a ora\u00e7\u00e3o \u00e9 um reencontro pessoal com o  Senhor. As tribula\u00e7\u00f5es nada podem contra aquele que \u00e9 amparado pela gra\u00e7a  divina. S\u00e3o Paulo \u00e9 um exemplo ex\u00edmio dessa proximidade de Deus, seja nas provas  que teve que suportar, seja na for\u00e7a e no valor que o Senhor lhe infundiu para  enfrent\u00e1-las. \u201cO consolo do qual o Ap\u00f3stolo nos fala n\u00e3o \u00e9 um mero lenitivo \u00e0  dor, mas um est\u00edmulo para que n\u00e3o nos deixemos vencer pelas  dificuldades.\u201d<\/p>\n<p style=\"text-align: justify\">Unidos a Cristo nas fadigas que Ele carrega sobre si, n\u00e3o  somente somos capazes de enfrentar qualquer prova, mas, inclusive, de consolar  os outros em suas lutas. A ora\u00e7\u00e3o e a f\u00e9 em Sua presen\u00e7a nos alentam, e no meio  das contrariedades, sentimos o consolo de Deus. Assim, a f\u00e9 se refor\u00e7a pela  experi\u00eancia concreta do amor fiel de Cristo, que se entregou na Cruz. A esse  enorme \u00absim\u00bb que o Esp\u00edrito Santo faz perene e universal, responde o &#8220;am\u00e9m&#8221; da  Igreja, que ressoa na liturgia e na ora\u00e7\u00e3o pessoal. Nele devemos expressar nossa  ades\u00e3o total ao \u201csim\u201d de Deus, pois unindo-nos ao Senhor, participamos de sua  consola\u00e7\u00e3o.<\/p>\n<p style=\"text-align: justify\">Eis o resumo que o Papa fez de sua catequese em portugu\u00eas,  seguida de sua sauda\u00e7\u00e3o aos fi\u00e9is dos pa\u00edses lus\u00f3fonos: <span style=\"text-decoration: underline\"><a href=\"http:\/\/212.77.9.15\/audio\/ra\/00318299.RM\" target=\"_blank\"><img decoding=\"async\" alt=\"RealAudio\" src=\"..\/img_common\/ra_icon.gif\" border=\"0\" \/><\/a><a href=\"http:\/\/212.77.9.15\/audiomp3\/00318299.MP3\" target=\"_blank\"><img decoding=\"async\" alt=\"MP3\" src=\"..\/img_common\/mp3_icon.gif\" border=\"0\" \/><\/a> <\/span><\/p>\n<p style=\"text-align: justify\"><strong>Queridos irm\u00e3os e irm\u00e3s, a  ora\u00e7\u00e3o \u00e9 um verdadeiro encontro com Deus Pai, em Jesus Cristo, por meio do  Esp\u00edrito Santo. Assim se encontram o \u00absim\u00bb fiel de Deus, que vem em nosso  aux\u00edlio e nos conforta, e o \u00ab\u00e1men\u00bb dos fi\u00e9is que, nas provas da vida, se  abandonam \u00e0 vontade divina. A ora\u00e7\u00e3o perseverante e di\u00e1ria faz-nos sentir, de  forma concreta, a consola\u00e7\u00e3o do Pai do C\u00e9u e a fidelidade do seu amor que foi ao  ponto de nos dar o seu Filho na cruz. Por nossa vez, somos chamados a  corresponder com o \u00ab\u00e1men\u00bb duma ades\u00e3o fiel de toda a nossa vida \u00e0 sua vontade.  Esta fidelidade n\u00e3o se pode alcan\u00e7ar s\u00f3 com as nossas for\u00e7as, mas vem de Deus e  est\u00e1 fundada sobre o \u00absim\u00bb de Cristo, cujo alimento \u00e9 fazer a vontade do Pai. \u00c9  neste \u00absim\u00bb que devemos entrar, at\u00e9 podermos repetir, com S\u00e3o Paulo, \u00abj\u00e1 n\u00e3o sou  eu que vivo, \u00e9 Cristo que vive em mim\u00bb. Ent\u00e3o o \u00ab\u00e1men\u00bb da nossa ora\u00e7\u00e3o pessoal e  comunit\u00e1ria envolver\u00e1 e transformar\u00e1 toda a nossa vida. Amados peregrinos de  l\u00edngua portuguesa, em particular os participantes no curso de forma\u00e7\u00e3o dos  Capuchinhos e demais grupos do Brasil e de Portugal: a todos dou as boas-vindas,  encorajando os vossos passos a manterem-se firmes no caminho de Deus. Tomai por  modelo a Virgem M\u00e3e! Fez-Se serva do Senhor e tornou-Se a porta da vida, pela  qual nos chega o Salvador. Com Ele, des\u00e7a a minha B\u00ean\u00e7\u00e3o sobre v\u00f3s, vossas  fam\u00edlias e comunidades eclesiais.<\/strong><\/p>\n<p style=\"text-align: justify\">No final da Audi\u00eancia, Bento XVI se  pronunciou a respeito dos fatos publicados pela m\u00eddia que envolvem seus  colaboradores. A seguir, a \u00edntegra das palavras do Papa:<\/p>\n<p style=\"text-align: justify\">\u201cOs fatos  ocorridos nesses dias acerca da C\u00faria e dos meus colaboradores provocaram  tristeza no meu cora\u00e7\u00e3o, mas jamais se ofuscou a certeza convicta de que, n\u00e3o  obstante a fraqueza do homem, as dificuldades e as prova\u00e7\u00f5es, a Igreja \u00e9 guiada  pelo Esp\u00edrito Santo e o Senhor nunca deixar\u00e1 de oferecer a sua ajuda para  ampar\u00e1-la no seu caminho. Todavia, multiplicarem-se ila\u00e7\u00f5es amplificadas por  alguns meios de comunica\u00e7\u00e3o completamente gratuitas e que foram para al\u00e9m dos  fatos, oferecendo uma imagem da Santa S\u00e9 que n\u00e3o corresponde \u00e0 realidade. Por  isso, desejo renovar a minha confian\u00e7a e o meu encorajamento aos meus mais  estreitos colaboradores e a todos aqueles que cotidianamente com fidelidade, com  esp\u00edrito de sacrif\u00edcio e no sil\u00eancio, me ajudam na realiza\u00e7\u00e3o do meu  minist\u00e9rio.\u201d<\/p>\n<p style=\"text-align: justify\">O Santo Padre tamb\u00e9m deu destaque ainda ao sismo que abalou  novamente ontem o centro da It\u00e1lia. Ele manifestou sua solidariedade \u00e0s v\u00edtimas  com essas palavras:<\/p>\n<p style=\"text-align: justify\">\u201cExpresso meu afeto na ora\u00e7\u00e3o aos feridos, como  tamb\u00e9m \u00e0queles que sofreram danos, e manifesto meus vivos sentimentos aos  familiares daqueles que perderam a vida. Fa\u00e7o votos de que com a ajuda de todos  e a solidariedade de toda a na\u00e7\u00e3o aquelas terras t\u00e3o duramente provadas possam  retomar o mais r\u00e1pido poss\u00edvel uma vida normal.\u201d<\/p>\n","protected":false},"excerpt":{"rendered":"<p>Bento XVI recebeu peregrinos de diversas partes do mundo que lotaram a Pra\u00e7a S. Pedro nesta quarta-feira de sol , 30 de maio, para a Audi\u00eancia Geral. Pela primeira vez em p\u00fablico, ele se referiu \u00e0s not\u00edcias e coment\u00e1rios da m\u00eddia internacional sobre\u00a0 fatos ocorridos com um de seus auxiliares e prosseguiu suas catequeses sobre &hellip;<\/p>\n<p class=\"read-more\"> <a class=\"\" href=\"https:\/\/www.cnbb.org.br\/papa-fala-de-ilacoes-na-midia-durante-audiencia-geral\/\"> <span class=\"screen-reader-text\">Papa fala de ila\u00e7\u00f5es na m\u00eddia durante Audi\u00eancia Geral<\/span> Leia mais &raquo;<\/a><\/p>\n","protected":false},"author":83,"featured_media":0,"comment_status":"open","ping_status":"open","sticky":false,"template":"","format":"standard","meta":{"site-sidebar-layout":"default","site-content-layout":"default","ast-global-header-display":"","ast-banner-title-visibility":"","ast-main-header-display":"","ast-hfb-above-header-display":"","ast-hfb-below-header-display":"","ast-hfb-mobile-header-display":"","site-post-title":"","ast-breadcrumbs-content":"","ast-featured-img":"","footer-sml-layout":"","theme-transparent-header-meta":"","adv-header-id-meta":"","stick-header-meta":"","header-above-stick-meta":"","header-main-stick-meta":"","header-below-stick-meta":""},"categories":[784],"tags":[],"acf":[],"_links":{"self":[{"href":"https:\/\/www.cnbb.org.br\/cnbb-app\/wp\/v2\/posts\/27250"}],"collection":[{"href":"https:\/\/www.cnbb.org.br\/cnbb-app\/wp\/v2\/posts"}],"about":[{"href":"https:\/\/www.cnbb.org.br\/cnbb-app\/wp\/v2\/types\/post"}],"author":[{"embeddable":true,"href":"https:\/\/www.cnbb.org.br\/cnbb-app\/wp\/v2\/users\/83"}],"replies":[{"embeddable":true,"href":"https:\/\/www.cnbb.org.br\/cnbb-app\/wp\/v2\/comments?post=27250"}],"version-history":[{"count":0,"href":"https:\/\/www.cnbb.org.br\/cnbb-app\/wp\/v2\/posts\/27250\/revisions"}],"wp:attachment":[{"href":"https:\/\/www.cnbb.org.br\/cnbb-app\/wp\/v2\/media?parent=27250"}],"wp:term":[{"taxonomy":"category","embeddable":true,"href":"https:\/\/www.cnbb.org.br\/cnbb-app\/wp\/v2\/categories?post=27250"},{"taxonomy":"post_tag","embeddable":true,"href":"https:\/\/www.cnbb.org.br\/cnbb-app\/wp\/v2\/tags?post=27250"}],"curies":[{"name":"wp","href":"https:\/\/api.w.org\/{rel}","templated":true}]}}