{"id":27263,"date":"2012-07-17T00:00:00","date_gmt":"2012-07-17T03:00:00","guid":{"rendered":"https:\/\/www.cnbb.org.br\/pagina-na-internet-traz-informacoes-da-visita-do-papa-ao-libano\/"},"modified":"2012-07-17T00:00:00","modified_gmt":"2012-07-17T03:00:00","slug":"pagina-na-internet-traz-informacoes-da-visita-do-papa-ao-libano","status":"publish","type":"post","link":"https:\/\/www.cnbb.org.br\/pagina-na-internet-traz-informacoes-da-visita-do-papa-ao-libano\/","title":{"rendered":"P\u00e1gina na internet traz informa\u00e7\u00f5es da visita do papa ao L\u00edbano"},"content":{"rendered":"<div style=\"text-align: justify\">O arcebispo maronita de Haifa e Terra Santa e Bispo de Antioquia, L\u00edbano, dom Paul Nabil O-Sayah,falou em entrevista \u00e0 R\u00e1dio Vaticano sobre as expectativas da visita do Papa Bento XVI\u00a0 pa\u00eds, programada entre os dias 12 e 14 de setembro pr\u00f3ximo.<\/div>\n<div style=\"text-align: justify\"><\/div>\n<p>  <!--more-->  <\/p>\n<div style=\"text-align: justify\">As expectativas s\u00e3o muito grandes devido \u00e0 situa\u00e7\u00e3o dos crist\u00e3os na regi\u00e3o e tamb\u00e9m ao quadro pol\u00edtico atual. O bispo definiu a not\u00edcia da visita do Papa ao Oriente M\u00e9dio como &#8220;bel\u00edssima&#8221;, destacando que a sua chegada \u00e0 regi\u00e3o &#8220;produzir\u00e1 um efeito positivo sobre a Igreja e sobre o pa\u00eds em geral&#8221;.<\/p>\n<p>O papa visitar\u00e1 as cidades de Beirute\/Harissa, Baabda, Bzommar, Bkerk\u00e9 e Charfet. As informa\u00e7\u00f5es completas est\u00e3o na p\u00e1gina da internet com as informa\u00e7\u00f5es sobre a visita de Bento XVI ao L\u00edbano. Para acess\u00e1-la, basta <a href=\"http:\/\/www.lbpapalvisit.com\/test2\/public\/italian\/index.php\" target=\"_blank\" rel=\"noopener\">clicar aqui<\/a>.\u00a0 <\/p>\n<p>As p\u00e1ginas do site trazem a reprodu\u00e7\u00e3o do logotipo, com tr\u00eas elementos fortemente simb\u00f3licos: a pomba da paz que segura um ramo de oliveira, o cedro e a cruz. Em \u00e1rabe, ingl\u00eas, franc\u00eas e italiano, est\u00e3o publicados o programa da visita, a biografia, o pontificado de Bento XVI e dados sobre as Igrejas no Oriente M\u00e9dio.<\/p><\/div>\n<div style=\"text-align: justify\"><\/div>\n<div style=\"text-align: justify\"><\/div>\n<div style=\"text-align: justify\">Tamb\u00e9m \u00e9 poss\u00edvel acompanhar a visita nas redes sociais, atrav\u00e9s dos seguintes perfis:<br \/>Facebook: lbpapalvisit<br \/>Twitter: @lbpapalvisit<br \/>YouTube: lbpapalvisit<\/div>\n","protected":false},"excerpt":{"rendered":"<p>O arcebispo maronita de Haifa e Terra Santa e Bispo de Antioquia, L\u00edbano, dom Paul Nabil O-Sayah,falou em entrevista \u00e0 R\u00e1dio Vaticano sobre as expectativas da visita do Papa Bento XVI\u00a0 pa\u00eds, programada entre os dias 12 e 14 de setembro pr\u00f3ximo.<\/p>\n","protected":false},"author":83,"featured_media":27264,"comment_status":"open","ping_status":"open","sticky":false,"template":"","format":"standard","meta":{"site-sidebar-layout":"default","site-content-layout":"default","ast-global-header-display":"","ast-banner-title-visibility":"","ast-main-header-display":"","ast-hfb-above-header-display":"","ast-hfb-below-header-display":"","ast-hfb-mobile-header-display":"","site-post-title":"","ast-breadcrumbs-content":"","ast-featured-img":"","footer-sml-layout":"","theme-transparent-header-meta":"","adv-header-id-meta":"","stick-header-meta":"","header-above-stick-meta":"","header-main-stick-meta":"","header-below-stick-meta":""},"categories":[784],"tags":[],"acf":[],"_links":{"self":[{"href":"https:\/\/www.cnbb.org.br\/cnbb-app\/wp\/v2\/posts\/27263"}],"collection":[{"href":"https:\/\/www.cnbb.org.br\/cnbb-app\/wp\/v2\/posts"}],"about":[{"href":"https:\/\/www.cnbb.org.br\/cnbb-app\/wp\/v2\/types\/post"}],"author":[{"embeddable":true,"href":"https:\/\/www.cnbb.org.br\/cnbb-app\/wp\/v2\/users\/83"}],"replies":[{"embeddable":true,"href":"https:\/\/www.cnbb.org.br\/cnbb-app\/wp\/v2\/comments?post=27263"}],"version-history":[{"count":0,"href":"https:\/\/www.cnbb.org.br\/cnbb-app\/wp\/v2\/posts\/27263\/revisions"}],"wp:featuredmedia":[{"embeddable":true,"href":"https:\/\/www.cnbb.org.br\/cnbb-app\/wp\/v2\/media\/27264"}],"wp:attachment":[{"href":"https:\/\/www.cnbb.org.br\/cnbb-app\/wp\/v2\/media?parent=27263"}],"wp:term":[{"taxonomy":"category","embeddable":true,"href":"https:\/\/www.cnbb.org.br\/cnbb-app\/wp\/v2\/categories?post=27263"},{"taxonomy":"post_tag","embeddable":true,"href":"https:\/\/www.cnbb.org.br\/cnbb-app\/wp\/v2\/tags?post=27263"}],"curies":[{"name":"wp","href":"https:\/\/api.w.org\/{rel}","templated":true}]}}