{"id":27273,"date":"2012-08-15T00:00:00","date_gmt":"2012-08-15T03:00:00","guid":{"rendered":"https:\/\/www.cnbb.org.br\/no-angelus-papa-afirma-que-a-assuncao-nos-indica-o-futuro-da-humanidade\/"},"modified":"2012-08-15T00:00:00","modified_gmt":"2012-08-15T03:00:00","slug":"no-angelus-papa-afirma-que-a-assuncao-nos-indica-o-futuro-da-humanidade","status":"publish","type":"post","link":"https:\/\/www.cnbb.org.br\/no-angelus-papa-afirma-que-a-assuncao-nos-indica-o-futuro-da-humanidade\/","title":{"rendered":"No Angelus, Papa afirma que a Assun\u00e7\u00e3o nos indica o futuro da humanidade"},"content":{"rendered":"<p style=\"text-align: justify\">Nesta quarta-feira, 15, quando a Igreja celebra a Assun\u00e7\u00e3o de Nossa Senhora ao c\u00e9u, Bento XVI rezou a ora\u00e7\u00e3o mariana do Angelus junto aos fi\u00e9is que foram a Castel Gandolfo neste dia feriado na It\u00e1lia e na Europa.<\/p>\n<p><!--more--><\/p>\n<p style=\"text-align: justify\">Antes da ora\u00e7\u00e3o, ele explicou que a festa da Assun\u00e7\u00e3o \u00e9 uma realidade que toca tamb\u00e9m n\u00f3s, porque nos indica de modo luminoso nosso destino, o da humanidade e da hist\u00f3ria. Retomando amplamente o que j\u00e1 havia ilustrado na Missa desta manh\u00e3, o Papa sintetizou a id\u00e9ia que depois da morte, n\u00e3o h\u00e1 o vazio, mas o abra\u00e7o amoroso de Deus. Por isso, a festividade de hoje, para o crist\u00e3o, \u00e9 \u201cestritamente ligada \u00e0 Ressurrei\u00e7\u00e3o\u201d.<\/p>\n<p style=\"text-align: justify\">\nBento XVI recordou aos mais de 3 mil fi\u00e9is reunidos no p\u00e1tio da resid\u00eancia que a proclama\u00e7\u00e3o do dogma da Assunta ocorreu em 1950 com o Papa Pio XII, e brevemente, citou a tradi\u00e7\u00e3o das Igrejas ortodoxas russas, que fala de \u2018Dormi\u00e7\u00e3o\u2019 e n\u00e3o de Assun\u00e7\u00e3o.<\/p>\n<p style=\"text-align: justify\">\nEncerrando, o Papa lembrou um trecho da Constitui\u00e7\u00e3o conciliar Lumen Gentium: \u201cMaria, depois de elevada ao c\u00e9u, n\u00e3o abandonou esta miss\u00e3o salvadora, mas, com a sua multiforme intercess\u00e3o, continua a alcan\u00e7ar-nos os dons da salva\u00e7\u00e3o eterna. Ela cuida, com amor materno, dos irm\u00e3os de seu Filho que, entre perigos e ang\u00fastias, caminham ainda na terra, at\u00e9 chegarem \u00e0 p\u00e1tria bem-aventurada\u201d.<\/p>\n<p style=\"text-align: justify\">\nAp\u00f3s a ora\u00e7\u00e3o, o Papa fez breves sauda\u00e7\u00f5es em algumas l\u00ednguas. Hoje foi a vez tamb\u00e9m do portugu\u00eas:<\/p>\n<p style=\"text-align: justify\">\n\u201c<strong>Sa\u00fado cordialmente os fi\u00e9is brasileiros de Umuarama e Paranava\u00ed e demais peregrinos de l\u00edngua portuguesa, sobre cujos passos e compromissos crist\u00e3os imploro, pela intercess\u00e3o da Virgem M\u00e3e, as maiores b\u00ean\u00e7\u00e3os divinas. Deixai Cristo tomar posse da vossa vida, para serdes cada vez mais vida e presen\u00e7a de Cristo! Ide com Deus<\/strong>\u201d.<\/p>\n","protected":false},"excerpt":{"rendered":"<p>Nesta quarta-feira, 15, quando a Igreja celebra a Assun\u00e7\u00e3o de Nossa Senhora ao c\u00e9u, Bento XVI rezou a ora\u00e7\u00e3o mariana do Angelus junto aos fi\u00e9is que foram a Castel Gandolfo neste dia feriado na It\u00e1lia e na Europa.<\/p>\n","protected":false},"author":83,"featured_media":27274,"comment_status":"open","ping_status":"open","sticky":false,"template":"","format":"standard","meta":{"site-sidebar-layout":"default","site-content-layout":"default","ast-global-header-display":"","ast-banner-title-visibility":"","ast-main-header-display":"","ast-hfb-above-header-display":"","ast-hfb-below-header-display":"","ast-hfb-mobile-header-display":"","site-post-title":"","ast-breadcrumbs-content":"","ast-featured-img":"","footer-sml-layout":"","theme-transparent-header-meta":"","adv-header-id-meta":"","stick-header-meta":"","header-above-stick-meta":"","header-main-stick-meta":"","header-below-stick-meta":""},"categories":[784],"tags":[],"acf":[],"_links":{"self":[{"href":"https:\/\/www.cnbb.org.br\/cnbb-app\/wp\/v2\/posts\/27273"}],"collection":[{"href":"https:\/\/www.cnbb.org.br\/cnbb-app\/wp\/v2\/posts"}],"about":[{"href":"https:\/\/www.cnbb.org.br\/cnbb-app\/wp\/v2\/types\/post"}],"author":[{"embeddable":true,"href":"https:\/\/www.cnbb.org.br\/cnbb-app\/wp\/v2\/users\/83"}],"replies":[{"embeddable":true,"href":"https:\/\/www.cnbb.org.br\/cnbb-app\/wp\/v2\/comments?post=27273"}],"version-history":[{"count":0,"href":"https:\/\/www.cnbb.org.br\/cnbb-app\/wp\/v2\/posts\/27273\/revisions"}],"wp:featuredmedia":[{"embeddable":true,"href":"https:\/\/www.cnbb.org.br\/cnbb-app\/wp\/v2\/media\/27274"}],"wp:attachment":[{"href":"https:\/\/www.cnbb.org.br\/cnbb-app\/wp\/v2\/media?parent=27273"}],"wp:term":[{"taxonomy":"category","embeddable":true,"href":"https:\/\/www.cnbb.org.br\/cnbb-app\/wp\/v2\/categories?post=27273"},{"taxonomy":"post_tag","embeddable":true,"href":"https:\/\/www.cnbb.org.br\/cnbb-app\/wp\/v2\/tags?post=27273"}],"curies":[{"name":"wp","href":"https:\/\/api.w.org\/{rel}","templated":true}]}}