{"id":27298,"date":"2012-10-12T00:00:00","date_gmt":"2012-10-12T03:00:00","guid":{"rendered":"https:\/\/www.cnbb.org.br\/papa-fala-aos-padres-conciliares-e-aos-presidentes-das-conferencias-episcopais\/"},"modified":"2012-10-12T00:00:00","modified_gmt":"2012-10-12T03:00:00","slug":"papa-fala-aos-padres-conciliares-e-aos-presidentes-das-conferencias-episcopais","status":"publish","type":"post","link":"https:\/\/www.cnbb.org.br\/papa-fala-aos-padres-conciliares-e-aos-presidentes-das-conferencias-episcopais\/","title":{"rendered":"Papa fala aos Padres Conciliares e aos presidentes das Confer\u00eancias Episcopais"},"content":{"rendered":"<p style=\"text-align: justify\"><span id=\"content2\" style=\"color: #282828;text-align: justify;font-size: 12px;line-height: 150%\"><strong> <\/strong>Nesta  sexta-feira, 12 de outubro, o Santo Padre recebeu em audi\u00eancia, no Vaticano, o  Patriarca Ecum\u00eanico de Constantinopla, Bartolomeu I e os bispos que  participaram do Conc\u00edlico Ecum\u00eanico Vaticano II, e os Presidentes de  Confer\u00eancias Episcopais.<\/span><\/p>\n<p style=\"text-align: justify\"><span style=\"color: #282828;text-align: justify;font-size: 12px;line-height: 150%\"> <\/span><\/p>\n<p>  <!--more-->  <\/p>\n<p style=\"text-align: justify\"><span id=\"content2\" style=\"color: #282828;text-align: justify;font-size: 12px;line-height: 150%\">O Papa ainda almo\u00e7ou com os Padres  Sinodais, com os bispos que participaram do Conc\u00edlio Ecum\u00eanico Vaticano  II, e com os Presidentes de Confer\u00eancias Episcopais, cerca 500 pessoas.  Presentes tamb\u00e9m o Patriarca Bartolomeu I e o Arcebispo anglicano,  Willians.<\/span><\/p>\n<p style=\"text-align: justify\"><span id=\"content2\" style=\"color: #282828;text-align: justify;font-size: 12px;line-height: 150%\"> <\/span><\/p>\n<p style=\"text-align: justify\"><span id=\"content2\" style=\"color: #282828;text-align: justify;font-size: 12px;line-height: 150%\">No seu discurso aos Padres Conciliares e aos  presidentes das Confer\u00eancias Episcopais o Santo Padre afirmou que nos  seus rostos via tamb\u00e9m os centenas de bispos que em todas as regi\u00f5es da  terra est\u00e3o comprometidos no an\u00fancio do Evangelho e no servi\u00e7o \u00e0 Igreja e  ao homem, em obedi\u00eancia ao mandato recebido de Cristo.<\/span><\/p>\n<p style=\"text-align: justify\"><span id=\"content2\" style=\"color: #282828;text-align: justify;font-size: 12px;line-height: 150%\"> <\/span><\/p>\n<p style=\"text-align: justify\"><span id=\"content2\" style=\"color: #282828;text-align: justify;font-size: 12px;line-height: 150%\">S\u00e3o  muitas as recorda\u00e7\u00f5es que v\u00eaem \u00e0 nossa mente \u2013 continuou o Papa \u2013 e que  cada um tem bem guardado no cora\u00e7\u00e3o daquele per\u00edodo t\u00e3o vivaz, rico e  fecundo que foi o Conc\u00edlio. Gostaria de recordar de como uma palavra,  lan\u00e7ada pelo Beato Jo\u00e3o XXIII quase de modo program\u00e1tico, retornava  continuamente nos trabalhos conciliares: a palavra \u201catualiza\u00e7\u00e3o\u201d.<\/span><\/p>\n<p style=\"text-align: justify\"><span id=\"content2\" style=\"color: #282828;text-align: justify;font-size: 12px;line-height: 150%\"> <\/span><\/p>\n<p style=\"text-align: justify\"><span id=\"content2\" style=\"color: #282828;text-align: justify;font-size: 12px;line-height: 150%\">Passados  50 anos da abertura daquele solene Encontro da Igreja algu\u00e9m poderia se  perguntar se aquela express\u00e3o, n\u00e3o teria sido, talvez no in\u00edcio, n\u00e3o  muito feliz. Creio \u2013 disse Bento XVI \u2013, que o Beato Jo\u00e3o XXIII queria  com aquela palavra era exato e ainda o \u00e9 hoje. O Cristianismo n\u00e3o deve  ser considerado como \u201calgo do passado\u201d, nem deve ser vivido com o olhar  perenemente dirigido \u201cpara tr\u00e1s\u201d, porque Jesus Cristo \u00e9 ontem, hoje e  para sempre. O Cristianismo \u00e9 marcado pela presen\u00e7a do Deus eterno, que  entrou no tempo e est\u00e1 presente em todos os tempos, para que cada tempo  surja do seu poder criador, do seu eterno \u201choje\u201d.<\/span><\/p>\n<p style=\"text-align: justify\"><span id=\"content2\" style=\"color: #282828;text-align: justify;font-size: 12px;line-height: 150%\"> <\/span><\/p>\n<p style=\"text-align: justify\"><span id=\"content2\" style=\"color: #282828;text-align: justify;font-size: 12px;line-height: 150%\">Por isso o  Cristianismo \u00e9 sempre novo, continuou o Santo Padre. N\u00f3s n\u00e3o o devemos  jamais v\u00ea-lo como uma \u00e1rvore plenamente desenvolvida como o gr\u00e3o de  mostrada evang\u00e9lico, que cresce, d\u00e1 frutos e um dia envelhece e chega ao  fim a sua energia vital. O Cristianismo \u00e9 uma \u00e1rvore em perene  \u201caurora\u201d, sempre jovem. E esta atualidade, esta \u201catualiza\u00e7\u00e3o\u201d n\u00e3o  significa ruptura com a tradi\u00e7\u00e3o, mas exprime a cont\u00ednua vitalidade; n\u00e3o  significa reduzir a f\u00e9, abaixando-se aos modismos dos tempos, ao que  n\u00f3s gostamos, ao que a opini\u00e3o p\u00fablica gosta, mas \u00e9 o contr\u00e1rio:  exatamente como fizeram os Padres conciliares, devemos levar o \u201choje\u201d  que vivemos \u00e0 medida do evento crist\u00e3o, devemos levar o \u201choje\u201d do nosso  tempo no \u201choje\u201d de Deus.<\/span><\/p>\n<p style=\"text-align: justify\"><span id=\"content2\" style=\"color: #282828;text-align: justify;font-size: 12px;line-height: 150%\"> <\/span><\/p>\n<p style=\"text-align: justify\"><span id=\"content2\" style=\"color: #282828;text-align: justify;font-size: 12px;line-height: 150%\">O Conc\u00edlio foi um tempo de gra\u00e7a no qual  o Esp\u00edrito Santo nos ensinou que a Igreja, no seu caminho na hist\u00f3ria,  deve sempre falar ao homem contempor\u00e2neo, mas isso pode ocorrer somente  atrav\u00e9s da for\u00e7a daqueles que t\u00eam ra\u00edzes profundas em Deus, se deixam  guiar por Ele e vivem com pureza a sua f\u00e9; n\u00e3o vem de quem se adapta ao  momento que passa, de quem escolhe o caminho mais c\u00f4modo. <\/span><\/p>\n<p style=\"text-align: justify\"><span id=\"content2\" style=\"color: #282828;text-align: justify;font-size: 12px;line-height: 150%\"> <\/span><\/p>\n<p style=\"text-align: justify\"><span id=\"content2\" style=\"color: #282828;text-align: justify;font-size: 12px;line-height: 150%\">O Papa  concluiu afirmando que o Ano da f\u00e9 que teve in\u00edcio nesta quinta-feira  nos sugere o melhor modo para recordar e comemorar o Conc\u00edlio:  concentrar-se no cora\u00e7\u00e3o da sua mensagem, que \u00e9 a mensagem da f\u00e9 em  Cristo, \u00fanico Salvador do mundo, proclamada ao homem do nosso tempo.<\/span><\/p>\n","protected":false},"excerpt":{"rendered":"<p>Nesta sexta-feira, 12 de outubro, o Santo Padre recebeu em audi\u00eancia, no Vaticano, o Patriarca Ecum\u00eanico de Constantinopla, Bartolomeu I e os bispos que participaram do Conc\u00edlico Ecum\u00eanico Vaticano II, e os Presidentes de Confer\u00eancias Episcopais.<\/p>\n","protected":false},"author":83,"featured_media":27299,"comment_status":"open","ping_status":"open","sticky":false,"template":"","format":"standard","meta":{"site-sidebar-layout":"default","site-content-layout":"default","ast-global-header-display":"","ast-banner-title-visibility":"","ast-main-header-display":"","ast-hfb-above-header-display":"","ast-hfb-below-header-display":"","ast-hfb-mobile-header-display":"","site-post-title":"","ast-breadcrumbs-content":"","ast-featured-img":"","footer-sml-layout":"","theme-transparent-header-meta":"","adv-header-id-meta":"","stick-header-meta":"","header-above-stick-meta":"","header-main-stick-meta":"","header-below-stick-meta":""},"categories":[784],"tags":[],"acf":[],"_links":{"self":[{"href":"https:\/\/www.cnbb.org.br\/cnbb-app\/wp\/v2\/posts\/27298"}],"collection":[{"href":"https:\/\/www.cnbb.org.br\/cnbb-app\/wp\/v2\/posts"}],"about":[{"href":"https:\/\/www.cnbb.org.br\/cnbb-app\/wp\/v2\/types\/post"}],"author":[{"embeddable":true,"href":"https:\/\/www.cnbb.org.br\/cnbb-app\/wp\/v2\/users\/83"}],"replies":[{"embeddable":true,"href":"https:\/\/www.cnbb.org.br\/cnbb-app\/wp\/v2\/comments?post=27298"}],"version-history":[{"count":0,"href":"https:\/\/www.cnbb.org.br\/cnbb-app\/wp\/v2\/posts\/27298\/revisions"}],"wp:featuredmedia":[{"embeddable":true,"href":"https:\/\/www.cnbb.org.br\/cnbb-app\/wp\/v2\/media\/27299"}],"wp:attachment":[{"href":"https:\/\/www.cnbb.org.br\/cnbb-app\/wp\/v2\/media?parent=27298"}],"wp:term":[{"taxonomy":"category","embeddable":true,"href":"https:\/\/www.cnbb.org.br\/cnbb-app\/wp\/v2\/categories?post=27298"},{"taxonomy":"post_tag","embeddable":true,"href":"https:\/\/www.cnbb.org.br\/cnbb-app\/wp\/v2\/tags?post=27298"}],"curies":[{"name":"wp","href":"https:\/\/api.w.org\/{rel}","templated":true}]}}