{"id":27301,"date":"2012-10-17T00:00:00","date_gmt":"2012-10-17T03:00:00","guid":{"rendered":"https:\/\/www.cnbb.org.br\/toda-a-humanidade-tem-que-lutar-sem-cessar-contra-a-pobreza-diz-bento-xvi\/"},"modified":"2012-10-17T00:00:00","modified_gmt":"2012-10-17T03:00:00","slug":"toda-a-humanidade-tem-que-lutar-sem-cessar-contra-a-pobreza-diz-bento-xvi","status":"publish","type":"post","link":"https:\/\/www.cnbb.org.br\/toda-a-humanidade-tem-que-lutar-sem-cessar-contra-a-pobreza-diz-bento-xvi\/","title":{"rendered":"\u201cToda a humanidade tem que lutar sem cessar contra a pobreza\u201d, diz Bento XVI"},"content":{"rendered":"<p style=\"text-align: justify\">Celebra-se esta quarta-feira, 17 de outubro, o Dia Internacional para a Erradica\u00e7\u00e3o da Pobreza. Na Audi\u00eancia Geral desta quarta-feira, o papa Bento XVI saudou os que estavam presentes na Pra\u00e7a S\u00e3o Pedro, encorajando-os em seu compromisso de proteger a dignidade e os direitos dos que s\u00e3o condenados a sofrer a chaga da mis\u00e9ria, \u201ccontra a qual toda a Humanidade deve lutar sem cessar\u201d.<\/p>\n<p>  <!--more-->  <\/p>\n<p style=\"text-align: justify\">O Dia Internacional para a Erradica\u00e7\u00e3o da Pobreza \u00e9 uma iniciativa da Organiza\u00e7\u00e3o das Na\u00e7\u00f5es Unidas (ONU), para promover a conscientiza\u00e7\u00e3o sobre o problema e para motivar os esfor\u00e7os de erradica\u00e7\u00e3o da pobreza em todas as partes do mundo.<\/p>\n<p style=\"text-align: justify\">Em 17 de outubro de 1987, em Paris, o padre Joseph Wresinski, fundador do &#8220;Movimento Agir Todos pela Dignidade do Quarto Mundo&#8221; inaugurou, na presen\u00e7a de 100 mil pessoas, uma placa de pedra em mem\u00f3ria das v\u00edtimas da pobreza. Nela, estava gravada a seguinte mensagem: &#8220;Onde homens e mulheres est\u00e3o condenados a viver em extrema pobreza, direitos humanos s\u00e3o violados. Unir-se para fazer com que sejam respeitados \u00e9 um dever sagrado\u201d.<\/p>\n<p style=\"text-align: justify\">Na \u00faltima d\u00e9cada, milh\u00f5es de pessoas sa\u00edram da pobreza, e obtiveram um melhor acesso \u00e0 sa\u00fade e \u00e0 educa\u00e7\u00e3o. Todavia, apesar destes avan\u00e7os importantes, h\u00e1 ainda lacunas cr\u00edticas a serem preenchidas. O tema para o Dia Internacional de 2012 \u00e9 &#8220;P\u00f4r fim \u00e0 viol\u00eancia que a extrema pobreza representa: promover a responsabiliza\u00e7\u00e3o e construir a paz&#8221;.<\/p>\n<p style=\"text-align: justify\">Isabelle Perrin, diretora-geral do Movimente, em sua mensagem do Dia Internacional para a Erradica\u00e7\u00e3o da Pobreza, afirmou: &#8220;\u00c9 um dia para recusar o inaceit\u00e1vel. (&#8230;) 17 de outubro \u00e9 uma data para honrar os milh\u00f5es de pessoas que enfrentam o imposs\u00edvel, aqueles cuja coragem e cuja exist\u00eancia desafiam nossas certezas, nossos modos de pensar e agir\u201d.<\/p>\n<p style=\"text-align: justify\">Nessa mesma data, os salesianos da Regi\u00e3o Interam\u00e9rica est\u00e3o empenhados na 10\u00aa reuni\u00e3o regional de op\u00e7\u00e3o preferencial. Uma semana de confer\u00eancias sobre o empenho da Congrega\u00e7\u00e3o no continente americano e a op\u00e7\u00e3o preferencial pelos pobres. Responsabilizar quem vive na pobreza, especialmente os jovens, \u00e9 um dos principais temas discutidos durante este encontro.<\/p>\n","protected":false},"excerpt":{"rendered":"<p>Celebra-se esta quarta-feira, 17 de outubro, o Dia Internacional para a Erradica\u00e7\u00e3o da Pobreza. Na Audi\u00eancia Geral desta quarta-feira, o papa Bento XVI saudou os que estavam presentes na Pra\u00e7a S\u00e3o Pedro, encorajando-os em seu compromisso de proteger a dignidade e os direitos dos que s\u00e3o condenados a sofrer a chaga da mis\u00e9ria, \u201ccontra a &hellip;<\/p>\n<p class=\"read-more\"> <a class=\"\" href=\"https:\/\/www.cnbb.org.br\/toda-a-humanidade-tem-que-lutar-sem-cessar-contra-a-pobreza-diz-bento-xvi\/\"> <span class=\"screen-reader-text\">\u201cToda a humanidade tem que lutar sem cessar contra a pobreza\u201d, diz Bento XVI<\/span> Leia mais &raquo;<\/a><\/p>\n","protected":false},"author":83,"featured_media":21810,"comment_status":"open","ping_status":"open","sticky":false,"template":"","format":"standard","meta":{"site-sidebar-layout":"default","site-content-layout":"default","ast-global-header-display":"","ast-banner-title-visibility":"","ast-main-header-display":"","ast-hfb-above-header-display":"","ast-hfb-below-header-display":"","ast-hfb-mobile-header-display":"","site-post-title":"","ast-breadcrumbs-content":"","ast-featured-img":"","footer-sml-layout":"","theme-transparent-header-meta":"","adv-header-id-meta":"","stick-header-meta":"","header-above-stick-meta":"","header-main-stick-meta":"","header-below-stick-meta":""},"categories":[784],"tags":[],"acf":[],"_links":{"self":[{"href":"https:\/\/www.cnbb.org.br\/cnbb-app\/wp\/v2\/posts\/27301"}],"collection":[{"href":"https:\/\/www.cnbb.org.br\/cnbb-app\/wp\/v2\/posts"}],"about":[{"href":"https:\/\/www.cnbb.org.br\/cnbb-app\/wp\/v2\/types\/post"}],"author":[{"embeddable":true,"href":"https:\/\/www.cnbb.org.br\/cnbb-app\/wp\/v2\/users\/83"}],"replies":[{"embeddable":true,"href":"https:\/\/www.cnbb.org.br\/cnbb-app\/wp\/v2\/comments?post=27301"}],"version-history":[{"count":0,"href":"https:\/\/www.cnbb.org.br\/cnbb-app\/wp\/v2\/posts\/27301\/revisions"}],"wp:featuredmedia":[{"embeddable":true,"href":"https:\/\/www.cnbb.org.br\/cnbb-app\/wp\/v2\/media\/21810"}],"wp:attachment":[{"href":"https:\/\/www.cnbb.org.br\/cnbb-app\/wp\/v2\/media?parent=27301"}],"wp:term":[{"taxonomy":"category","embeddable":true,"href":"https:\/\/www.cnbb.org.br\/cnbb-app\/wp\/v2\/categories?post=27301"},{"taxonomy":"post_tag","embeddable":true,"href":"https:\/\/www.cnbb.org.br\/cnbb-app\/wp\/v2\/tags?post=27301"}],"curies":[{"name":"wp","href":"https:\/\/api.w.org\/{rel}","templated":true}]}}