{"id":27306,"date":"2012-10-23T00:00:00","date_gmt":"2012-10-23T02:00:00","guid":{"rendered":"https:\/\/www.cnbb.org.br\/delegacao-vaticana-ira-a-siria-depois-do-sinodo\/"},"modified":"2012-10-23T00:00:00","modified_gmt":"2012-10-23T02:00:00","slug":"delegacao-vaticana-ira-a-siria-depois-do-sinodo","status":"publish","type":"post","link":"https:\/\/www.cnbb.org.br\/delegacao-vaticana-ira-a-siria-depois-do-sinodo\/","title":{"rendered":"Delega\u00e7\u00e3o vaticana ir\u00e1 \u00e0 S\u00edria depois do S\u00ednodo"},"content":{"rendered":"<p style=\"text-align: justify\">O S\u00ednodo dos Bispos apresentou, nesta ter\u00e7a-feira, a lista \u00fanica das proposi\u00e7\u00f5es. Trata-se de um esbo\u00e7o do documento final que ser\u00e1 emendado e votado no pr\u00f3ximo s\u00e1bado.<\/p>\n<p>  <!--more-->  <\/p>\n<p style=\"text-align: justify\">Os padres sinodais fizeram um apelo pela liberta\u00e7\u00e3o de tr\u00eas sacerdotes cat\u00f3licos seq\u00fcestrados na \u00faltima sexta-feira, na Rep\u00fablica Democr\u00e1tica do Congo (RDC). Abordado tamb\u00e9m foi o envio da delega\u00e7\u00e3o do S\u00ednodo \u00e0 S\u00edria. Tempos e modalidades dessa visita ser\u00e3o anunciados em breve. No entanto, dada a gravidade da situa\u00e7\u00e3o, o envio ser\u00e1 adiado para o final da assembleia sinodal e haver\u00e1 algumas mudan\u00e7as na composi\u00e7\u00e3o da delega\u00e7\u00e3o, por causa dos compromissos de seus membros. Os padres sinodais manifestaram solidariedade ao povo s\u00edrio e incentivaram aqueles que buscam uma solu\u00e7\u00e3o para o conflito, que respeite os direitos e deveres de todos.<\/p>\n<p style=\"text-align: justify\">O S\u00ednodo reiterou que a evangeliza\u00e7\u00e3o \u00e9 a miss\u00e3o da Igreja, sobretudo num mundo secularizado e globalizado que apresenta desafios cruciais, como a persegui\u00e7\u00e3o religiosa ou a indiferen\u00e7a da pr\u00f3pria religi\u00e3o. Central nesse contexto, a defesa da liberdade religiosa e os direitos humanos fundamentais, porque o Evangelho \u00e9 uma mensagem de paz que ajuda o ser humano a sair da solid\u00e3o criada pelo mundo moderno.<\/p>\n<p style=\"text-align: justify\">Outros temas abordados foram: a import\u00e2ncia do uso correto dos meios de comunica\u00e7\u00e3o por agentes formados na moral crist\u00e3, defesa dos migrantes, educa\u00e7\u00e3o, catequese para adultos, op\u00e7\u00e3o preferencial pelos pobres e doentes, Sacramento da Penit\u00eancia como n\u00facleo da a\u00e7\u00e3o pastoral da Igreja, corresponsabilidade dos leigos e jovens na nova evangeliza\u00e7\u00e3o, reconhecimento do papel das mulheres, e apoio \u00e0 fam\u00edlia, primeiro agente de evangeliza\u00e7\u00e3o. Os sacerdotes e religiosos s\u00e3o chamados a evangelizar com espiritualidade profunda e consci\u00eancia da modernidade. A salvaguarda da Cria\u00e7\u00e3o foi outro abordado pela assembleia.<\/p>\n<p style=\"text-align: justify\">Enfim, o Secret\u00e1rio-Geral do S\u00ednodo, Dom Nikola Eterovi\u0107, leu uma carta de resposta ao Bispo de Fengxiang, na China, que recentemente enviou uma mensagem de sauda\u00e7\u00e3o aos padres sinodais. O S\u00ednodo agora responde, expressando tamb\u00e9m o afeto do Santo Padre e desejando que, neste Ano da F\u00e9, a evangeliza\u00e7\u00e3o chegue tamb\u00e9m ao povo chin\u00eas.<\/p>\n<p style=\"text-align: justify\">Foi anunciado o dom do Papa aos padres sinodais: uma cruz peitoral que retrata a imagem do Bom Pastor.<\/p>\n","protected":false},"excerpt":{"rendered":"<p>O S\u00ednodo dos Bispos apresentou, nesta ter\u00e7a-feira, a lista \u00fanica das proposi\u00e7\u00f5es. Trata-se de um esbo\u00e7o do documento final que ser\u00e1 emendado e votado no pr\u00f3ximo s\u00e1bado.<\/p>\n","protected":false},"author":83,"featured_media":27307,"comment_status":"open","ping_status":"open","sticky":false,"template":"","format":"standard","meta":{"site-sidebar-layout":"default","site-content-layout":"default","ast-global-header-display":"","ast-banner-title-visibility":"","ast-main-header-display":"","ast-hfb-above-header-display":"","ast-hfb-below-header-display":"","ast-hfb-mobile-header-display":"","site-post-title":"","ast-breadcrumbs-content":"","ast-featured-img":"","footer-sml-layout":"","theme-transparent-header-meta":"","adv-header-id-meta":"","stick-header-meta":"","header-above-stick-meta":"","header-main-stick-meta":"","header-below-stick-meta":""},"categories":[784],"tags":[],"acf":[],"_links":{"self":[{"href":"https:\/\/www.cnbb.org.br\/cnbb-app\/wp\/v2\/posts\/27306"}],"collection":[{"href":"https:\/\/www.cnbb.org.br\/cnbb-app\/wp\/v2\/posts"}],"about":[{"href":"https:\/\/www.cnbb.org.br\/cnbb-app\/wp\/v2\/types\/post"}],"author":[{"embeddable":true,"href":"https:\/\/www.cnbb.org.br\/cnbb-app\/wp\/v2\/users\/83"}],"replies":[{"embeddable":true,"href":"https:\/\/www.cnbb.org.br\/cnbb-app\/wp\/v2\/comments?post=27306"}],"version-history":[{"count":0,"href":"https:\/\/www.cnbb.org.br\/cnbb-app\/wp\/v2\/posts\/27306\/revisions"}],"wp:featuredmedia":[{"embeddable":true,"href":"https:\/\/www.cnbb.org.br\/cnbb-app\/wp\/v2\/media\/27307"}],"wp:attachment":[{"href":"https:\/\/www.cnbb.org.br\/cnbb-app\/wp\/v2\/media?parent=27306"}],"wp:term":[{"taxonomy":"category","embeddable":true,"href":"https:\/\/www.cnbb.org.br\/cnbb-app\/wp\/v2\/categories?post=27306"},{"taxonomy":"post_tag","embeddable":true,"href":"https:\/\/www.cnbb.org.br\/cnbb-app\/wp\/v2\/tags?post=27306"}],"curies":[{"name":"wp","href":"https:\/\/api.w.org\/{rel}","templated":true}]}}