{"id":27343,"date":"2012-12-21T00:00:00","date_gmt":"2012-12-21T02:00:00","guid":{"rendered":"https:\/\/www.cnbb.org.br\/virtudes-heroicas-de-paulo-vi-sao-reconhecidas-pelo-vaticano\/"},"modified":"2012-12-21T00:00:00","modified_gmt":"2012-12-21T02:00:00","slug":"virtudes-heroicas-de-paulo-vi-sao-reconhecidas-pelo-vaticano","status":"publish","type":"post","link":"https:\/\/www.cnbb.org.br\/virtudes-heroicas-de-paulo-vi-sao-reconhecidas-pelo-vaticano\/","title":{"rendered":"Virtudes heroicas de Paulo VI s\u00e3o reconhecidas pelo Vaticano"},"content":{"rendered":"<p style=\"text-align: justify\">O papa Bento XVI autorizou, nesta quinta-feira, 20 de dezembro, a Congrega\u00e7\u00e3o das Causas dos Santos a promulgar os Decretos concernentes a numerosos novos Santos, entre os quais, Ant\u00f4nio Primaldo e companheiros, mais de 800, assassinados por \u00f3dio \u00e0 f\u00e9 durante o ass\u00e9dio turco de Otranto \u2013 sul da It\u00e1lia \u2013 em 1480; concernentes tamb\u00e9m a 40 novos Beatos, entre os quais muitos m\u00e1rtires durante a guerra civil espanhola; e tamb\u00e9m concernentes a 10 novos Vener\u00e1veis, entre os quais o Papa Paulo VI, de quem foram reconhecidas as virtudes heroicas.<\/p>\n<p><!--more--><\/p>\n<p style=\"text-align: justify\">O papa Paulo VI ficou \u00e0 frente da Igreja Cat\u00f3lica por 15 anos, entre os anos de 1963 e 1978. Um decreto assinado pelo Sumo Sacerdote tornou Paulo VI \u201cvener\u00e1vel\u201d, primeiro dos tr\u00eas passos que levam \u00e0 canoniza\u00e7\u00e3o.<\/p>\n<p style=\"text-align: justify\">Giovanni Battista Enrico Ant\u00f4nio Maria Montini, nome de batismo de Paulo VI, nasceu em 1897, na cidade de Conc\u00e9sio, na It\u00e1lia. Ele foi respons\u00e1vel por dar continuidade ao Conc\u00edlio do Vaticano II, ap\u00f3s o falecimento do papa Jo\u00e3o XXIII.<\/p>\n<p style=\"text-align: justify\">Paulo VI \u00e9 lembrado pelas viagens que fez ao redor do mundo \u2014 visitou Jerusal\u00e9m, \u00cdndia, Col\u00f4mbia, Uganda, entre outros pa\u00edses \u2014 e por sua busca por um di\u00e1logo sem precedentes com outras na\u00e7\u00f5es e religi\u00f5es.<\/p>\n<p style=\"text-align: justify\">\u201cPaulo VI teve um papel muito importante para a Igreja. Foi um dos primeiros a viajar para fora da It\u00e1lia e entendeu a necessidade de mudan\u00e7as para que a Igreja voltasse a atrair os mais pobres e necessitados\u201d, atesta dom Leonardo Ulrich Steiner, bispo auxiliar da arquidiocese de Bras\u00edlia (DF).<\/p>\n<p style=\"text-align: justify\"><strong>Milagre<\/strong><\/p>\n<p style=\"text-align: justify\">A principal causa defendida para a beatifica\u00e7\u00e3o \u00e9 a cura de um feto diagnosticado com problemas cerebrais irrevers\u00edveis na Calif\u00f3rnia, Estados Unidos. Aconselhada a abortar, a m\u00e3e escolheu manter a gravidez e rezar para Paulo VI. Saud\u00e1vel, o menino completou 16 anos.<\/p>\n<p style=\"text-align: justify\">A beatifica\u00e7\u00e3o inclui Paulo VI em uma longa lista papas que tiveram um ato reconhecido pelo Vaticano como milagre. A canoniza\u00e7\u00e3o, ou cerim\u00f4nia que torna um vener\u00e1vel santo, \u00e9 atribu\u00edda ap\u00f3s o reconhecimento de ao menos dois milagres. Em maio de 2011, o papa Jo\u00e3o Paulo II foi beatificado em tempo recorde numa cerim\u00f4nia que reuniu cerca de 1 milh\u00e3o de pessoas na Pra\u00e7a S\u00e3o Pedro. Junto com Jo\u00e3o XXII e Pio IX, ele faz parte do grupo de tr\u00eas papas beatificados desde os anos 2000.<\/p>\n","protected":false},"excerpt":{"rendered":"<p>O papa Bento XVI autorizou, nesta quinta-feira, 20 de dezembro, a Congrega\u00e7\u00e3o das Causas dos Santos a promulgar os Decretos concernentes a numerosos novos Santos, entre os quais, Ant\u00f4nio Primaldo e companheiros, mais de 800, assassinados por \u00f3dio \u00e0 f\u00e9 durante o ass\u00e9dio turco de Otranto \u2013 sul da It\u00e1lia \u2013 em 1480; concernentes tamb\u00e9m &hellip;<\/p>\n<p class=\"read-more\"> <a class=\"\" href=\"https:\/\/www.cnbb.org.br\/virtudes-heroicas-de-paulo-vi-sao-reconhecidas-pelo-vaticano\/\"> <span class=\"screen-reader-text\">Virtudes heroicas de Paulo VI s\u00e3o reconhecidas pelo Vaticano<\/span> Leia mais &raquo;<\/a><\/p>\n","protected":false},"author":83,"featured_media":27344,"comment_status":"open","ping_status":"open","sticky":false,"template":"","format":"standard","meta":{"site-sidebar-layout":"default","site-content-layout":"default","ast-global-header-display":"","ast-banner-title-visibility":"","ast-main-header-display":"","ast-hfb-above-header-display":"","ast-hfb-below-header-display":"","ast-hfb-mobile-header-display":"","site-post-title":"","ast-breadcrumbs-content":"","ast-featured-img":"","footer-sml-layout":"","theme-transparent-header-meta":"","adv-header-id-meta":"","stick-header-meta":"","header-above-stick-meta":"","header-main-stick-meta":"","header-below-stick-meta":""},"categories":[784],"tags":[],"acf":[],"_links":{"self":[{"href":"https:\/\/www.cnbb.org.br\/cnbb-app\/wp\/v2\/posts\/27343"}],"collection":[{"href":"https:\/\/www.cnbb.org.br\/cnbb-app\/wp\/v2\/posts"}],"about":[{"href":"https:\/\/www.cnbb.org.br\/cnbb-app\/wp\/v2\/types\/post"}],"author":[{"embeddable":true,"href":"https:\/\/www.cnbb.org.br\/cnbb-app\/wp\/v2\/users\/83"}],"replies":[{"embeddable":true,"href":"https:\/\/www.cnbb.org.br\/cnbb-app\/wp\/v2\/comments?post=27343"}],"version-history":[{"count":0,"href":"https:\/\/www.cnbb.org.br\/cnbb-app\/wp\/v2\/posts\/27343\/revisions"}],"wp:featuredmedia":[{"embeddable":true,"href":"https:\/\/www.cnbb.org.br\/cnbb-app\/wp\/v2\/media\/27344"}],"wp:attachment":[{"href":"https:\/\/www.cnbb.org.br\/cnbb-app\/wp\/v2\/media?parent=27343"}],"wp:term":[{"taxonomy":"category","embeddable":true,"href":"https:\/\/www.cnbb.org.br\/cnbb-app\/wp\/v2\/categories?post=27343"},{"taxonomy":"post_tag","embeddable":true,"href":"https:\/\/www.cnbb.org.br\/cnbb-app\/wp\/v2\/tags?post=27343"}],"curies":[{"name":"wp","href":"https:\/\/api.w.org\/{rel}","templated":true}]}}