{"id":27346,"date":"2012-12-27T00:00:00","date_gmt":"2012-12-27T02:00:00","guid":{"rendered":"https:\/\/www.cnbb.org.br\/bento-xvi-convida-cristaos-a-serem-testemunhas-convictas-e-corajosas\/"},"modified":"2012-12-27T00:00:00","modified_gmt":"2012-12-27T02:00:00","slug":"bento-xvi-convida-cristaos-a-serem-testemunhas-convictas-e-corajosas","status":"publish","type":"post","link":"https:\/\/www.cnbb.org.br\/bento-xvi-convida-cristaos-a-serem-testemunhas-convictas-e-corajosas\/","title":{"rendered":"Bento XVI convida crist\u00e3os a serem testemunhas convictas e corajosas"},"content":{"rendered":"<p style=\"text-align: center\">\n<p style=\"text-align: justify\"><span id=\"content2\" style=\"color: #282828;font-size: 12px;line-height: 150%\">Ao meio-dia da \u00faltima quarta-feira, 26 de dezembro, Bento XVI assomou \u00e0 janela de seus aposentos \u2013 que d\u00e1 para a Pra\u00e7a S\u00e3o Pedro \u2013 para a ora\u00e7\u00e3o do <em>Angelus<\/em>.<br \/><\/span><\/p>\n<p style=\"text-align: justify\">  <!--more-->  <\/p>\n<p style=\"text-align: justify\"><span id=\"content2\" style=\"color: #282828;text-align: justify;font-size: 12px;line-height: 150%\">A  exemplo de Santo Estev\u00e3o, &#8220;dar um testemunho convicto e corajoso&#8221;: foi o  convite do Pont\u00edfice, na ora\u00e7\u00e3o mariana, a todos os crist\u00e3os.<\/p>\n<p>&#8220;Primeiro  m\u00e1rtir&#8221;, &#8220;homem cheio de gra\u00e7a&#8221;, o di\u00e1cono Santo Estev\u00e3o &#8220;operou, falou  e morreu animado pelo Esp\u00edrito Santo, testemunhando o amor de Cristo  at\u00e9 o extremo sacrif\u00edcio&#8221;, realizando plenamente \u2013 recordou Bento XVI \u2013 a  promessa de Jesus \u00e0queles &#8220;fi\u00e9is chamados a dar testemunho em  circunst\u00e2ncias dif\u00edceis e perigosas, n\u00e3o ser\u00e3o abandonados e indefesos&#8221;.  Toda a vida de Santo Estev\u00e3o &#8220;\u00e9 inteiramente plasmada por Deus,  conformada a Cristo&#8221;, e, como Ele, soube perdoar os seus inimigos:  &#8220;Senhor \u2013 pediu no momento da morte \u2013, n\u00e3o lhe impute este pecado&#8221;.<\/p>\n<p>&#8220;<em>Deixar-se  atrair por Cristo, como fez Santo Estev\u00e3o, significa abrir a pr\u00f3pria  vida \u00e0 luz que a evoca, a orienta e a faz percorrer o caminho do bem, o  caminho de uma humanidade segundo o des\u00edgnio de amor de Deus.<\/em>&#8220;<\/p>\n<p>Santo Estev\u00e3o &#8220;modelo para todos aqueles que querem colocar-se a servi\u00e7o da nova evangeliza\u00e7\u00e3o&#8221;.<\/p>\n<p><\/span><span id=\"content2\" style=\"color: #282828;font-size: 12px;line-height: 150%\">&#8220;<em>Ele  demonstra que a novidade do an\u00fancio n\u00e3o consiste primariamente no uso  de m\u00e9todos ou t\u00e9cnicas originais, que certamente t\u00eam a sua utilidade,  mas no ser repleto do Esp\u00edrito Santo e deixar-se conduzir por Ele.<\/em>&#8220;<\/span><br \/><span id=\"content2\" style=\"color: #282828;text-align: justify;font-size: 12px;line-height: 150%\"><\/span><span id=\"content2\" style=\"color: #282828;text-align: justify;font-size: 12px;line-height: 150%\"><br \/>E, portanto, &#8220;a novidade do an\u00fancio est\u00e1 na profundidade da imers\u00e3o no mist\u00e9rio de Cristo, na assimila\u00e7\u00e3o da sua Palavra&#8230;&#8221;<\/p>\n<p>&#8220;<em>Substancialmente,  o evangelizador torna-se capaz de levar Cristo aos outros de modo  eficaz quando vive de Cristo, quando a novidade do Evangelho se  manifesta em sua pr\u00f3pria vida.<\/em>&#8220;<\/p>\n<p>Em seguida, o Papa fez uma invoca\u00e7\u00e3o a Nossa Senhora:<\/p>\n<p>&#8220;<em>Rezemos  \u00e0 Virgem Maria, a fim de que a Igreja, neste Ano da F\u00e9, veja  multiplicarem-se os homens e as mulheres que, como Santo Estev\u00e3o, sabem  dar um testemunho convicto e corajoso do Senhor Jesus.<\/em>&#8220;<\/p>\n<p>Ap\u00f3s a  ora\u00e7\u00e3o mariana, o Pont\u00edfice saudou, em v\u00e1rias l\u00ednguas, os fi\u00e9is e  peregrinos reunidos na Pra\u00e7a S\u00e3o Pedro e a todos desejou &#8220;uma boa festa,  na luz e na paz do Natal do Senhor&#8221;.<\/p>\n<p>Eis o que disse na sauda\u00e7\u00e3o aos fi\u00e9is e peregrinos de l\u00edngua portuguesa:<br \/><\/span><span id=\"content2\" style=\"color: #282828;text-align: justify;font-size: 12px;line-height: 150%\"><\/span><\/p>\n<p style=\"text-align: justify\"><span id=\"content2\" style=\"color: #282828;text-align: justify;font-size: 12px;line-height: 150%\"><\/span><span id=\"content2\" style=\"color: #282828;text-align: justify;font-size: 12px;line-height: 150%\">&#8220;<em>Com  afeto, sa\u00fado tamb\u00e9m os peregrinos de l\u00edngua portuguesa, desejando que  esta vinda a Roma encha de paz e alegria natal\u00edcia os vossos cora\u00e7\u00f5es,  com uma viva ades\u00e3o a Cristo como fez Santo Est\u00eav\u00e3o: Confiai no seu  poder, deixai agir a sua gra\u00e7a! De cora\u00e7\u00e3o vos agrade\u00e7o e aben\u00e7oo.<\/em>&#8220;<\/p>\n<p>O Santo Padre concedeu a todos a sua B\u00ean\u00e7\u00e3o apost\u00f3lica.<\/span><\/p>\n","protected":false},"excerpt":{"rendered":"<p>Ao meio-dia da \u00faltima quarta-feira, 26 de dezembro, Bento XVI assomou \u00e0 janela de seus aposentos \u2013 que d\u00e1 para a Pra\u00e7a S\u00e3o Pedro \u2013 para a ora\u00e7\u00e3o do Angelus.<\/p>\n","protected":false},"author":83,"featured_media":27347,"comment_status":"open","ping_status":"open","sticky":false,"template":"","format":"standard","meta":{"site-sidebar-layout":"default","site-content-layout":"default","ast-global-header-display":"","ast-banner-title-visibility":"","ast-main-header-display":"","ast-hfb-above-header-display":"","ast-hfb-below-header-display":"","ast-hfb-mobile-header-display":"","site-post-title":"","ast-breadcrumbs-content":"","ast-featured-img":"","footer-sml-layout":"","theme-transparent-header-meta":"","adv-header-id-meta":"","stick-header-meta":"","header-above-stick-meta":"","header-main-stick-meta":"","header-below-stick-meta":""},"categories":[784],"tags":[],"acf":[],"_links":{"self":[{"href":"https:\/\/www.cnbb.org.br\/cnbb-app\/wp\/v2\/posts\/27346"}],"collection":[{"href":"https:\/\/www.cnbb.org.br\/cnbb-app\/wp\/v2\/posts"}],"about":[{"href":"https:\/\/www.cnbb.org.br\/cnbb-app\/wp\/v2\/types\/post"}],"author":[{"embeddable":true,"href":"https:\/\/www.cnbb.org.br\/cnbb-app\/wp\/v2\/users\/83"}],"replies":[{"embeddable":true,"href":"https:\/\/www.cnbb.org.br\/cnbb-app\/wp\/v2\/comments?post=27346"}],"version-history":[{"count":0,"href":"https:\/\/www.cnbb.org.br\/cnbb-app\/wp\/v2\/posts\/27346\/revisions"}],"wp:featuredmedia":[{"embeddable":true,"href":"https:\/\/www.cnbb.org.br\/cnbb-app\/wp\/v2\/media\/27347"}],"wp:attachment":[{"href":"https:\/\/www.cnbb.org.br\/cnbb-app\/wp\/v2\/media?parent=27346"}],"wp:term":[{"taxonomy":"category","embeddable":true,"href":"https:\/\/www.cnbb.org.br\/cnbb-app\/wp\/v2\/categories?post=27346"},{"taxonomy":"post_tag","embeddable":true,"href":"https:\/\/www.cnbb.org.br\/cnbb-app\/wp\/v2\/tags?post=27346"}],"curies":[{"name":"wp","href":"https:\/\/api.w.org\/{rel}","templated":true}]}}