{"id":27350,"date":"2013-01-01T00:00:00","date_gmt":"2013-01-01T02:00:00","guid":{"rendered":"https:\/\/www.cnbb.org.br\/solenidade-da-mae-de-deus-qo-homem-e-feito-para-a-paz-que-e-dom-de-deusq-disse-o-papa\/"},"modified":"2013-01-01T00:00:00","modified_gmt":"2013-01-01T02:00:00","slug":"solenidade-da-mae-de-deus-qo-homem-e-feito-para-a-paz-que-e-dom-de-deusq-disse-o-papa","status":"publish","type":"post","link":"https:\/\/www.cnbb.org.br\/solenidade-da-mae-de-deus-qo-homem-e-feito-para-a-paz-que-e-dom-de-deusq-disse-o-papa\/","title":{"rendered":"Papa celebra solenidade da M\u00e3e de Deus"},"content":{"rendered":"<p style=\"text-align: justify\"><span id=\"content2\" style=\"color: #282828;text-align: justify;font-size: 12px;line-height: 150%\">Bento XVI celebrou na manh\u00e3 deste 1\u00ba dia de 2013, na Bas\u00edlica de  S\u00e3o Pedro, a Missa da Solenidade de Maria Sant\u00edssima, a Santa M\u00e3e de  Deus. O Papa recebeu os diplomatas que representam seus pa\u00edses junto \u00e0 Santa S\u00e9 e lembrou que hoje tamb\u00e9m \u00e9 o Dia Mundial da Paz.<\/span><\/p>\n<p style=\"text-align: justify\"><span style=\"color: #282828;text-align: justify;font-size: 12px;line-height: 150%\"> <\/span><\/p>\n<p>  <!--more-->  <\/p>\n<p style=\"text-align: justify\"><span id=\"content2\" style=\"color: #282828;text-align: justify;font-size: 12px;line-height: 150%\"> <\/span><\/p>\n<p style=\"text-align: justify\"><span id=\"content2\" style=\"color: #282828;text-align: justify;font-size: 12px;line-height: 150%\">No in\u00edcio de sua homilia, o Santo Padre destacou como \u201c\u00e9  particularmente significativo que no in\u00edcio de cada novo ano Deus  projeta sobre n\u00f3s, seu povo, a luminosidade de seu santo Nome que \u00e9  pronunciado tr\u00eas vezes na solene f\u00f3rmula da b\u00ean\u00e7\u00e3o b\u00edblica. E n\u00e3o menos  significativo \u00e9 que ao Verbo de Deus \u2013 que &lt;&lt;se fez carne e veio  habituar no meio de n\u00f3s&gt;&gt; como a &lt;&lt;luz verdadeira, que  ilumina todo homem&gt;&gt; \u2013 seja dado oito dias ap\u00f3s o seu natal \u2013 como  nos narra o Evangelho de hoje \u2013 o nome de Jesus\u201d. &#8220;\u00c9 por este nome que  estamos aqui reunidos.\u201d<\/span><\/p>\n<p style=\"text-align: justify\"><span id=\"content2\" style=\"color: #282828;text-align: justify;font-size: 12px;line-height: 150%\"> <\/span><\/p>\n<p style=\"text-align: justify\"><span id=\"content2\" style=\"color: #282828;text-align: justify;font-size: 12px;line-height: 150%\">Ap\u00f3s, Bento XVI saudou os presentes,  come\u00e7ando pelos Embaixadores do Corpo diplom\u00e1tico acreditado junto \u00e0  Santa S\u00e9, seguido por seu Secret\u00e1rio de Estado, Cardeal Tarcisio  Bertone. Ao Cardeal Turkson e a todos os componentes do Pontif\u00edcio  Conselho da Justi\u00e7a e da Paz agradeceu pelo empenho em difundir a  Mensagem para o Dia Mundial da Paz, que este ano tem como tema  \u201cBem-aventurados os construtores de paz&#8221;.<\/span><\/p>\n<p style=\"text-align: justify\"><span id=\"content2\" style=\"color: #282828;text-align: justify;font-size: 12px;line-height: 150%\"> <\/span><\/p>\n<p style=\"text-align: justify\"><span id=\"content2\" style=\"color: #282828;text-align: justify;font-size: 12px;line-height: 150%\">Falando sobre a  inspira\u00e7\u00e3o para a Mensagem do Dia Mundial da Paz deste ano, baseada no  Evangelho de S\u00e3o Mateus \u2018Bem-aventurados os que promovem a paz, porque  ser\u00e3o chamados filhos de Deus\u2019, explicou o Santo Padre: \u201cinfelizmente,  apesar de o mundo ainda estar marcado por \u2018focos de tens\u00e3o e de  conflitos causados pelas crescentes desigualdades entre ricos e pobres,  pelo prevalecimento de uma mentalidade ego\u00edsta e individualista expressa  inclusive por um capitalismo financeiro desregulado\u2019, bem como por  diferentes formas de terrorismo e de criminalidade, tenho a convic\u00e7\u00e3o de  que \u2018as mult\u00edplices obras de paz, das quais o mundo \u00e9 rico, testemunham  a inata voca\u00e7\u00e3o da humanidade \u00e0 paz. Em toda pessoa o desejo de paz \u00e9  aspira\u00e7\u00e3o essencial e coincide, de certo modo, com o desejo de uma vida  plena, feliz e bem realizada. O homem \u00e9 feito para a paz que \u00e9 dom de  Deus\u201d. <\/span><\/p>\n<p style=\"text-align: justify\"><span id=\"content2\" style=\"color: #282828;text-align: justify;font-size: 12px;line-height: 150%\"> <\/span><\/p>\n<p style=\"text-align: justify\"><span id=\"content2\" style=\"color: #282828;text-align: justify;font-size: 12px;line-height: 150%\">E acrescenta: \u201ca bem-aventuran\u00e7a diz que \u2018a paz \u00e9 dom  messi\u00e2nico e obra humana ao mesmo tempo. \u00c9 paz com Deus, no viver  segundo a sua vontade. \u00c9 paz interior consigo mesmo, e paz exterior com o  pr\u00f3ximo e com toda a cria\u00e7\u00e3o\u2019. Sim, a paz \u00e9 o bem por excel\u00eancia a ser  invocado como dom de Deus e, ao mesmo tempo, a ser constru\u00edda com todo  esfor\u00e7o\u201d.<\/span><\/p>\n<p style=\"text-align: justify\"><span id=\"content2\" style=\"color: #282828;text-align: justify;font-size: 12px;line-height: 150%\"> <\/span><\/p>\n<p style=\"text-align: justify\"><span id=\"content2\" style=\"color: #282828;text-align: justify;font-size: 12px;line-height: 150%\">Ao meditar sobre o fundamento, a origem e a raiz desta  paz, Bento XVI destaca a figura de Maria, que permaneceu inabal\u00e1vel  diante de tantas dificuldades: \u201cComo podemos sentir a paz em n\u00f3s, apesar  dos problemas, das obscuridades, das ang\u00fastias? A resposta nos \u00e9 dada  pelas Leituras da liturgia de hoje. Os textos b\u00edblicos, sobretudo o  texto extra\u00eddo do Evangelho de Lucas, pouco antes proclamado, nos  prop\u00f5em contemplar a paz interior de Maria, a M\u00e3e de Jesus. Cumprem-se  para ela, durante os dias em que &lt;&lt;deu \u00e0 luz o seu filho  primog\u00eanito&gt;&gt;, muitos eventos imprevistos: n\u00e3o somente o  nascimento do Filho, mas antes a viagem cansativa de Nazar\u00e9 a Bel\u00e9m, o  n\u00e3o encontrar lugar no alojamento, a busca fortuita de um ref\u00fagio  durante a noite; e depois o canto dos anjos e a visita inesperada dos  pastores. Em tudo isso, por\u00e9m, Maria n\u00e3o se perturba, n\u00e3o se agita, n\u00e3o  fica transtornada com os fatos maiores do que ela; simplesmente pondera,  em sil\u00eancio, o que acontece, guarda-o em sua mem\u00f3ria e em seu cora\u00e7\u00e3o,  refletindo sobre eles com calma e serenidade\u201d. <\/span><\/p>\n<p style=\"text-align: justify\"><span id=\"content2\" style=\"color: #282828;text-align: justify;font-size: 12px;line-height: 150%\"> <\/span><\/p>\n<p style=\"text-align: justify\"><span id=\"content2\" style=\"color: #282828;text-align: justify;font-size: 12px;line-height: 150%\">E ressalta o  Santo Padre: \u201cEssa \u00e9 a paz interior que queremos ter em meio aos eventos  por vezes tumultuados e confusos da hist\u00f3ria, eventos dos quais muitas  vezes n\u00e3o entendemos o sentido e que nos desconcertam\u201d.<\/span><\/p>\n<p style=\"text-align: justify\"><span id=\"content2\" style=\"color: #282828;text-align: justify;font-size: 12px;line-height: 150%\"> <\/span><\/p>\n<p style=\"text-align: justify\"><span id=\"content2\" style=\"color: #282828;text-align: justify;font-size: 12px;line-height: 150%\">O Santo  Padre, explicando a identidade de Maria como M\u00e3e de Deus, disse:  \u201csegundo a Lei de Mois\u00e9s, ap\u00f3s oito dias do nascimento, a crian\u00e7a  deveria ser circuncidada, e naquele momento lhe era dado o nome. Deus  mesmo, mediante a sua mensagem, havia dito a Maria \u2013 e tamb\u00e9m a Jos\u00e9 \u2013  que o nome a ser dado ao Menino era &lt;&lt;Jesus&gt;&gt;\u201d. \u201cAquele nome  que Deus j\u00e1 havia estabelecido antes mesmo que o Menino fosse  concebido, agora lhe \u00e9 dado oficialmente no momento da circuncis\u00e3o. E  isso marca uma vez para sempre tamb\u00e9m a identidade de Maria: ela \u00e9  &lt;&lt;a m\u00e3e de Jesus&gt;&gt;, ou seja, a m\u00e3e do Salvador, do Cristo,  do Senhor. Jesus n\u00e3o \u00e9 um homem como qualquer outro, mas \u00e9 o Verbo de  Deus, uma das Pessoas divinas, o Filho de Deus: por isso a Igreja deu a  Maria o t\u00edtulo de <em>Theotokos<\/em>, isto \u00e9, &lt;&lt;M\u00e3e de Deus&gt;&gt;\u201d.<\/span><\/p>\n<p style=\"text-align: justify\"><span id=\"content2\" style=\"color: #282828;text-align: justify;font-size: 12px;line-height: 150%\"> <\/span><\/p>\n<p style=\"text-align: justify\"><span id=\"content2\" style=\"color: #282828;text-align: justify;font-size: 12px;line-height: 150%\">E  recorda Bento XVI, referindo-se \u00e0 primeira Leitura: \u201ca paz \u00e9 dom de  Deus e est\u00e1 ligada ao esplendor do rosto de Deus, segundo o texto do  Livro dos <em>N\u00fameros<\/em>, que transmite a b\u00ean\u00e7\u00e3o usada pelos sacerdotes  do povo de Israel nas assembl\u00e9ias lit\u00fargicas\u201d. \u201cDa contempla\u00e7\u00e3o da face  Deus nascem alegria, seguran\u00e7a e paz\u201d. <\/span><\/p>\n<p style=\"text-align: justify\"><span id=\"content2\" style=\"color: #282828;text-align: justify;font-size: 12px;line-height: 150%\"> <\/span><\/p>\n<p style=\"text-align: justify\"><span id=\"content2\" style=\"color: #282828;text-align: justify;font-size: 12px;line-height: 150%\">Ent\u00e3o Bento XVI explicou o  significado concreto do contemplar a face do Senhor: \u201cSignifica  conhec\u00ea-lo diretamente, por quanto \u00e9 poss\u00edvel nesta vida, mediante Jesus  Cristo, no que se revelou. Gozar do esplendor da face de Deus significa  penetrar no mist\u00e9rio do seu Nome a n\u00f3s manifestado por Jesus,  compreender algo da sua vida \u00edntima e da sua vontade, a fim de que  possamos viver segundo o seu des\u00edgnio de amor sobre a humanidade\u201d. \u201cO  Filho de Deus feito carne fez-nos conhecer o Pai, fez-nos perceber em  sua face humana vis\u00edvel a face invis\u00edvel do Pai; atrav\u00e9s do dom do  Esp\u00edrito Santo derramado em nossos cora\u00e7\u00f5es, fez-nos conhecer que n&#8217;Ele  tamb\u00e9m n\u00f3s somos filhos de Deus\u201d.<\/span><\/p>\n<p style=\"text-align: justify\"><span id=\"content2\" style=\"color: #282828;text-align: justify;font-size: 12px;line-height: 150%\"> <\/span><\/p>\n<p style=\"text-align: justify\"><span id=\"content2\" style=\"color: #282828;text-align: justify;font-size: 12px;line-height: 150%\">E o Santo Padre acrescentou que  a contempla\u00e7\u00e3o do esplendor da face de Deus Pai em Jesus Cristo, que  nos torna tamb\u00e9m filhos, nos d\u00e1 \u201ca mesma seguran\u00e7a que o menino tem nos  bra\u00e7os de um pai bom e onipotente\u201d, e \u00e9 nesta contempla\u00e7\u00e3o que reside \u201co  princ\u00edpio daquela paz profunda &#8211; &lt;&lt;paz com Deus&gt;&gt; &#8211; que  est\u00e1 indissoluvelmente ligada \u00e0 f\u00e9 e \u00e0 gra\u00e7a\u201d. \u201cNada pode tirar dos  fi\u00e9is esta paz, nem mesmo as dificuldades e os sofrimentos da vida\u201d.<\/span><\/p>\n<p style=\"text-align: justify\"><span id=\"content2\" style=\"color: #282828;text-align: justify;font-size: 12px;line-height: 150%\"> <\/span><\/p>\n<p style=\"text-align: justify\"><span id=\"content2\" style=\"color: #282828;text-align: justify;font-size: 12px;line-height: 150%\">Por  fim, o Pont\u00edfice pediu a Virgem Maria, venerada hoje com o t\u00edtulo de  M\u00e3e de Deus, que nos ajude a contemplar a face de Jesus, Pr\u00edncipe da  Paz. \u201cQue nos auxilie e nos acompanhe neste novo ano; alcance para n\u00f3s e  para o mundo inteiro o dom da paz\u201d.<\/span><\/p>\n","protected":false},"excerpt":{"rendered":"<p>Bento XVI celebrou na manh\u00e3 deste 1\u00ba dia de 2013, na Bas\u00edlica de S\u00e3o Pedro, a Missa da Solenidade de Maria Sant\u00edssima, a Santa M\u00e3e de Deus. O Papa recebeu os diplomatas que representam seus pa\u00edses junto \u00e0 Santa S\u00e9 e lembrou que hoje tamb\u00e9m \u00e9 o Dia Mundial da Paz.<\/p>\n","protected":false},"author":83,"featured_media":27351,"comment_status":"open","ping_status":"open","sticky":false,"template":"","format":"standard","meta":{"site-sidebar-layout":"default","site-content-layout":"default","ast-global-header-display":"","ast-banner-title-visibility":"","ast-main-header-display":"","ast-hfb-above-header-display":"","ast-hfb-below-header-display":"","ast-hfb-mobile-header-display":"","site-post-title":"","ast-breadcrumbs-content":"","ast-featured-img":"","footer-sml-layout":"","theme-transparent-header-meta":"","adv-header-id-meta":"","stick-header-meta":"","header-above-stick-meta":"","header-main-stick-meta":"","header-below-stick-meta":""},"categories":[784],"tags":[],"acf":[],"_links":{"self":[{"href":"https:\/\/www.cnbb.org.br\/cnbb-app\/wp\/v2\/posts\/27350"}],"collection":[{"href":"https:\/\/www.cnbb.org.br\/cnbb-app\/wp\/v2\/posts"}],"about":[{"href":"https:\/\/www.cnbb.org.br\/cnbb-app\/wp\/v2\/types\/post"}],"author":[{"embeddable":true,"href":"https:\/\/www.cnbb.org.br\/cnbb-app\/wp\/v2\/users\/83"}],"replies":[{"embeddable":true,"href":"https:\/\/www.cnbb.org.br\/cnbb-app\/wp\/v2\/comments?post=27350"}],"version-history":[{"count":0,"href":"https:\/\/www.cnbb.org.br\/cnbb-app\/wp\/v2\/posts\/27350\/revisions"}],"wp:featuredmedia":[{"embeddable":true,"href":"https:\/\/www.cnbb.org.br\/cnbb-app\/wp\/v2\/media\/27351"}],"wp:attachment":[{"href":"https:\/\/www.cnbb.org.br\/cnbb-app\/wp\/v2\/media?parent=27350"}],"wp:term":[{"taxonomy":"category","embeddable":true,"href":"https:\/\/www.cnbb.org.br\/cnbb-app\/wp\/v2\/categories?post=27350"},{"taxonomy":"post_tag","embeddable":true,"href":"https:\/\/www.cnbb.org.br\/cnbb-app\/wp\/v2\/tags?post=27350"}],"curies":[{"name":"wp","href":"https:\/\/api.w.org\/{rel}","templated":true}]}}