{"id":27367,"date":"2013-01-23T00:00:00","date_gmt":"2013-01-23T02:00:00","guid":{"rendered":"https:\/\/www.cnbb.org.br\/sacerdote-brasileiro-e-novo-diretor-do-centro-televisivo-vaticano\/"},"modified":"2013-01-23T00:00:00","modified_gmt":"2013-01-23T02:00:00","slug":"sacerdote-brasileiro-e-novo-diretor-do-centro-televisivo-vaticano","status":"publish","type":"post","link":"https:\/\/www.cnbb.org.br\/sacerdote-brasileiro-e-novo-diretor-do-centro-televisivo-vaticano\/","title":{"rendered":"Sacerdote brasileiro \u00e9 novo diretor do Centro Televisivo Vaticano"},"content":{"rendered":"<p style=\"text-align: justify\">O Vaticano anunciou dia 22 de janeiro, duas importantes nomea\u00e7\u00f5es no campo das comunica\u00e7\u00f5es. Bento XVI designou o padre Dario Edoardo Vigan\u00f3 como diretor do Centro Televisivo Vaticano (CTV), cargo at\u00e9 agora ocupado pelo diretor da R\u00e1dio Vaticano, padre Federico Lombardi.<\/p>\n<p><!--more--><\/p>\n<p style=\"text-align: justify\">O Santo Padre nomeou tamb\u00e9m o leigo Angelo Scelzo, atual vice-secret\u00e1rio do Pontif\u00edcio Conselho das Comunica\u00e7\u00f5es Sociais como vice-diretor da Sala de Imprensa da Santa S\u00e9.<\/p>\n<p style=\"text-align: justify\">Monsenhor Dario Edoardo Vigan\u00f3, 51 anos, \u00e9 natural do Rio de Janeiro, membro do clero da arquidiocese de Mil\u00e3o e professor do Instituto Pastoral \u201cRedemptor Hominis\u201d da Pontif\u00edcia Universidade Lateranense, em Roma.<\/p>\n<p style=\"text-align: justify\">O Centro Televisivo Vaticano (CTV) foi criado em 1983 e tem como miss\u00e3o difundir com imagens o Evangelho, o minist\u00e9rio pastoral do Pont\u00edfice e as atividades da Santa S\u00e9. Programa uma m\u00e9dia anual de 200 eventos ao vivo, entre celebra\u00e7\u00f5es na Pra\u00e7a S\u00e3o Pedro, na Bas\u00edlica de S\u00e3o Pedro, na Sala Paulo VI, audi\u00eancias p\u00fablicas do Papa e Angelus dirigidos pelo Pont\u00edfice.<\/p>\n<p style=\"text-align: justify\">Desde 2010 transmite integralmente em alta defini\u00e7\u00e3o, medida adotada \u2013 segundo explicou padre Lombardi na \u00e9poca \u2013 para adequar-se aos tempos, pois \u201cse n\u00e3o o fiz\u00e9ssemos, a imagem do Papa sairia gradualmente do mundo televisivo nos pr\u00f3ximos anos\u201d.<\/p>\n<p style=\"text-align: justify\">Padre Federico Lombardi, 70 anos, jesu\u00edta, continua dirigindo a Sala de Imprensa da Santa S\u00e9 e a R\u00e1dio Vaticano.<\/p>\n","protected":false},"excerpt":{"rendered":"<p>O Vaticano anunciou dia 22 de janeiro, duas importantes nomea\u00e7\u00f5es no campo das comunica\u00e7\u00f5es. Bento XVI designou o padre Dario Edoardo Vigan\u00f3 como diretor do Centro Televisivo Vaticano (CTV), cargo at\u00e9 agora ocupado pelo diretor da R\u00e1dio Vaticano, padre Federico Lombardi.<\/p>\n","protected":false},"author":83,"featured_media":27368,"comment_status":"open","ping_status":"open","sticky":false,"template":"","format":"standard","meta":{"site-sidebar-layout":"default","site-content-layout":"default","ast-global-header-display":"","ast-banner-title-visibility":"","ast-main-header-display":"","ast-hfb-above-header-display":"","ast-hfb-below-header-display":"","ast-hfb-mobile-header-display":"","site-post-title":"","ast-breadcrumbs-content":"","ast-featured-img":"","footer-sml-layout":"","theme-transparent-header-meta":"","adv-header-id-meta":"","stick-header-meta":"","header-above-stick-meta":"","header-main-stick-meta":"","header-below-stick-meta":""},"categories":[784],"tags":[],"acf":[],"_links":{"self":[{"href":"https:\/\/www.cnbb.org.br\/cnbb-app\/wp\/v2\/posts\/27367"}],"collection":[{"href":"https:\/\/www.cnbb.org.br\/cnbb-app\/wp\/v2\/posts"}],"about":[{"href":"https:\/\/www.cnbb.org.br\/cnbb-app\/wp\/v2\/types\/post"}],"author":[{"embeddable":true,"href":"https:\/\/www.cnbb.org.br\/cnbb-app\/wp\/v2\/users\/83"}],"replies":[{"embeddable":true,"href":"https:\/\/www.cnbb.org.br\/cnbb-app\/wp\/v2\/comments?post=27367"}],"version-history":[{"count":0,"href":"https:\/\/www.cnbb.org.br\/cnbb-app\/wp\/v2\/posts\/27367\/revisions"}],"wp:featuredmedia":[{"embeddable":true,"href":"https:\/\/www.cnbb.org.br\/cnbb-app\/wp\/v2\/media\/27368"}],"wp:attachment":[{"href":"https:\/\/www.cnbb.org.br\/cnbb-app\/wp\/v2\/media?parent=27367"}],"wp:term":[{"taxonomy":"category","embeddable":true,"href":"https:\/\/www.cnbb.org.br\/cnbb-app\/wp\/v2\/categories?post=27367"},{"taxonomy":"post_tag","embeddable":true,"href":"https:\/\/www.cnbb.org.br\/cnbb-app\/wp\/v2\/tags?post=27367"}],"curies":[{"name":"wp","href":"https:\/\/api.w.org\/{rel}","templated":true}]}}