{"id":27372,"date":"2013-01-24T00:00:00","date_gmt":"2013-01-24T02:00:00","guid":{"rendered":"https:\/\/www.cnbb.org.br\/abrir-o-livro\/"},"modified":"2013-01-24T00:00:00","modified_gmt":"2013-01-24T02:00:00","slug":"abrir-o-livro","status":"publish","type":"post","link":"https:\/\/www.cnbb.org.br\/abrir-o-livro\/","title":{"rendered":"Abrir o livro"},"content":{"rendered":"<p style=\"text-align: right\"><strong><span style=\"font-size: 12pt\">Dom Jos\u00e9 Alberto Moura<br \/>Arcebispo de Montes Claros<\/span><\/strong><\/p>\n<p style=\"text-align: justify\">Depois da volta dos judeus exilados na Babil\u00f4nia para sua terra, o sacerdote Esdras abriu o livro sagrado e o leu para o povo para a comunidade. O \u00e2nimo, a emo\u00e7\u00e3o e a alegria\u00a0\u00a0\u00a0\u00a0 tomaram conta do povo, que manifestou seu agrado e assentimento (Cf. Neemias 8,2-10). Foi como decretar a restaura\u00e7\u00e3o de sua identidade de fam\u00edlia e na\u00e7\u00e3o.<\/p>\n<p>  <!--more-->  <\/p>\n<p style=\"text-align: justify\">O batismo nos configura com uma esp\u00e9cie de DNA do amor de Deus e nos faz irm\u00e3os e irm\u00e3s, com\u00a0 caracter\u00edsticas diferenciadas, mas todos unidos como as diversas partes do mesmo corpo.\u00a0 Sobre isso\u00a0 Paulo lembra:\u00a0 \u201cV\u00f3s, todos justos, sois o corpo de Cristo e, individualmente, sois membros desse corpo\u201d (Cf. 1 Cor\u00edntios 12,27).\u00a0 Basta abrirmos o livro das Escrituras Sagradas para vermos a identidade da Fam\u00edlia de Cristo, com vontade de segui-la e a valorizarmos na pr\u00e1tica. Ent\u00e3o percebemos que n\u00e3o contamos s\u00f3 com nossas for\u00e7as para enfrentarmos os desafios da vida. Quem se fecha em sua religiosidade isolada perde a propuls\u00e3o advinda da fonte de energia deixada pelo Filho de Deus em sua Igreja. O isolamento de quem quer ser a pr\u00f3pria regra da religi\u00e3o faz a pessoa ser como uma bateria fraca e at\u00e9 descarregada, n\u00e3o conseguindo sustentar sua energia da vida.<\/p>\n<p style=\"text-align: justify\">Na for\u00e7a da Palavra e de demais ensinamentos apost\u00f3licos temos a linha mestra segura que nos identifica com Cristo e nos coloca em seu caminho de vida. Deste modo,\u00a0 atingimos melhor a raz\u00e3o de ser de nossa caminhada existencial. Lucas apresenta o itiner\u00e1rio de Jesus: \u201cAp\u00f3s fazer um estudo cuidadoso de tudo o que aconteceu desde o princ\u00edpio, tamb\u00e9m eu decidi escrever de modo ordenado para ti&#8230; poder\u00e1s verificar a solidez dos ensinamentos que recebeste\u201d (Lucas 1,3.4).\u00a0 Este mesmo autor sagrado lembra que\u00a0 Jesus abriu o livro de Isa\u00edas e leu o texto que o pr\u00f3prio Mestre aplicou a si: \u201cHoje se cumpriu esta passagem da Escritura que acabastes de ouvir\u201d (Lucas 1,21). O profeta citado falava sobre o Cristo, ou o Ungido de Deus, que veio proclamar uma nova conviv\u00eancia na sociedade, em que os deixados de lado superariam suas exclus\u00f5es e teriam vida mais saud\u00e1vel em todas as dimens\u00f5es. Os pobres seriam mais atendidos e teriam supridas suas necessidades. Enfim, aconteceria a liberta\u00e7\u00e3o das opress\u00f5es.<\/p>\n<p style=\"text-align: justify\">Ler na cartilha de Jesus faz-nos fortes na f\u00e9 e na uni\u00e3o. Superamos os des\u00e2nimos. Assumimos a miss\u00e3o de levar a todos o que Ele nos indica, sendo luz para tantos que n\u00e3o enxergam o sentido da vida e est\u00e3o presos nas suas idolatrias do consumismo e materialismo. O Livro da Palavra Divina, lido, praticado e ensinado, forma o car\u00e1ter da pessoa para a pr\u00e1tica da justi\u00e7a, do bem ao pr\u00f3ximo e da luta para a conviv\u00eancia em que todos sejam contemplados pelo amor.\u00a0 Desta forma, todos se sentem solid\u00e1rios e correspons\u00e1veis pela supera\u00e7\u00e3o de tudo o que diminui o valor da vida e da pessoa humana.<\/p>\n","protected":false},"excerpt":{"rendered":"<p>Dom Jos\u00e9 Alberto MouraArcebispo de Montes Claros Depois da volta dos judeus exilados na Babil\u00f4nia para sua terra, o sacerdote Esdras abriu o livro sagrado e o leu para o povo para a comunidade. O \u00e2nimo, a emo\u00e7\u00e3o e a alegria\u00a0\u00a0\u00a0\u00a0 tomaram conta do povo, que manifestou seu agrado e assentimento (Cf. Neemias 8,2-10). Foi &hellip;<\/p>\n<p class=\"read-more\"> <a class=\"\" href=\"https:\/\/www.cnbb.org.br\/abrir-o-livro\/\"> <span class=\"screen-reader-text\">Abrir o livro<\/span> Leia mais &raquo;<\/a><\/p>\n","protected":false},"author":83,"featured_media":0,"comment_status":"open","ping_status":"open","sticky":false,"template":"","format":"standard","meta":{"site-sidebar-layout":"default","site-content-layout":"default","ast-global-header-display":"","ast-banner-title-visibility":"","ast-main-header-display":"","ast-hfb-above-header-display":"","ast-hfb-below-header-display":"","ast-hfb-mobile-header-display":"","site-post-title":"","ast-breadcrumbs-content":"","ast-featured-img":"","footer-sml-layout":"","theme-transparent-header-meta":"","adv-header-id-meta":"","stick-header-meta":"","header-above-stick-meta":"","header-main-stick-meta":"","header-below-stick-meta":""},"categories":[784],"tags":[],"acf":[],"_links":{"self":[{"href":"https:\/\/www.cnbb.org.br\/cnbb-app\/wp\/v2\/posts\/27372"}],"collection":[{"href":"https:\/\/www.cnbb.org.br\/cnbb-app\/wp\/v2\/posts"}],"about":[{"href":"https:\/\/www.cnbb.org.br\/cnbb-app\/wp\/v2\/types\/post"}],"author":[{"embeddable":true,"href":"https:\/\/www.cnbb.org.br\/cnbb-app\/wp\/v2\/users\/83"}],"replies":[{"embeddable":true,"href":"https:\/\/www.cnbb.org.br\/cnbb-app\/wp\/v2\/comments?post=27372"}],"version-history":[{"count":0,"href":"https:\/\/www.cnbb.org.br\/cnbb-app\/wp\/v2\/posts\/27372\/revisions"}],"wp:attachment":[{"href":"https:\/\/www.cnbb.org.br\/cnbb-app\/wp\/v2\/media?parent=27372"}],"wp:term":[{"taxonomy":"category","embeddable":true,"href":"https:\/\/www.cnbb.org.br\/cnbb-app\/wp\/v2\/categories?post=27372"},{"taxonomy":"post_tag","embeddable":true,"href":"https:\/\/www.cnbb.org.br\/cnbb-app\/wp\/v2\/tags?post=27372"}],"curies":[{"name":"wp","href":"https:\/\/api.w.org\/{rel}","templated":true}]}}